{"id":15550,"date":"2021-09-28T22:52:27","date_gmt":"2021-09-28T20:52:27","guid":{"rendered":"https:\/\/ahrweilerbc.com\/?p=15550"},"modified":"2021-09-28T22:52:27","modified_gmt":"2021-09-28T20:52:27","slug":"thueringer-traditionsklub-vfl-28-ellrich-zu-besuch-beim-ahrweiler-bc","status":"publish","type":"post","link":"https:\/\/new.ahrweilerbc.de\/en\/allgemein\/thueringer-traditionsklub-vfl-28-ellrich-zu-besuch-beim-ahrweiler-bc\/","title":{"rendered":"++TH\u00dcRINGER TRADITIONSKLUB VFL 28 ELLRICH ZU BESUCH BEIM AHRWEILER BC ++"},"content":{"rendered":"<p>\u201eDie Bilder vom Flutgebiet haben uns nicht mehr losgelassen und uns war direkt klar, dass wir als Sportverein mit einer gro\u00dfen Fu\u00dfballsparte dort ebenfalls einen Fu\u00dfballverein unterst\u00fctzen wollten\u201c, erkl\u00e4rt Marcel Pezely vom VfL Ellrich einem in 1928 gegr\u00fcndeten \u00fcber 500 Mitglieder umfassenden Sportverein aus dem Norden Th\u00fcringens. Umgehend begannen die Vorbereitungen zu einem Benefizspiel der einheimischen Kicker gegen ein Allstar-Team von Wacker 90 Nordhausen, bei dem insgesamt die stattliche Summe von 3333,00\u20ac zusammenkam. \u201eEs war einfach nur toll, wie sehr die Aktion die Freunde rund um den VfL mobilisierte\u201c, meinte Pezely, der anschlie\u00dfend pers\u00f6nlich ins Ahrtal reiste um die Spenden zu \u00fcbergeben. \u201eSelbst nach mehreren Wochen kann man die Zerst\u00f6rung vor Ort und in der gesamten Stadt kaum fassen. Das wird noch lange dauern, bis hier wieder Fu\u00dfball gespielt werden kann\u201c, so Pezely, der aktuell als Assistenztrainer der ersten Mannschaft des VfL t\u00e4tig ist. \u201eWir sind so dankbar, dass Vereine wie der VfL 28 Ellrich und Menschen wie Marcel Pezely bereit sind, uns unter die Arme zu greifen\u201c, meint ABC-Pressewart und Vorstandsmitglied Martin Brand. Der Dank des gesamten Ahrweiler BC geht nach Th\u00fcringen an die vielen Helfer, Zuschauer, die Aktiven der Teams des VfL Ellrich und von Wacker 90 Nordhausen sowie SV Bielen und alle Spender. Ihr seid gro\u00dfartig! Ohne Flutengel wie euch w\u00fcrden wir es kaum schaffen, irgendwann wieder in ein normales Vereinsleben zur\u00fcckzukehren.<\/p>","protected":false},"excerpt":{"rendered":"<p>\u201eDie Bilder vom Flutgebiet haben uns nicht mehr losgelassen und uns war direkt klar, dass wir als Sportverein mit einer gro\u00dfen Fu\u00dfballsparte dort ebenfalls einen Fu\u00dfballverein unterst\u00fctzen wollten\u201c, erkl\u00e4rt Marcel Pezely vom VfL Ellrich einem in 1928 gegr\u00fcndeten \u00fcber 500 Mitglieder umfassenden Sportverein aus dem Norden Th\u00fcringens. Umgehend begannen die Vorbereitungen zu einem Benefizspiel der [&hellip;]<\/p>","protected":false},"author":2,"featured_media":15551,"comment_status":"closed","ping_status":"open","sticky":false,"template":"","format":"standard","meta":{"footnotes":""},"categories":[18],"tags":[],"class_list":["post-15550","post","type-post","status-publish","format-standard","has-post-thumbnail","hentry","category-allgemein"],"yoast_head":"<!-- This site is optimized with the Yoast SEO plugin v26.1.1 - https:\/\/yoast.com\/wordpress\/plugins\/seo\/ -->\n<title>++TH\u00dcRINGER TRADITIONSKLUB VFL 28 ELLRICH ZU BESUCH BEIM AHRWEILER BC ++ - Ahrweiler BC<\/title>\n<meta name=\"robots\" content=\"index, follow, max-snippet:-1, max-image-preview:large, max-video-preview:-1\" \/>\n<link rel=\"canonical\" href=\"https:\/\/new.ahrweilerbc.de\/en\/uncategorized\/thueringer-traditionsklub-vfl-28-ellrich-zu-besuch-beim-ahrweiler-bc\/\" \/>\n<meta property=\"og:locale\" content=\"en_US\" \/>\n<meta property=\"og:type\" content=\"article\" \/>\n<meta property=\"og:title\" content=\"++TH\u00dcRINGER TRADITIONSKLUB VFL 28 ELLRICH ZU BESUCH BEIM AHRWEILER BC ++ - Ahrweiler BC\" \/>\n<meta property=\"og:description\" content=\"\u201eDie Bilder vom Flutgebiet haben uns nicht mehr losgelassen und uns war direkt klar, dass wir als Sportverein mit einer gro\u00dfen Fu\u00dfballsparte dort ebenfalls einen Fu\u00dfballverein unterst\u00fctzen wollten\u201c, erkl\u00e4rt Marcel Pezely vom VfL Ellrich einem in 1928 gegr\u00fcndeten \u00fcber 500 Mitglieder umfassenden Sportverein aus dem Norden Th\u00fcringens. Umgehend begannen die Vorbereitungen zu einem Benefizspiel der [&hellip;]\" \/>\n<meta property=\"og:url\" content=\"https:\/\/new.ahrweilerbc.de\/en\/uncategorized\/thueringer-traditionsklub-vfl-28-ellrich-zu-besuch-beim-ahrweiler-bc\/\" \/>\n<meta property=\"og:site_name\" content=\"Ahrweiler BC\" \/>\n<meta property=\"article:published_time\" content=\"2021-09-28T20:52:27+00:00\" \/>\n<meta name=\"author\" content=\"Martin Brand\" \/>\n<meta name=\"twitter:card\" content=\"summary_large_image\" \/>\n<meta name=\"twitter:label1\" content=\"Written by\" \/>\n\t<meta name=\"twitter:data1\" content=\"Martin Brand\" \/>\n\t<meta name=\"twitter:label2\" content=\"Est. reading time\" \/>\n\t<meta name=\"twitter:data2\" content=\"1 minute\" \/>\n<script type=\"application\/ld+json\" class=\"yoast-schema-graph\">{\"@context\":\"https:\/\/schema.org\",\"@graph\":[{\"@type\":\"Article\",\"@id\":\"https:\/\/new.ahrweilerbc.de\/uncategorized\/thueringer-traditionsklub-vfl-28-ellrich-zu-besuch-beim-ahrweiler-bc\/#article\",\"isPartOf\":{\"@id\":\"https:\/\/new.ahrweilerbc.de\/uncategorized\/thueringer-traditionsklub-vfl-28-ellrich-zu-besuch-beim-ahrweiler-bc\/\"},\"author\":{\"name\":\"Martin Brand\",\"@id\":\"https:\/\/new.ahrweilerbc.de\/#\/schema\/person\/bdbb38d43a0d63b77e7ecb3c6afc8f0e\"},\"headline\":\"++TH\u00dcRINGER TRADITIONSKLUB VFL 28 ELLRICH ZU BESUCH BEIM AHRWEILER BC ++\",\"datePublished\":\"2021-09-28T20:52:27+00:00\",\"mainEntityOfPage\":{\"@id\":\"https:\/\/new.ahrweilerbc.de\/uncategorized\/thueringer-traditionsklub-vfl-28-ellrich-zu-besuch-beim-ahrweiler-bc\/\"},\"wordCount\":245,\"publisher\":{\"@id\":\"https:\/\/new.ahrweilerbc.de\/#organization\"},\"image\":{\"@id\":\"https:\/\/new.ahrweilerbc.de\/uncategorized\/thueringer-traditionsklub-vfl-28-ellrich-zu-besuch-beim-ahrweiler-bc\/#primaryimage\"},\"thumbnailUrl\":\"https:\/\/new.ahrweilerbc.de\/wp-content\/uploads\/2021\/09\/febb3cc8-e3da-4ad4-84b2-e85380e28ae3.jpg\",\"articleSection\":[\"Allgemein\"],\"inLanguage\":\"en-US\"},{\"@type\":\"WebPage\",\"@id\":\"https:\/\/new.ahrweilerbc.de\/uncategorized\/thueringer-traditionsklub-vfl-28-ellrich-zu-besuch-beim-ahrweiler-bc\/\",\"url\":\"https:\/\/new.ahrweilerbc.de\/uncategorized\/thueringer-traditionsklub-vfl-28-ellrich-zu-besuch-beim-ahrweiler-bc\/\",\"name\":\"++TH\u00dcRINGER TRADITIONSKLUB VFL 28 ELLRICH ZU BESUCH BEIM AHRWEILER BC ++ - Ahrweiler BC\",\"isPartOf\":{\"@id\":\"https:\/\/new.ahrweilerbc.de\/#website\"},\"primaryImageOfPage\":{\"@id\":\"https:\/\/new.ahrweilerbc.de\/uncategorized\/thueringer-traditionsklub-vfl-28-ellrich-zu-besuch-beim-ahrweiler-bc\/#primaryimage\"},\"image\":{\"@id\":\"https:\/\/new.ahrweilerbc.de\/uncategorized\/thueringer-traditionsklub-vfl-28-ellrich-zu-besuch-beim-ahrweiler-bc\/#primaryimage\"},\"thumbnailUrl\":\"https:\/\/new.ahrweilerbc.de\/wp-content\/uploads\/2021\/09\/febb3cc8-e3da-4ad4-84b2-e85380e28ae3.jpg\",\"datePublished\":\"2021-09-28T20:52:27+00:00\",\"breadcrumb\":{\"@id\":\"https:\/\/new.ahrweilerbc.de\/uncategorized\/thueringer-traditionsklub-vfl-28-ellrich-zu-besuch-beim-ahrweiler-bc\/#breadcrumb\"},\"inLanguage\":\"en-US\",\"potentialAction\":[{\"@type\":\"ReadAction\",\"target\":[\"https:\/\/new.ahrweilerbc.de\/uncategorized\/thueringer-traditionsklub-vfl-28-ellrich-zu-besuch-beim-ahrweiler-bc\/\"]}]},{\"@type\":\"ImageObject\",\"inLanguage\":\"en-US\",\"@id\":\"https:\/\/new.ahrweilerbc.de\/uncategorized\/thueringer-traditionsklub-vfl-28-ellrich-zu-besuch-beim-ahrweiler-bc\/#primaryimage\",\"url\":\"https:\/\/new.ahrweilerbc.de\/wp-content\/uploads\/2021\/09\/febb3cc8-e3da-4ad4-84b2-e85380e28ae3.jpg\",\"contentUrl\":\"https:\/\/new.ahrweilerbc.de\/wp-content\/uploads\/2021\/09\/febb3cc8-e3da-4ad4-84b2-e85380e28ae3.jpg\",\"width\":1803,\"height\":1167},{\"@type\":\"BreadcrumbList\",\"@id\":\"https:\/\/new.ahrweilerbc.de\/uncategorized\/thueringer-traditionsklub-vfl-28-ellrich-zu-besuch-beim-ahrweiler-bc\/#breadcrumb\",\"itemListElement\":[{\"@type\":\"ListItem\",\"position\":1,\"name\":\"Startseite\",\"item\":\"https:\/\/new.ahrweilerbc.de\/\"},{\"@type\":\"ListItem\",\"position\":2,\"name\":\"++TH\u00dcRINGER TRADITIONSKLUB VFL 28 ELLRICH ZU BESUCH BEIM AHRWEILER BC ++\"}]},{\"@type\":\"WebSite\",\"@id\":\"https:\/\/new.ahrweilerbc.de\/#website\",\"url\":\"https:\/\/new.ahrweilerbc.de\/\",\"name\":\"Ahrweiler BC\",\"description\":\"\",\"publisher\":{\"@id\":\"https:\/\/new.ahrweilerbc.de\/#organization\"},\"potentialAction\":[{\"@type\":\"SearchAction\",\"target\":{\"@type\":\"EntryPoint\",\"urlTemplate\":\"https:\/\/new.ahrweilerbc.de\/?s={search_term_string}\"},\"query-input\":{\"@type\":\"PropertyValueSpecification\",\"valueRequired\":true,\"valueName\":\"search_term_string\"}}],\"inLanguage\":\"en-US\"},{\"@type\":\"Organization\",\"@id\":\"https:\/\/new.ahrweilerbc.de\/#organization\",\"name\":\"Ahrweiler BC\",\"url\":\"https:\/\/new.ahrweilerbc.de\/\",\"logo\":{\"@type\":\"ImageObject\",\"inLanguage\":\"en-US\",\"@id\":\"https:\/\/new.ahrweilerbc.de\/#\/schema\/logo\/image\/\",\"url\":\"https:\/\/new.ahrweilerbc.de\/wp-content\/uploads\/2025\/10\/download.svg\",\"contentUrl\":\"https:\/\/new.ahrweilerbc.de\/wp-content\/uploads\/2025\/10\/download.svg\",\"width\":960,\"height\":960,\"caption\":\"Ahrweiler BC\"},\"image\":{\"@id\":\"https:\/\/new.ahrweilerbc.de\/#\/schema\/logo\/image\/\"}},{\"@type\":\"Person\",\"@id\":\"https:\/\/new.ahrweilerbc.de\/#\/schema\/person\/bdbb38d43a0d63b77e7ecb3c6afc8f0e\",\"name\":\"Martin Brand\",\"image\":{\"@type\":\"ImageObject\",\"inLanguage\":\"en-US\",\"@id\":\"https:\/\/new.ahrweilerbc.de\/#\/schema\/person\/image\/\",\"url\":\"https:\/\/secure.gravatar.com\/avatar\/?s=96&d=mm&r=g\",\"contentUrl\":\"https:\/\/secure.gravatar.com\/avatar\/?s=96&d=mm&r=g\",\"caption\":\"Martin Brand\"},\"url\":\"https:\/\/new.ahrweilerbc.de\/en\/author\/martin-brand\/\"}]}<\/script>\n<!-- \/ Yoast SEO plugin. -->","yoast_head_json":{"title":"++TH\u00dcRINGER TRADITIONSKLUB VFL 28 ELLRICH ZU BESUCH BEIM AHRWEILER BC ++ - Ahrweiler BC","robots":{"index":"index","follow":"follow","max-snippet":"max-snippet:-1","max-image-preview":"max-image-preview:large","max-video-preview":"max-video-preview:-1"},"canonical":"https:\/\/new.ahrweilerbc.de\/en\/uncategorized\/thueringer-traditionsklub-vfl-28-ellrich-zu-besuch-beim-ahrweiler-bc\/","og_locale":"en_US","og_type":"article","og_title":"++TH\u00dcRINGER TRADITIONSKLUB VFL 28 ELLRICH ZU BESUCH BEIM AHRWEILER BC ++ - Ahrweiler BC","og_description":"\u201eDie Bilder vom Flutgebiet haben uns nicht mehr losgelassen und uns war direkt klar, dass wir als Sportverein mit einer gro\u00dfen Fu\u00dfballsparte dort ebenfalls einen Fu\u00dfballverein unterst\u00fctzen wollten\u201c, erkl\u00e4rt Marcel Pezely vom VfL Ellrich einem in 1928 gegr\u00fcndeten \u00fcber 500 Mitglieder umfassenden Sportverein aus dem Norden Th\u00fcringens. Umgehend begannen die Vorbereitungen zu einem Benefizspiel der [&hellip;]","og_url":"https:\/\/new.ahrweilerbc.de\/en\/uncategorized\/thueringer-traditionsklub-vfl-28-ellrich-zu-besuch-beim-ahrweiler-bc\/","og_site_name":"Ahrweiler BC","article_published_time":"2021-09-28T20:52:27+00:00","author":"Martin Brand","twitter_card":"summary_large_image","twitter_misc":{"Written by":"Martin Brand","Est. reading time":"1 minute"},"schema":{"@context":"https:\/\/schema.org","@graph":[{"@type":"Article","@id":"https:\/\/new.ahrweilerbc.de\/uncategorized\/thueringer-traditionsklub-vfl-28-ellrich-zu-besuch-beim-ahrweiler-bc\/#article","isPartOf":{"@id":"https:\/\/new.ahrweilerbc.de\/uncategorized\/thueringer-traditionsklub-vfl-28-ellrich-zu-besuch-beim-ahrweiler-bc\/"},"author":{"name":"Martin Brand","@id":"https:\/\/new.ahrweilerbc.de\/#\/schema\/person\/bdbb38d43a0d63b77e7ecb3c6afc8f0e"},"headline":"++TH\u00dcRINGER TRADITIONSKLUB VFL 28 ELLRICH ZU BESUCH BEIM AHRWEILER BC ++","datePublished":"2021-09-28T20:52:27+00:00","mainEntityOfPage":{"@id":"https:\/\/new.ahrweilerbc.de\/uncategorized\/thueringer-traditionsklub-vfl-28-ellrich-zu-besuch-beim-ahrweiler-bc\/"},"wordCount":245,"publisher":{"@id":"https:\/\/new.ahrweilerbc.de\/#organization"},"image":{"@id":"https:\/\/new.ahrweilerbc.de\/uncategorized\/thueringer-traditionsklub-vfl-28-ellrich-zu-besuch-beim-ahrweiler-bc\/#primaryimage"},"thumbnailUrl":"https:\/\/new.ahrweilerbc.de\/wp-content\/uploads\/2021\/09\/febb3cc8-e3da-4ad4-84b2-e85380e28ae3.jpg","articleSection":["Allgemein"],"inLanguage":"en-US"},{"@type":"WebPage","@id":"https:\/\/new.ahrweilerbc.de\/uncategorized\/thueringer-traditionsklub-vfl-28-ellrich-zu-besuch-beim-ahrweiler-bc\/","url":"https:\/\/new.ahrweilerbc.de\/uncategorized\/thueringer-traditionsklub-vfl-28-ellrich-zu-besuch-beim-ahrweiler-bc\/","name":"++TH\u00dcRINGER TRADITIONSKLUB VFL 28 ELLRICH ZU BESUCH BEIM AHRWEILER BC ++ - Ahrweiler BC","isPartOf":{"@id":"https:\/\/new.ahrweilerbc.de\/#website"},"primaryImageOfPage":{"@id":"https:\/\/new.ahrweilerbc.de\/uncategorized\/thueringer-traditionsklub-vfl-28-ellrich-zu-besuch-beim-ahrweiler-bc\/#primaryimage"},"image":{"@id":"https:\/\/new.ahrweilerbc.de\/uncategorized\/thueringer-traditionsklub-vfl-28-ellrich-zu-besuch-beim-ahrweiler-bc\/#primaryimage"},"thumbnailUrl":"https:\/\/new.ahrweilerbc.de\/wp-content\/uploads\/2021\/09\/febb3cc8-e3da-4ad4-84b2-e85380e28ae3.jpg","datePublished":"2021-09-28T20:52:27+00:00","breadcrumb":{"@id":"https:\/\/new.ahrweilerbc.de\/uncategorized\/thueringer-traditionsklub-vfl-28-ellrich-zu-besuch-beim-ahrweiler-bc\/#breadcrumb"},"inLanguage":"en-US","potentialAction":[{"@type":"ReadAction","target":["https:\/\/new.ahrweilerbc.de\/uncategorized\/thueringer-traditionsklub-vfl-28-ellrich-zu-besuch-beim-ahrweiler-bc\/"]}]},{"@type":"ImageObject","inLanguage":"en-US","@id":"https:\/\/new.ahrweilerbc.de\/uncategorized\/thueringer-traditionsklub-vfl-28-ellrich-zu-besuch-beim-ahrweiler-bc\/#primaryimage","url":"https:\/\/new.ahrweilerbc.de\/wp-content\/uploads\/2021\/09\/febb3cc8-e3da-4ad4-84b2-e85380e28ae3.jpg","contentUrl":"https:\/\/new.ahrweilerbc.de\/wp-content\/uploads\/2021\/09\/febb3cc8-e3da-4ad4-84b2-e85380e28ae3.jpg","width":1803,"height":1167},{"@type":"BreadcrumbList","@id":"https:\/\/new.ahrweilerbc.de\/uncategorized\/thueringer-traditionsklub-vfl-28-ellrich-zu-besuch-beim-ahrweiler-bc\/#breadcrumb","itemListElement":[{"@type":"ListItem","position":1,"name":"Startseite","item":"https:\/\/new.ahrweilerbc.de\/"},{"@type":"ListItem","position":2,"name":"++TH\u00dcRINGER TRADITIONSKLUB VFL 28 ELLRICH ZU BESUCH BEIM AHRWEILER BC ++"}]},{"@type":"WebSite","@id":"https:\/\/new.ahrweilerbc.de\/#website","url":"https:\/\/new.ahrweilerbc.de\/","name":"Ahrweiler BC","description":"","publisher":{"@id":"https:\/\/new.ahrweilerbc.de\/#organization"},"potentialAction":[{"@type":"SearchAction","target":{"@type":"EntryPoint","urlTemplate":"https:\/\/new.ahrweilerbc.de\/?s={search_term_string}"},"query-input":{"@type":"PropertyValueSpecification","valueRequired":true,"valueName":"search_term_string"}}],"inLanguage":"en-US"},{"@type":"Organization","@id":"https:\/\/new.ahrweilerbc.de\/#organization","name":"Ahrweiler BC","url":"https:\/\/new.ahrweilerbc.de\/","logo":{"@type":"ImageObject","inLanguage":"en-US","@id":"https:\/\/new.ahrweilerbc.de\/#\/schema\/logo\/image\/","url":"https:\/\/new.ahrweilerbc.de\/wp-content\/uploads\/2025\/10\/download.svg","contentUrl":"https:\/\/new.ahrweilerbc.de\/wp-content\/uploads\/2025\/10\/download.svg","width":960,"height":960,"caption":"Ahrweiler BC"},"image":{"@id":"https:\/\/new.ahrweilerbc.de\/#\/schema\/logo\/image\/"}},{"@type":"Person","@id":"https:\/\/new.ahrweilerbc.de\/#\/schema\/person\/bdbb38d43a0d63b77e7ecb3c6afc8f0e","name":"Martin Brand","image":{"@type":"ImageObject","inLanguage":"en-US","@id":"https:\/\/new.ahrweilerbc.de\/#\/schema\/person\/image\/","url":"https:\/\/secure.gravatar.com\/avatar\/?s=96&d=mm&r=g","contentUrl":"https:\/\/secure.gravatar.com\/avatar\/?s=96&d=mm&r=g","caption":"Martin Brand"},"url":"https:\/\/new.ahrweilerbc.de\/en\/author\/martin-brand\/"}]}},"_links":{"self":[{"href":"https:\/\/new.ahrweilerbc.de\/en\/wp-json\/wp\/v2\/posts\/15550","targetHints":{"allow":["GET"]}}],"collection":[{"href":"https:\/\/new.ahrweilerbc.de\/en\/wp-json\/wp\/v2\/posts"}],"about":[{"href":"https:\/\/new.ahrweilerbc.de\/en\/wp-json\/wp\/v2\/types\/post"}],"author":[{"embeddable":true,"href":"https:\/\/new.ahrweilerbc.de\/en\/wp-json\/wp\/v2\/users\/2"}],"replies":[{"embeddable":true,"href":"https:\/\/new.ahrweilerbc.de\/en\/wp-json\/wp\/v2\/comments?post=15550"}],"version-history":[{"count":0,"href":"https:\/\/new.ahrweilerbc.de\/en\/wp-json\/wp\/v2\/posts\/15550\/revisions"}],"wp:featuredmedia":[{"embeddable":true,"href":"https:\/\/new.ahrweilerbc.de\/en\/wp-json\/wp\/v2\/media\/15551"}],"wp:attachment":[{"href":"https:\/\/new.ahrweilerbc.de\/en\/wp-json\/wp\/v2\/media?parent=15550"}],"wp:term":[{"taxonomy":"category","embeddable":true,"href":"https:\/\/new.ahrweilerbc.de\/en\/wp-json\/wp\/v2\/categories?post=15550"},{"taxonomy":"post_tag","embeddable":true,"href":"https:\/\/new.ahrweilerbc.de\/en\/wp-json\/wp\/v2\/tags?post=15550"}],"curies":[{"name":"wp","href":"https:\/\/api.w.org\/{rel}","templated":true}]}}