{"id":15582,"date":"2021-10-01T13:04:53","date_gmt":"2021-10-01T11:04:53","guid":{"rendered":"https:\/\/ahrweilerbc.com\/?p=15582"},"modified":"2021-10-01T13:04:53","modified_gmt":"2021-10-01T11:04:53","slug":"gemeinsam-sind-wir-stark-unfassbare-unterstuetzung-aus-dem-laendle","status":"publish","type":"post","link":"https:\/\/new.ahrweilerbc.de\/en\/allgemein\/gemeinsam-sind-wir-stark-unfassbare-unterstuetzung-aus-dem-laendle\/","title":{"rendered":"++\u201eGEMEINSAM SIND WIR STARK\u201c  &#8211; UNFASSBARE UNTERST\u00dcTZUNG AUS DEM L\u00c4NDLE\u201c++"},"content":{"rendered":"<p>\u201eMit der Spendenaktion \u201eGemeinsam sind wir stark\u201c wollten wir unserer gesellschaftlichen Verantwortung gerecht werden und den Menschen aus der Region in ihrer schwierigen Lebenssituationen helfen. F\u00fcr uns war auch sofort klar, dass wir als Fu\u00dfballverein anderen Fu\u00dfballvereinen helfen wollen\u201c meint Marc St\u00f6hr einer der beiden Vorsitzenden des FC Frittlingen aus dem Landkreis Tuttlingen in Baden-W\u00fcrttemberg. Gemeinsam mit seinen Vorstandkollegen Christoph Ganter (Vorsitzender), Uwe Hornung (Jugendleiter), Michael Braun (Sponsoring &amp; Marketing) und Steffen Wallat (Vertreter Alte Herren) trat er vor zwei Wochen die Reise nach Bad Neuenahr-Ahrweiler an, um die Vorstandskollegen des ABC kennenzulernen sowie einen Spendenscheck und Sachspenden zu \u00fcbergeben. \u201eDer Kontakt zum FC Frittlingen kam schon unmittelbar nach der Flutkatastrophe zustande. Seitdem stehen wir im st\u00e4ndigen Austausch\u201c, erkl\u00e4rt ABC-Vorstandsmitglied Markus Becker zu der besonderen Beziehungen zwischen den beiden Vereinen, die 420 Kilometer voneinander entfernt sind. Bei einem gemeinsamen Abendessen wurden Erlebnisse, Erfahrungen und gemeinsame M\u00f6glichkeiten mit der Vereinsf\u00fchrung des Ahrweiler BC f\u00fcr k\u00fcnftige Projekte und eine fortw\u00e4hrende Vereinsfreundschaft ausgetauscht. So sind die Feierlichkeiten in Frittlingen zum 100+2-j\u00e4hrigen des FC im kommenden September schon als Termin mit zwei Ausrufezeichen im ABC-Kalender vermerkt. Zuvor, im Fr\u00fchjahr des kommenden Jahres, ist bereits eine Veranstaltung mit den Jugendabteilungen in Frittlingen vorgesehen. Im Rahmen des Abends kam es auch zur \u00dcbergabe einer Geldspende in der unglaublichen H\u00f6he von 12.000,00 \u20ac sowie einer Sachspende, bestehend aus einer Massageliege und einer K\u00fchltruhe.<\/p>\n<p>\u201eDie Bilder von der Flut vergisst man nicht. Wir k\u00f6nnen nur erahnen, wie lange man in der Region noch mit den Folgen k\u00e4mpfen muss und man kann nur hoffen, dass besonders die Jugendabteilung des Ahrweiler BC wieder schnellstm\u00f6glich zu einer relativen Normalit\u00e4t zur\u00fcckkehren kann\u201c, so St\u00f6hr.<\/p>\n<p>\u201eEs ist Wahnsinn, was der FC Frittlingen f\u00fcr uns getan hat. Wir sind so unendlich dankbar, doch uns fehlen die passenden Worte, die der Aktion der Sportsfreunde aus Frittlingen gerecht werden k\u00f6nnten. Unser Dank geht an alle einzelnen Spender, alle Vereine in Frittlingen sowie die Sponsoren, welche zusammen die Spendenaktion \u201eGemeinsam sind wir stark\u201c zu solch einem unfassbaren Erfolg gemacht haben. Es ist toll, solche Freunde wie den FC Frittlingen an seiner Seite zu wissen\u201c, sagt ABC-Jugendleiter Gerd Treffer.<\/p>\n<p>Schwaben k\u00f6nnen halt alles \u2013 au\u00dfer hochdeutsch.<\/p>\n<p>&nbsp;<\/p>\n<p>&nbsp;<\/p>\n<p>&nbsp;<\/p>\n<p>&nbsp;<\/p>","protected":false},"excerpt":{"rendered":"<p>\u201eMit der Spendenaktion \u201eGemeinsam sind wir stark\u201c wollten wir unserer gesellschaftlichen Verantwortung gerecht werden und den Menschen aus der Region in ihrer schwierigen Lebenssituationen helfen. F\u00fcr uns war auch sofort klar, dass wir als Fu\u00dfballverein anderen Fu\u00dfballvereinen helfen wollen\u201c meint Marc St\u00f6hr einer der beiden Vorsitzenden des FC Frittlingen aus dem Landkreis Tuttlingen in Baden-W\u00fcrttemberg. [&hellip;]<\/p>","protected":false},"author":2,"featured_media":15583,"comment_status":"closed","ping_status":"open","sticky":false,"template":"","format":"standard","meta":{"footnotes":""},"categories":[18],"tags":[],"class_list":["post-15582","post","type-post","status-publish","format-standard","has-post-thumbnail","hentry","category-allgemein"],"yoast_head":"<!-- This site is optimized with the Yoast SEO plugin v26.1.1 - https:\/\/yoast.com\/wordpress\/plugins\/seo\/ -->\n<title>++\u201eGEMEINSAM SIND WIR STARK\u201c - UNFASSBARE UNTERST\u00dcTZUNG AUS DEM L\u00c4NDLE\u201c++ - Ahrweiler BC<\/title>\n<meta name=\"robots\" content=\"index, follow, max-snippet:-1, max-image-preview:large, max-video-preview:-1\" \/>\n<link rel=\"canonical\" href=\"https:\/\/new.ahrweilerbc.de\/en\/uncategorized\/gemeinsam-sind-wir-stark-unfassbare-unterstuetzung-aus-dem-laendle\/\" \/>\n<meta property=\"og:locale\" content=\"en_US\" \/>\n<meta property=\"og:type\" content=\"article\" \/>\n<meta property=\"og:title\" content=\"++\u201eGEMEINSAM SIND WIR STARK\u201c - UNFASSBARE UNTERST\u00dcTZUNG AUS DEM L\u00c4NDLE\u201c++ - Ahrweiler BC\" \/>\n<meta property=\"og:description\" content=\"\u201eMit der Spendenaktion \u201eGemeinsam sind wir stark\u201c wollten wir unserer gesellschaftlichen Verantwortung gerecht werden und den Menschen aus der Region in ihrer schwierigen Lebenssituationen helfen. F\u00fcr uns war auch sofort klar, dass wir als Fu\u00dfballverein anderen Fu\u00dfballvereinen helfen wollen\u201c meint Marc St\u00f6hr einer der beiden Vorsitzenden des FC Frittlingen aus dem Landkreis Tuttlingen in Baden-W\u00fcrttemberg. [&hellip;]\" \/>\n<meta property=\"og:url\" content=\"https:\/\/new.ahrweilerbc.de\/en\/uncategorized\/gemeinsam-sind-wir-stark-unfassbare-unterstuetzung-aus-dem-laendle\/\" \/>\n<meta property=\"og:site_name\" content=\"Ahrweiler BC\" \/>\n<meta property=\"article:published_time\" content=\"2021-10-01T11:04:53+00:00\" \/>\n<meta name=\"author\" content=\"Martin Brand\" \/>\n<meta name=\"twitter:card\" content=\"summary_large_image\" \/>\n<meta name=\"twitter:label1\" content=\"Written by\" \/>\n\t<meta name=\"twitter:data1\" content=\"Martin Brand\" \/>\n\t<meta name=\"twitter:label2\" content=\"Est. reading time\" \/>\n\t<meta name=\"twitter:data2\" content=\"2 minutes\" \/>\n<script type=\"application\/ld+json\" class=\"yoast-schema-graph\">{\"@context\":\"https:\/\/schema.org\",\"@graph\":[{\"@type\":\"Article\",\"@id\":\"https:\/\/new.ahrweilerbc.de\/uncategorized\/gemeinsam-sind-wir-stark-unfassbare-unterstuetzung-aus-dem-laendle\/#article\",\"isPartOf\":{\"@id\":\"https:\/\/new.ahrweilerbc.de\/uncategorized\/gemeinsam-sind-wir-stark-unfassbare-unterstuetzung-aus-dem-laendle\/\"},\"author\":{\"name\":\"Martin Brand\",\"@id\":\"https:\/\/new.ahrweilerbc.de\/#\/schema\/person\/bdbb38d43a0d63b77e7ecb3c6afc8f0e\"},\"headline\":\"++\u201eGEMEINSAM SIND WIR STARK\u201c &#8211; UNFASSBARE UNTERST\u00dcTZUNG AUS DEM L\u00c4NDLE\u201c++\",\"datePublished\":\"2021-10-01T11:04:53+00:00\",\"mainEntityOfPage\":{\"@id\":\"https:\/\/new.ahrweilerbc.de\/uncategorized\/gemeinsam-sind-wir-stark-unfassbare-unterstuetzung-aus-dem-laendle\/\"},\"wordCount\":396,\"publisher\":{\"@id\":\"https:\/\/new.ahrweilerbc.de\/#organization\"},\"image\":{\"@id\":\"https:\/\/new.ahrweilerbc.de\/uncategorized\/gemeinsam-sind-wir-stark-unfassbare-unterstuetzung-aus-dem-laendle\/#primaryimage\"},\"thumbnailUrl\":\"https:\/\/new.ahrweilerbc.de\/wp-content\/uploads\/2021\/10\/024db4ac-eb01-40ad-9803-880ac0203d78.jpg\",\"articleSection\":[\"Allgemein\"],\"inLanguage\":\"en-US\"},{\"@type\":\"WebPage\",\"@id\":\"https:\/\/new.ahrweilerbc.de\/uncategorized\/gemeinsam-sind-wir-stark-unfassbare-unterstuetzung-aus-dem-laendle\/\",\"url\":\"https:\/\/new.ahrweilerbc.de\/uncategorized\/gemeinsam-sind-wir-stark-unfassbare-unterstuetzung-aus-dem-laendle\/\",\"name\":\"++\u201eGEMEINSAM SIND WIR STARK\u201c - UNFASSBARE UNTERST\u00dcTZUNG AUS DEM L\u00c4NDLE\u201c++ - Ahrweiler BC\",\"isPartOf\":{\"@id\":\"https:\/\/new.ahrweilerbc.de\/#website\"},\"primaryImageOfPage\":{\"@id\":\"https:\/\/new.ahrweilerbc.de\/uncategorized\/gemeinsam-sind-wir-stark-unfassbare-unterstuetzung-aus-dem-laendle\/#primaryimage\"},\"image\":{\"@id\":\"https:\/\/new.ahrweilerbc.de\/uncategorized\/gemeinsam-sind-wir-stark-unfassbare-unterstuetzung-aus-dem-laendle\/#primaryimage\"},\"thumbnailUrl\":\"https:\/\/new.ahrweilerbc.de\/wp-content\/uploads\/2021\/10\/024db4ac-eb01-40ad-9803-880ac0203d78.jpg\",\"datePublished\":\"2021-10-01T11:04:53+00:00\",\"breadcrumb\":{\"@id\":\"https:\/\/new.ahrweilerbc.de\/uncategorized\/gemeinsam-sind-wir-stark-unfassbare-unterstuetzung-aus-dem-laendle\/#breadcrumb\"},\"inLanguage\":\"en-US\",\"potentialAction\":[{\"@type\":\"ReadAction\",\"target\":[\"https:\/\/new.ahrweilerbc.de\/uncategorized\/gemeinsam-sind-wir-stark-unfassbare-unterstuetzung-aus-dem-laendle\/\"]}]},{\"@type\":\"ImageObject\",\"inLanguage\":\"en-US\",\"@id\":\"https:\/\/new.ahrweilerbc.de\/uncategorized\/gemeinsam-sind-wir-stark-unfassbare-unterstuetzung-aus-dem-laendle\/#primaryimage\",\"url\":\"https:\/\/new.ahrweilerbc.de\/wp-content\/uploads\/2021\/10\/024db4ac-eb01-40ad-9803-880ac0203d78.jpg\",\"contentUrl\":\"https:\/\/new.ahrweilerbc.de\/wp-content\/uploads\/2021\/10\/024db4ac-eb01-40ad-9803-880ac0203d78.jpg\",\"width\":2048,\"height\":1543},{\"@type\":\"BreadcrumbList\",\"@id\":\"https:\/\/new.ahrweilerbc.de\/uncategorized\/gemeinsam-sind-wir-stark-unfassbare-unterstuetzung-aus-dem-laendle\/#breadcrumb\",\"itemListElement\":[{\"@type\":\"ListItem\",\"position\":1,\"name\":\"Startseite\",\"item\":\"https:\/\/new.ahrweilerbc.de\/\"},{\"@type\":\"ListItem\",\"position\":2,\"name\":\"++\u201eGEMEINSAM SIND WIR STARK\u201c &#8211; UNFASSBARE UNTERST\u00dcTZUNG AUS DEM L\u00c4NDLE\u201c++\"}]},{\"@type\":\"WebSite\",\"@id\":\"https:\/\/new.ahrweilerbc.de\/#website\",\"url\":\"https:\/\/new.ahrweilerbc.de\/\",\"name\":\"Ahrweiler BC\",\"description\":\"\",\"publisher\":{\"@id\":\"https:\/\/new.ahrweilerbc.de\/#organization\"},\"potentialAction\":[{\"@type\":\"SearchAction\",\"target\":{\"@type\":\"EntryPoint\",\"urlTemplate\":\"https:\/\/new.ahrweilerbc.de\/?s={search_term_string}\"},\"query-input\":{\"@type\":\"PropertyValueSpecification\",\"valueRequired\":true,\"valueName\":\"search_term_string\"}}],\"inLanguage\":\"en-US\"},{\"@type\":\"Organization\",\"@id\":\"https:\/\/new.ahrweilerbc.de\/#organization\",\"name\":\"Ahrweiler BC\",\"url\":\"https:\/\/new.ahrweilerbc.de\/\",\"logo\":{\"@type\":\"ImageObject\",\"inLanguage\":\"en-US\",\"@id\":\"https:\/\/new.ahrweilerbc.de\/#\/schema\/logo\/image\/\",\"url\":\"https:\/\/new.ahrweilerbc.de\/wp-content\/uploads\/2025\/10\/download.svg\",\"contentUrl\":\"https:\/\/new.ahrweilerbc.de\/wp-content\/uploads\/2025\/10\/download.svg\",\"width\":960,\"height\":960,\"caption\":\"Ahrweiler BC\"},\"image\":{\"@id\":\"https:\/\/new.ahrweilerbc.de\/#\/schema\/logo\/image\/\"}},{\"@type\":\"Person\",\"@id\":\"https:\/\/new.ahrweilerbc.de\/#\/schema\/person\/bdbb38d43a0d63b77e7ecb3c6afc8f0e\",\"name\":\"Martin Brand\",\"image\":{\"@type\":\"ImageObject\",\"inLanguage\":\"en-US\",\"@id\":\"https:\/\/new.ahrweilerbc.de\/#\/schema\/person\/image\/\",\"url\":\"https:\/\/secure.gravatar.com\/avatar\/?s=96&d=mm&r=g\",\"contentUrl\":\"https:\/\/secure.gravatar.com\/avatar\/?s=96&d=mm&r=g\",\"caption\":\"Martin Brand\"},\"url\":\"https:\/\/new.ahrweilerbc.de\/en\/author\/martin-brand\/\"}]}<\/script>\n<!-- \/ Yoast SEO plugin. -->","yoast_head_json":{"title":"++\u201eGEMEINSAM SIND WIR STARK\u201c - UNFASSBARE UNTERST\u00dcTZUNG AUS DEM L\u00c4NDLE\u201c++ - Ahrweiler BC","robots":{"index":"index","follow":"follow","max-snippet":"max-snippet:-1","max-image-preview":"max-image-preview:large","max-video-preview":"max-video-preview:-1"},"canonical":"https:\/\/new.ahrweilerbc.de\/en\/uncategorized\/gemeinsam-sind-wir-stark-unfassbare-unterstuetzung-aus-dem-laendle\/","og_locale":"en_US","og_type":"article","og_title":"++\u201eGEMEINSAM SIND WIR STARK\u201c - UNFASSBARE UNTERST\u00dcTZUNG AUS DEM L\u00c4NDLE\u201c++ - Ahrweiler BC","og_description":"\u201eMit der Spendenaktion \u201eGemeinsam sind wir stark\u201c wollten wir unserer gesellschaftlichen Verantwortung gerecht werden und den Menschen aus der Region in ihrer schwierigen Lebenssituationen helfen. F\u00fcr uns war auch sofort klar, dass wir als Fu\u00dfballverein anderen Fu\u00dfballvereinen helfen wollen\u201c meint Marc St\u00f6hr einer der beiden Vorsitzenden des FC Frittlingen aus dem Landkreis Tuttlingen in Baden-W\u00fcrttemberg. [&hellip;]","og_url":"https:\/\/new.ahrweilerbc.de\/en\/uncategorized\/gemeinsam-sind-wir-stark-unfassbare-unterstuetzung-aus-dem-laendle\/","og_site_name":"Ahrweiler BC","article_published_time":"2021-10-01T11:04:53+00:00","author":"Martin Brand","twitter_card":"summary_large_image","twitter_misc":{"Written by":"Martin Brand","Est. reading time":"2 minutes"},"schema":{"@context":"https:\/\/schema.org","@graph":[{"@type":"Article","@id":"https:\/\/new.ahrweilerbc.de\/uncategorized\/gemeinsam-sind-wir-stark-unfassbare-unterstuetzung-aus-dem-laendle\/#article","isPartOf":{"@id":"https:\/\/new.ahrweilerbc.de\/uncategorized\/gemeinsam-sind-wir-stark-unfassbare-unterstuetzung-aus-dem-laendle\/"},"author":{"name":"Martin Brand","@id":"https:\/\/new.ahrweilerbc.de\/#\/schema\/person\/bdbb38d43a0d63b77e7ecb3c6afc8f0e"},"headline":"++\u201eGEMEINSAM SIND WIR STARK\u201c &#8211; UNFASSBARE UNTERST\u00dcTZUNG AUS DEM L\u00c4NDLE\u201c++","datePublished":"2021-10-01T11:04:53+00:00","mainEntityOfPage":{"@id":"https:\/\/new.ahrweilerbc.de\/uncategorized\/gemeinsam-sind-wir-stark-unfassbare-unterstuetzung-aus-dem-laendle\/"},"wordCount":396,"publisher":{"@id":"https:\/\/new.ahrweilerbc.de\/#organization"},"image":{"@id":"https:\/\/new.ahrweilerbc.de\/uncategorized\/gemeinsam-sind-wir-stark-unfassbare-unterstuetzung-aus-dem-laendle\/#primaryimage"},"thumbnailUrl":"https:\/\/new.ahrweilerbc.de\/wp-content\/uploads\/2021\/10\/024db4ac-eb01-40ad-9803-880ac0203d78.jpg","articleSection":["Allgemein"],"inLanguage":"en-US"},{"@type":"WebPage","@id":"https:\/\/new.ahrweilerbc.de\/uncategorized\/gemeinsam-sind-wir-stark-unfassbare-unterstuetzung-aus-dem-laendle\/","url":"https:\/\/new.ahrweilerbc.de\/uncategorized\/gemeinsam-sind-wir-stark-unfassbare-unterstuetzung-aus-dem-laendle\/","name":"++\u201eGEMEINSAM SIND WIR STARK\u201c - UNFASSBARE UNTERST\u00dcTZUNG AUS DEM L\u00c4NDLE\u201c++ - Ahrweiler BC","isPartOf":{"@id":"https:\/\/new.ahrweilerbc.de\/#website"},"primaryImageOfPage":{"@id":"https:\/\/new.ahrweilerbc.de\/uncategorized\/gemeinsam-sind-wir-stark-unfassbare-unterstuetzung-aus-dem-laendle\/#primaryimage"},"image":{"@id":"https:\/\/new.ahrweilerbc.de\/uncategorized\/gemeinsam-sind-wir-stark-unfassbare-unterstuetzung-aus-dem-laendle\/#primaryimage"},"thumbnailUrl":"https:\/\/new.ahrweilerbc.de\/wp-content\/uploads\/2021\/10\/024db4ac-eb01-40ad-9803-880ac0203d78.jpg","datePublished":"2021-10-01T11:04:53+00:00","breadcrumb":{"@id":"https:\/\/new.ahrweilerbc.de\/uncategorized\/gemeinsam-sind-wir-stark-unfassbare-unterstuetzung-aus-dem-laendle\/#breadcrumb"},"inLanguage":"en-US","potentialAction":[{"@type":"ReadAction","target":["https:\/\/new.ahrweilerbc.de\/uncategorized\/gemeinsam-sind-wir-stark-unfassbare-unterstuetzung-aus-dem-laendle\/"]}]},{"@type":"ImageObject","inLanguage":"en-US","@id":"https:\/\/new.ahrweilerbc.de\/uncategorized\/gemeinsam-sind-wir-stark-unfassbare-unterstuetzung-aus-dem-laendle\/#primaryimage","url":"https:\/\/new.ahrweilerbc.de\/wp-content\/uploads\/2021\/10\/024db4ac-eb01-40ad-9803-880ac0203d78.jpg","contentUrl":"https:\/\/new.ahrweilerbc.de\/wp-content\/uploads\/2021\/10\/024db4ac-eb01-40ad-9803-880ac0203d78.jpg","width":2048,"height":1543},{"@type":"BreadcrumbList","@id":"https:\/\/new.ahrweilerbc.de\/uncategorized\/gemeinsam-sind-wir-stark-unfassbare-unterstuetzung-aus-dem-laendle\/#breadcrumb","itemListElement":[{"@type":"ListItem","position":1,"name":"Startseite","item":"https:\/\/new.ahrweilerbc.de\/"},{"@type":"ListItem","position":2,"name":"++\u201eGEMEINSAM SIND WIR STARK\u201c &#8211; UNFASSBARE UNTERST\u00dcTZUNG AUS DEM L\u00c4NDLE\u201c++"}]},{"@type":"WebSite","@id":"https:\/\/new.ahrweilerbc.de\/#website","url":"https:\/\/new.ahrweilerbc.de\/","name":"Ahrweiler BC","description":"","publisher":{"@id":"https:\/\/new.ahrweilerbc.de\/#organization"},"potentialAction":[{"@type":"SearchAction","target":{"@type":"EntryPoint","urlTemplate":"https:\/\/new.ahrweilerbc.de\/?s={search_term_string}"},"query-input":{"@type":"PropertyValueSpecification","valueRequired":true,"valueName":"search_term_string"}}],"inLanguage":"en-US"},{"@type":"Organization","@id":"https:\/\/new.ahrweilerbc.de\/#organization","name":"Ahrweiler BC","url":"https:\/\/new.ahrweilerbc.de\/","logo":{"@type":"ImageObject","inLanguage":"en-US","@id":"https:\/\/new.ahrweilerbc.de\/#\/schema\/logo\/image\/","url":"https:\/\/new.ahrweilerbc.de\/wp-content\/uploads\/2025\/10\/download.svg","contentUrl":"https:\/\/new.ahrweilerbc.de\/wp-content\/uploads\/2025\/10\/download.svg","width":960,"height":960,"caption":"Ahrweiler BC"},"image":{"@id":"https:\/\/new.ahrweilerbc.de\/#\/schema\/logo\/image\/"}},{"@type":"Person","@id":"https:\/\/new.ahrweilerbc.de\/#\/schema\/person\/bdbb38d43a0d63b77e7ecb3c6afc8f0e","name":"Martin Brand","image":{"@type":"ImageObject","inLanguage":"en-US","@id":"https:\/\/new.ahrweilerbc.de\/#\/schema\/person\/image\/","url":"https:\/\/secure.gravatar.com\/avatar\/?s=96&d=mm&r=g","contentUrl":"https:\/\/secure.gravatar.com\/avatar\/?s=96&d=mm&r=g","caption":"Martin Brand"},"url":"https:\/\/new.ahrweilerbc.de\/en\/author\/martin-brand\/"}]}},"_links":{"self":[{"href":"https:\/\/new.ahrweilerbc.de\/en\/wp-json\/wp\/v2\/posts\/15582","targetHints":{"allow":["GET"]}}],"collection":[{"href":"https:\/\/new.ahrweilerbc.de\/en\/wp-json\/wp\/v2\/posts"}],"about":[{"href":"https:\/\/new.ahrweilerbc.de\/en\/wp-json\/wp\/v2\/types\/post"}],"author":[{"embeddable":true,"href":"https:\/\/new.ahrweilerbc.de\/en\/wp-json\/wp\/v2\/users\/2"}],"replies":[{"embeddable":true,"href":"https:\/\/new.ahrweilerbc.de\/en\/wp-json\/wp\/v2\/comments?post=15582"}],"version-history":[{"count":0,"href":"https:\/\/new.ahrweilerbc.de\/en\/wp-json\/wp\/v2\/posts\/15582\/revisions"}],"wp:featuredmedia":[{"embeddable":true,"href":"https:\/\/new.ahrweilerbc.de\/en\/wp-json\/wp\/v2\/media\/15583"}],"wp:attachment":[{"href":"https:\/\/new.ahrweilerbc.de\/en\/wp-json\/wp\/v2\/media?parent=15582"}],"wp:term":[{"taxonomy":"category","embeddable":true,"href":"https:\/\/new.ahrweilerbc.de\/en\/wp-json\/wp\/v2\/categories?post=15582"},{"taxonomy":"post_tag","embeddable":true,"href":"https:\/\/new.ahrweilerbc.de\/en\/wp-json\/wp\/v2\/tags?post=15582"}],"curies":[{"name":"wp","href":"https:\/\/api.w.org\/{rel}","templated":true}]}}