{"id":15693,"date":"2021-10-19T14:23:13","date_gmt":"2021-10-19T12:23:13","guid":{"rendered":"https:\/\/ahrweilerbc.com\/?p=15693"},"modified":"2021-10-19T14:23:13","modified_gmt":"2021-10-19T12:23:13","slug":"50-jahre-abc-und-kein-bisschen-muede","status":"publish","type":"post","link":"https:\/\/new.ahrweilerbc.de\/en\/allgemein\/50-jahre-abc-und-kein-bisschen-muede\/","title":{"rendered":"++50 JAHRE ABC UND KEIN BISSCHEN M\u00dcDE++"},"content":{"rendered":"<p>In Zeiten, in denen das Training und die Heimspiele beim Ahrweiler BC auf neun Sportpl\u00e4tze der n\u00e4heren und weiteren Umgebung verteilt sind, ist die Sehnsucht bei Spielern, Trainern, Offiziellen und Freunden des Vereins nach ein wenig Normalit\u00e4t und Vereinsleben sehr gro\u00df. Dazu sollte ein monatlich ungezwungenes Treffen auf dem Restsportplatz in der Kreuzstra\u00dfe mit einem Bier und einer Stadionwurst dienen, um sich zu treffen, auszutauschen und ein\u00a0 Mindestma\u00df an Vereinsleben zu haben. Durch den Aufbau von Wohncontainern f\u00fcr Flutopfer, \u201esinnvollerweise\u201c in unmittelbarer N\u00e4he zur Ahr, blieb es aber leider nur bei einer solchen Veranstaltung.<\/p>\n<p>Immerhin trafen sich 25 ABCler zu fr\u00fchabendlicher Zeit ein. Nat\u00fcrlich fehlte die Unbeschwertheit, wie man sie vor dem 14. Juli kannte, dennoch war es auf eine bestimmte Art und Weise fast wie fr\u00fcher. Bei diesem einem Treffen, wo sich zugleich der Premierenvorhang \u00f6ffnete um nur wenig sp\u00e4ter als \u201eFinal Curtain\u201c wieder zu fallen, gab es ein Jubil\u00e4um, welches bei den meisten Vereinen nur sehr selten gefeiert werden kann.<\/p>\n<p>Frank Sch\u00f6nherr lie\u00df es sich nicht nehmen seinem Vorstandskollegen und Jugendleiter Gerd Treffen zu seiner goldenen Mitgliedschaft zu gratulieren. W\u00e4hrend seiner\u00a0 50 Jahre Ahrweiler BC hat Gerd Treffer auf und neben dem Platz viel erlebt mit dem Verein seiner Herzen. Der entscheidungsfreudige \u00a0\u00a0\u00a0\u00a0Mittf\u00fcnfziger hat aber auch viel bewegt und steht aktuell wie kaum ein anderer f\u00fcr die Vereinsentwicklung der letzten sechs Jahre. F\u00fcr die L\u00f6sung der aktuellen Probleme, wie bspw. die fehlende Perspektive in Richtung des Wiederaufbaus der Sportpl\u00e4tze, hat Treffer zwar auch keine Blaupause parat, doch ohne den Jubilar ist die gr\u00f6\u00dfte Krise des Vereins wohl gar nicht zu bew\u00e4ltigen.<\/p>\n<p>Lieber Gerd, wir gratulieren dir ganz herzlich zu diesem runden und nahezu einmaligen Jubil\u00e4um und hoffen auf weitere 50 Jahre, damit du den Wiederaufbau der Sportpl\u00e4tze in Bad Neuenahr auf jeden Fall noch erleben darfst.<\/p>","protected":false},"excerpt":{"rendered":"<p>In Zeiten, in denen das Training und die Heimspiele beim Ahrweiler BC auf neun Sportpl\u00e4tze der n\u00e4heren und weiteren Umgebung verteilt sind, ist die Sehnsucht bei Spielern, Trainern, Offiziellen und Freunden des Vereins nach ein wenig Normalit\u00e4t und Vereinsleben sehr gro\u00df. Dazu sollte ein monatlich ungezwungenes Treffen auf dem Restsportplatz in der Kreuzstra\u00dfe mit einem [&hellip;]<\/p>","protected":false},"author":2,"featured_media":15694,"comment_status":"closed","ping_status":"open","sticky":false,"template":"","format":"standard","meta":{"footnotes":""},"categories":[18],"tags":[],"class_list":["post-15693","post","type-post","status-publish","format-standard","has-post-thumbnail","hentry","category-allgemein"],"yoast_head":"<!-- This site is optimized with the Yoast SEO plugin v26.1.1 - https:\/\/yoast.com\/wordpress\/plugins\/seo\/ -->\n<title>++50 JAHRE ABC UND KEIN BISSCHEN M\u00dcDE++ - Ahrweiler BC<\/title>\n<meta name=\"robots\" content=\"index, follow, max-snippet:-1, max-image-preview:large, max-video-preview:-1\" \/>\n<link rel=\"canonical\" href=\"https:\/\/new.ahrweilerbc.de\/en\/uncategorized\/50-jahre-abc-und-kein-bisschen-muede\/\" \/>\n<meta property=\"og:locale\" content=\"en_US\" \/>\n<meta property=\"og:type\" content=\"article\" \/>\n<meta property=\"og:title\" content=\"++50 JAHRE ABC UND KEIN BISSCHEN M\u00dcDE++ - Ahrweiler BC\" \/>\n<meta property=\"og:description\" content=\"In Zeiten, in denen das Training und die Heimspiele beim Ahrweiler BC auf neun Sportpl\u00e4tze der n\u00e4heren und weiteren Umgebung verteilt sind, ist die Sehnsucht bei Spielern, Trainern, Offiziellen und Freunden des Vereins nach ein wenig Normalit\u00e4t und Vereinsleben sehr gro\u00df. Dazu sollte ein monatlich ungezwungenes Treffen auf dem Restsportplatz in der Kreuzstra\u00dfe mit einem [&hellip;]\" \/>\n<meta property=\"og:url\" content=\"https:\/\/new.ahrweilerbc.de\/en\/uncategorized\/50-jahre-abc-und-kein-bisschen-muede\/\" \/>\n<meta property=\"og:site_name\" content=\"Ahrweiler BC\" \/>\n<meta property=\"article:published_time\" content=\"2021-10-19T12:23:13+00:00\" \/>\n<meta name=\"author\" content=\"Martin Brand\" \/>\n<meta name=\"twitter:card\" content=\"summary_large_image\" \/>\n<meta name=\"twitter:label1\" content=\"Written by\" \/>\n\t<meta name=\"twitter:data1\" content=\"Martin Brand\" \/>\n\t<meta name=\"twitter:label2\" content=\"Est. reading time\" \/>\n\t<meta name=\"twitter:data2\" content=\"2 minutes\" \/>\n<script type=\"application\/ld+json\" class=\"yoast-schema-graph\">{\"@context\":\"https:\/\/schema.org\",\"@graph\":[{\"@type\":\"Article\",\"@id\":\"https:\/\/new.ahrweilerbc.de\/uncategorized\/50-jahre-abc-und-kein-bisschen-muede\/#article\",\"isPartOf\":{\"@id\":\"https:\/\/new.ahrweilerbc.de\/uncategorized\/50-jahre-abc-und-kein-bisschen-muede\/\"},\"author\":{\"name\":\"Martin Brand\",\"@id\":\"https:\/\/new.ahrweilerbc.de\/#\/schema\/person\/bdbb38d43a0d63b77e7ecb3c6afc8f0e\"},\"headline\":\"++50 JAHRE ABC UND KEIN BISSCHEN M\u00dcDE++\",\"datePublished\":\"2021-10-19T12:23:13+00:00\",\"mainEntityOfPage\":{\"@id\":\"https:\/\/new.ahrweilerbc.de\/uncategorized\/50-jahre-abc-und-kein-bisschen-muede\/\"},\"wordCount\":323,\"publisher\":{\"@id\":\"https:\/\/new.ahrweilerbc.de\/#organization\"},\"image\":{\"@id\":\"https:\/\/new.ahrweilerbc.de\/uncategorized\/50-jahre-abc-und-kein-bisschen-muede\/#primaryimage\"},\"thumbnailUrl\":\"https:\/\/new.ahrweilerbc.de\/wp-content\/uploads\/2021\/10\/245649664_1558953947772869_7684890665846514859_n.jpg\",\"articleSection\":[\"Allgemein\"],\"inLanguage\":\"en-US\"},{\"@type\":\"WebPage\",\"@id\":\"https:\/\/new.ahrweilerbc.de\/uncategorized\/50-jahre-abc-und-kein-bisschen-muede\/\",\"url\":\"https:\/\/new.ahrweilerbc.de\/uncategorized\/50-jahre-abc-und-kein-bisschen-muede\/\",\"name\":\"++50 JAHRE ABC UND KEIN BISSCHEN M\u00dcDE++ - Ahrweiler BC\",\"isPartOf\":{\"@id\":\"https:\/\/new.ahrweilerbc.de\/#website\"},\"primaryImageOfPage\":{\"@id\":\"https:\/\/new.ahrweilerbc.de\/uncategorized\/50-jahre-abc-und-kein-bisschen-muede\/#primaryimage\"},\"image\":{\"@id\":\"https:\/\/new.ahrweilerbc.de\/uncategorized\/50-jahre-abc-und-kein-bisschen-muede\/#primaryimage\"},\"thumbnailUrl\":\"https:\/\/new.ahrweilerbc.de\/wp-content\/uploads\/2021\/10\/245649664_1558953947772869_7684890665846514859_n.jpg\",\"datePublished\":\"2021-10-19T12:23:13+00:00\",\"breadcrumb\":{\"@id\":\"https:\/\/new.ahrweilerbc.de\/uncategorized\/50-jahre-abc-und-kein-bisschen-muede\/#breadcrumb\"},\"inLanguage\":\"en-US\",\"potentialAction\":[{\"@type\":\"ReadAction\",\"target\":[\"https:\/\/new.ahrweilerbc.de\/uncategorized\/50-jahre-abc-und-kein-bisschen-muede\/\"]}]},{\"@type\":\"ImageObject\",\"inLanguage\":\"en-US\",\"@id\":\"https:\/\/new.ahrweilerbc.de\/uncategorized\/50-jahre-abc-und-kein-bisschen-muede\/#primaryimage\",\"url\":\"https:\/\/new.ahrweilerbc.de\/wp-content\/uploads\/2021\/10\/245649664_1558953947772869_7684890665846514859_n.jpg\",\"contentUrl\":\"https:\/\/new.ahrweilerbc.de\/wp-content\/uploads\/2021\/10\/245649664_1558953947772869_7684890665846514859_n.jpg\",\"width\":1301,\"height\":976},{\"@type\":\"BreadcrumbList\",\"@id\":\"https:\/\/new.ahrweilerbc.de\/uncategorized\/50-jahre-abc-und-kein-bisschen-muede\/#breadcrumb\",\"itemListElement\":[{\"@type\":\"ListItem\",\"position\":1,\"name\":\"Startseite\",\"item\":\"https:\/\/new.ahrweilerbc.de\/\"},{\"@type\":\"ListItem\",\"position\":2,\"name\":\"++50 JAHRE ABC UND KEIN BISSCHEN M\u00dcDE++\"}]},{\"@type\":\"WebSite\",\"@id\":\"https:\/\/new.ahrweilerbc.de\/#website\",\"url\":\"https:\/\/new.ahrweilerbc.de\/\",\"name\":\"Ahrweiler BC\",\"description\":\"\",\"publisher\":{\"@id\":\"https:\/\/new.ahrweilerbc.de\/#organization\"},\"potentialAction\":[{\"@type\":\"SearchAction\",\"target\":{\"@type\":\"EntryPoint\",\"urlTemplate\":\"https:\/\/new.ahrweilerbc.de\/?s={search_term_string}\"},\"query-input\":{\"@type\":\"PropertyValueSpecification\",\"valueRequired\":true,\"valueName\":\"search_term_string\"}}],\"inLanguage\":\"en-US\"},{\"@type\":\"Organization\",\"@id\":\"https:\/\/new.ahrweilerbc.de\/#organization\",\"name\":\"Ahrweiler BC\",\"url\":\"https:\/\/new.ahrweilerbc.de\/\",\"logo\":{\"@type\":\"ImageObject\",\"inLanguage\":\"en-US\",\"@id\":\"https:\/\/new.ahrweilerbc.de\/#\/schema\/logo\/image\/\",\"url\":\"https:\/\/new.ahrweilerbc.de\/wp-content\/uploads\/2025\/10\/download.svg\",\"contentUrl\":\"https:\/\/new.ahrweilerbc.de\/wp-content\/uploads\/2025\/10\/download.svg\",\"width\":960,\"height\":960,\"caption\":\"Ahrweiler BC\"},\"image\":{\"@id\":\"https:\/\/new.ahrweilerbc.de\/#\/schema\/logo\/image\/\"}},{\"@type\":\"Person\",\"@id\":\"https:\/\/new.ahrweilerbc.de\/#\/schema\/person\/bdbb38d43a0d63b77e7ecb3c6afc8f0e\",\"name\":\"Martin Brand\",\"image\":{\"@type\":\"ImageObject\",\"inLanguage\":\"en-US\",\"@id\":\"https:\/\/new.ahrweilerbc.de\/#\/schema\/person\/image\/\",\"url\":\"https:\/\/secure.gravatar.com\/avatar\/?s=96&d=mm&r=g\",\"contentUrl\":\"https:\/\/secure.gravatar.com\/avatar\/?s=96&d=mm&r=g\",\"caption\":\"Martin Brand\"},\"url\":\"https:\/\/new.ahrweilerbc.de\/en\/author\/martin-brand\/\"}]}<\/script>\n<!-- \/ Yoast SEO plugin. -->","yoast_head_json":{"title":"++50 JAHRE ABC UND KEIN BISSCHEN M\u00dcDE++ - Ahrweiler BC","robots":{"index":"index","follow":"follow","max-snippet":"max-snippet:-1","max-image-preview":"max-image-preview:large","max-video-preview":"max-video-preview:-1"},"canonical":"https:\/\/new.ahrweilerbc.de\/en\/uncategorized\/50-jahre-abc-und-kein-bisschen-muede\/","og_locale":"en_US","og_type":"article","og_title":"++50 JAHRE ABC UND KEIN BISSCHEN M\u00dcDE++ - Ahrweiler BC","og_description":"In Zeiten, in denen das Training und die Heimspiele beim Ahrweiler BC auf neun Sportpl\u00e4tze der n\u00e4heren und weiteren Umgebung verteilt sind, ist die Sehnsucht bei Spielern, Trainern, Offiziellen und Freunden des Vereins nach ein wenig Normalit\u00e4t und Vereinsleben sehr gro\u00df. Dazu sollte ein monatlich ungezwungenes Treffen auf dem Restsportplatz in der Kreuzstra\u00dfe mit einem [&hellip;]","og_url":"https:\/\/new.ahrweilerbc.de\/en\/uncategorized\/50-jahre-abc-und-kein-bisschen-muede\/","og_site_name":"Ahrweiler BC","article_published_time":"2021-10-19T12:23:13+00:00","author":"Martin Brand","twitter_card":"summary_large_image","twitter_misc":{"Written by":"Martin Brand","Est. reading time":"2 minutes"},"schema":{"@context":"https:\/\/schema.org","@graph":[{"@type":"Article","@id":"https:\/\/new.ahrweilerbc.de\/uncategorized\/50-jahre-abc-und-kein-bisschen-muede\/#article","isPartOf":{"@id":"https:\/\/new.ahrweilerbc.de\/uncategorized\/50-jahre-abc-und-kein-bisschen-muede\/"},"author":{"name":"Martin Brand","@id":"https:\/\/new.ahrweilerbc.de\/#\/schema\/person\/bdbb38d43a0d63b77e7ecb3c6afc8f0e"},"headline":"++50 JAHRE ABC UND KEIN BISSCHEN M\u00dcDE++","datePublished":"2021-10-19T12:23:13+00:00","mainEntityOfPage":{"@id":"https:\/\/new.ahrweilerbc.de\/uncategorized\/50-jahre-abc-und-kein-bisschen-muede\/"},"wordCount":323,"publisher":{"@id":"https:\/\/new.ahrweilerbc.de\/#organization"},"image":{"@id":"https:\/\/new.ahrweilerbc.de\/uncategorized\/50-jahre-abc-und-kein-bisschen-muede\/#primaryimage"},"thumbnailUrl":"https:\/\/new.ahrweilerbc.de\/wp-content\/uploads\/2021\/10\/245649664_1558953947772869_7684890665846514859_n.jpg","articleSection":["Allgemein"],"inLanguage":"en-US"},{"@type":"WebPage","@id":"https:\/\/new.ahrweilerbc.de\/uncategorized\/50-jahre-abc-und-kein-bisschen-muede\/","url":"https:\/\/new.ahrweilerbc.de\/uncategorized\/50-jahre-abc-und-kein-bisschen-muede\/","name":"++50 JAHRE ABC UND KEIN BISSCHEN M\u00dcDE++ - Ahrweiler BC","isPartOf":{"@id":"https:\/\/new.ahrweilerbc.de\/#website"},"primaryImageOfPage":{"@id":"https:\/\/new.ahrweilerbc.de\/uncategorized\/50-jahre-abc-und-kein-bisschen-muede\/#primaryimage"},"image":{"@id":"https:\/\/new.ahrweilerbc.de\/uncategorized\/50-jahre-abc-und-kein-bisschen-muede\/#primaryimage"},"thumbnailUrl":"https:\/\/new.ahrweilerbc.de\/wp-content\/uploads\/2021\/10\/245649664_1558953947772869_7684890665846514859_n.jpg","datePublished":"2021-10-19T12:23:13+00:00","breadcrumb":{"@id":"https:\/\/new.ahrweilerbc.de\/uncategorized\/50-jahre-abc-und-kein-bisschen-muede\/#breadcrumb"},"inLanguage":"en-US","potentialAction":[{"@type":"ReadAction","target":["https:\/\/new.ahrweilerbc.de\/uncategorized\/50-jahre-abc-und-kein-bisschen-muede\/"]}]},{"@type":"ImageObject","inLanguage":"en-US","@id":"https:\/\/new.ahrweilerbc.de\/uncategorized\/50-jahre-abc-und-kein-bisschen-muede\/#primaryimage","url":"https:\/\/new.ahrweilerbc.de\/wp-content\/uploads\/2021\/10\/245649664_1558953947772869_7684890665846514859_n.jpg","contentUrl":"https:\/\/new.ahrweilerbc.de\/wp-content\/uploads\/2021\/10\/245649664_1558953947772869_7684890665846514859_n.jpg","width":1301,"height":976},{"@type":"BreadcrumbList","@id":"https:\/\/new.ahrweilerbc.de\/uncategorized\/50-jahre-abc-und-kein-bisschen-muede\/#breadcrumb","itemListElement":[{"@type":"ListItem","position":1,"name":"Startseite","item":"https:\/\/new.ahrweilerbc.de\/"},{"@type":"ListItem","position":2,"name":"++50 JAHRE ABC UND KEIN BISSCHEN M\u00dcDE++"}]},{"@type":"WebSite","@id":"https:\/\/new.ahrweilerbc.de\/#website","url":"https:\/\/new.ahrweilerbc.de\/","name":"Ahrweiler BC","description":"","publisher":{"@id":"https:\/\/new.ahrweilerbc.de\/#organization"},"potentialAction":[{"@type":"SearchAction","target":{"@type":"EntryPoint","urlTemplate":"https:\/\/new.ahrweilerbc.de\/?s={search_term_string}"},"query-input":{"@type":"PropertyValueSpecification","valueRequired":true,"valueName":"search_term_string"}}],"inLanguage":"en-US"},{"@type":"Organization","@id":"https:\/\/new.ahrweilerbc.de\/#organization","name":"Ahrweiler BC","url":"https:\/\/new.ahrweilerbc.de\/","logo":{"@type":"ImageObject","inLanguage":"en-US","@id":"https:\/\/new.ahrweilerbc.de\/#\/schema\/logo\/image\/","url":"https:\/\/new.ahrweilerbc.de\/wp-content\/uploads\/2025\/10\/download.svg","contentUrl":"https:\/\/new.ahrweilerbc.de\/wp-content\/uploads\/2025\/10\/download.svg","width":960,"height":960,"caption":"Ahrweiler BC"},"image":{"@id":"https:\/\/new.ahrweilerbc.de\/#\/schema\/logo\/image\/"}},{"@type":"Person","@id":"https:\/\/new.ahrweilerbc.de\/#\/schema\/person\/bdbb38d43a0d63b77e7ecb3c6afc8f0e","name":"Martin Brand","image":{"@type":"ImageObject","inLanguage":"en-US","@id":"https:\/\/new.ahrweilerbc.de\/#\/schema\/person\/image\/","url":"https:\/\/secure.gravatar.com\/avatar\/?s=96&d=mm&r=g","contentUrl":"https:\/\/secure.gravatar.com\/avatar\/?s=96&d=mm&r=g","caption":"Martin Brand"},"url":"https:\/\/new.ahrweilerbc.de\/en\/author\/martin-brand\/"}]}},"_links":{"self":[{"href":"https:\/\/new.ahrweilerbc.de\/en\/wp-json\/wp\/v2\/posts\/15693","targetHints":{"allow":["GET"]}}],"collection":[{"href":"https:\/\/new.ahrweilerbc.de\/en\/wp-json\/wp\/v2\/posts"}],"about":[{"href":"https:\/\/new.ahrweilerbc.de\/en\/wp-json\/wp\/v2\/types\/post"}],"author":[{"embeddable":true,"href":"https:\/\/new.ahrweilerbc.de\/en\/wp-json\/wp\/v2\/users\/2"}],"replies":[{"embeddable":true,"href":"https:\/\/new.ahrweilerbc.de\/en\/wp-json\/wp\/v2\/comments?post=15693"}],"version-history":[{"count":0,"href":"https:\/\/new.ahrweilerbc.de\/en\/wp-json\/wp\/v2\/posts\/15693\/revisions"}],"wp:featuredmedia":[{"embeddable":true,"href":"https:\/\/new.ahrweilerbc.de\/en\/wp-json\/wp\/v2\/media\/15694"}],"wp:attachment":[{"href":"https:\/\/new.ahrweilerbc.de\/en\/wp-json\/wp\/v2\/media?parent=15693"}],"wp:term":[{"taxonomy":"category","embeddable":true,"href":"https:\/\/new.ahrweilerbc.de\/en\/wp-json\/wp\/v2\/categories?post=15693"},{"taxonomy":"post_tag","embeddable":true,"href":"https:\/\/new.ahrweilerbc.de\/en\/wp-json\/wp\/v2\/tags?post=15693"}],"curies":[{"name":"wp","href":"https:\/\/api.w.org\/{rel}","templated":true}]}}