{"id":15712,"date":"2021-10-22T09:35:04","date_gmt":"2021-10-22T07:35:04","guid":{"rendered":"https:\/\/ahrweilerbc.com\/?p=15712"},"modified":"2021-10-22T09:35:04","modified_gmt":"2021-10-22T07:35:04","slug":"der-1-fc-sulzbach-laesst-die-jugend-nicht-haengen-und-unterstuetzt-den-abc-nachwuchs","status":"publish","type":"post","link":"https:\/\/new.ahrweilerbc.de\/en\/allgemein\/der-1-fc-sulzbach-laesst-die-jugend-nicht-haengen-und-unterstuetzt-den-abc-nachwuchs\/","title":{"rendered":"++DER 1.FC SULZBACH L\u00c4SST DIE JUGEND NICHT H\u00c4NGEN UND UNTERST\u00dcTZT DEN ABC-NACHWUCHS++"},"content":{"rendered":"<p>Auch im Taunus wurden die Auswirkungen der schrecklichen Flutkatastrophe im Ahrtal mit Betroffenheit zur Kenntnis genommen. F\u00fcr den vom 1. Vorsitzenden Ottmar Heyer gef\u00fchrten ca. 400 mitgliederstarken Fu\u00dfballverein mit knapp 200\u00a0 aktiven Jugendfu\u00dfballer(innen) war es selbstverst\u00e4ndlich, die in die Not geratenen Nachwuchskicker des Ahrweiler BC zu unterst\u00fctzen. Zusammen mit dem 2. Vorsitzenden Sven Freund und Gesch\u00e4ftsf\u00fchrer Alexander Jahn stellte Heyer in Zusammenarbeit mit dem in Sulzbach ans\u00e4ssigen Ausr\u00fcster Sport-Agentur Klein ein gro\u00dfz\u00fcgiges und auf die Bed\u00fcrfnisse der Kinder und Jugendliche ma\u00dfgeschneidertes Paket an Trainingsmaterialien zusammen. Freund und Heyer lie\u00dfen es sich nicht nehmen, dieses Paket pers\u00f6nlich in der Kreisstadt an der Ahr abzugeben. Stellvertretend f\u00fcr die Nachwuchsabteilung nahm Vorstandsmitglied Gianfranco Di Francesco sehr erfreut die Sachspende entgegen. \u201eEs ist toll, was der 1. FC Sulzbach f\u00fcr uns getan hat. Es hat mich auch sehr gefreut die Bekanntschaft von Sven und Ottmar gemacht zu haben. Zwei sehr sympathische Macher, die wir sp\u00e4testens im n\u00e4chsten Jahr beim Gegenbesuch in Sulzbach wieder treffen werden\u201c, erkl\u00e4rte Di Francesco.<\/p>\n<p>Der Ahrweiler BC bedankt sich ganz herzlich beim 1.FC Sulzbach.<\/p>","protected":false},"excerpt":{"rendered":"<p>Auch im Taunus wurden die Auswirkungen der schrecklichen Flutkatastrophe im Ahrtal mit Betroffenheit zur Kenntnis genommen. F\u00fcr den vom 1. Vorsitzenden Ottmar Heyer gef\u00fchrten ca. 400 mitgliederstarken Fu\u00dfballverein mit knapp 200\u00a0 aktiven Jugendfu\u00dfballer(innen) war es selbstverst\u00e4ndlich, die in die Not geratenen Nachwuchskicker des Ahrweiler BC zu unterst\u00fctzen. Zusammen mit dem 2. Vorsitzenden Sven Freund und [&hellip;]<\/p>","protected":false},"author":2,"featured_media":15713,"comment_status":"closed","ping_status":"open","sticky":false,"template":"","format":"standard","meta":{"footnotes":""},"categories":[18],"tags":[],"class_list":["post-15712","post","type-post","status-publish","format-standard","has-post-thumbnail","hentry","category-allgemein"],"yoast_head":"<!-- This site is optimized with the Yoast SEO plugin v26.1.1 - https:\/\/yoast.com\/wordpress\/plugins\/seo\/ -->\n<title>++DER 1.FC SULZBACH L\u00c4SST DIE JUGEND NICHT H\u00c4NGEN UND UNTERST\u00dcTZT DEN ABC-NACHWUCHS++ - Ahrweiler BC<\/title>\n<meta name=\"robots\" content=\"index, follow, max-snippet:-1, max-image-preview:large, max-video-preview:-1\" \/>\n<link rel=\"canonical\" href=\"https:\/\/new.ahrweilerbc.de\/en\/uncategorized\/der-1-fc-sulzbach-laesst-die-jugend-nicht-haengen-und-unterstuetzt-den-abc-nachwuchs\/\" \/>\n<meta property=\"og:locale\" content=\"en_US\" \/>\n<meta property=\"og:type\" content=\"article\" \/>\n<meta property=\"og:title\" content=\"++DER 1.FC SULZBACH L\u00c4SST DIE JUGEND NICHT H\u00c4NGEN UND UNTERST\u00dcTZT DEN ABC-NACHWUCHS++ - Ahrweiler BC\" \/>\n<meta property=\"og:description\" content=\"Auch im Taunus wurden die Auswirkungen der schrecklichen Flutkatastrophe im Ahrtal mit Betroffenheit zur Kenntnis genommen. F\u00fcr den vom 1. Vorsitzenden Ottmar Heyer gef\u00fchrten ca. 400 mitgliederstarken Fu\u00dfballverein mit knapp 200\u00a0 aktiven Jugendfu\u00dfballer(innen) war es selbstverst\u00e4ndlich, die in die Not geratenen Nachwuchskicker des Ahrweiler BC zu unterst\u00fctzen. Zusammen mit dem 2. Vorsitzenden Sven Freund und [&hellip;]\" \/>\n<meta property=\"og:url\" content=\"https:\/\/new.ahrweilerbc.de\/en\/uncategorized\/der-1-fc-sulzbach-laesst-die-jugend-nicht-haengen-und-unterstuetzt-den-abc-nachwuchs\/\" \/>\n<meta property=\"og:site_name\" content=\"Ahrweiler BC\" \/>\n<meta property=\"article:published_time\" content=\"2021-10-22T07:35:04+00:00\" \/>\n<meta name=\"author\" content=\"Martin Brand\" \/>\n<meta name=\"twitter:card\" content=\"summary_large_image\" \/>\n<meta name=\"twitter:label1\" content=\"Written by\" \/>\n\t<meta name=\"twitter:data1\" content=\"Martin Brand\" \/>\n\t<meta name=\"twitter:label2\" content=\"Est. reading time\" \/>\n\t<meta name=\"twitter:data2\" content=\"1 minute\" \/>\n<script type=\"application\/ld+json\" class=\"yoast-schema-graph\">{\"@context\":\"https:\/\/schema.org\",\"@graph\":[{\"@type\":\"Article\",\"@id\":\"https:\/\/new.ahrweilerbc.de\/uncategorized\/der-1-fc-sulzbach-laesst-die-jugend-nicht-haengen-und-unterstuetzt-den-abc-nachwuchs\/#article\",\"isPartOf\":{\"@id\":\"https:\/\/new.ahrweilerbc.de\/uncategorized\/der-1-fc-sulzbach-laesst-die-jugend-nicht-haengen-und-unterstuetzt-den-abc-nachwuchs\/\"},\"author\":{\"name\":\"Martin Brand\",\"@id\":\"https:\/\/new.ahrweilerbc.de\/#\/schema\/person\/bdbb38d43a0d63b77e7ecb3c6afc8f0e\"},\"headline\":\"++DER 1.FC SULZBACH L\u00c4SST DIE JUGEND NICHT H\u00c4NGEN UND UNTERST\u00dcTZT DEN ABC-NACHWUCHS++\",\"datePublished\":\"2021-10-22T07:35:04+00:00\",\"mainEntityOfPage\":{\"@id\":\"https:\/\/new.ahrweilerbc.de\/uncategorized\/der-1-fc-sulzbach-laesst-die-jugend-nicht-haengen-und-unterstuetzt-den-abc-nachwuchs\/\"},\"wordCount\":206,\"publisher\":{\"@id\":\"https:\/\/new.ahrweilerbc.de\/#organization\"},\"image\":{\"@id\":\"https:\/\/new.ahrweilerbc.de\/uncategorized\/der-1-fc-sulzbach-laesst-die-jugend-nicht-haengen-und-unterstuetzt-den-abc-nachwuchs\/#primaryimage\"},\"thumbnailUrl\":\"https:\/\/new.ahrweilerbc.de\/wp-content\/uploads\/2021\/10\/247262993_920150778909592_2901007274462662882_n.jpg\",\"articleSection\":[\"Allgemein\"],\"inLanguage\":\"en-US\"},{\"@type\":\"WebPage\",\"@id\":\"https:\/\/new.ahrweilerbc.de\/uncategorized\/der-1-fc-sulzbach-laesst-die-jugend-nicht-haengen-und-unterstuetzt-den-abc-nachwuchs\/\",\"url\":\"https:\/\/new.ahrweilerbc.de\/uncategorized\/der-1-fc-sulzbach-laesst-die-jugend-nicht-haengen-und-unterstuetzt-den-abc-nachwuchs\/\",\"name\":\"++DER 1.FC SULZBACH L\u00c4SST DIE JUGEND NICHT H\u00c4NGEN UND UNTERST\u00dcTZT DEN ABC-NACHWUCHS++ - Ahrweiler BC\",\"isPartOf\":{\"@id\":\"https:\/\/new.ahrweilerbc.de\/#website\"},\"primaryImageOfPage\":{\"@id\":\"https:\/\/new.ahrweilerbc.de\/uncategorized\/der-1-fc-sulzbach-laesst-die-jugend-nicht-haengen-und-unterstuetzt-den-abc-nachwuchs\/#primaryimage\"},\"image\":{\"@id\":\"https:\/\/new.ahrweilerbc.de\/uncategorized\/der-1-fc-sulzbach-laesst-die-jugend-nicht-haengen-und-unterstuetzt-den-abc-nachwuchs\/#primaryimage\"},\"thumbnailUrl\":\"https:\/\/new.ahrweilerbc.de\/wp-content\/uploads\/2021\/10\/247262993_920150778909592_2901007274462662882_n.jpg\",\"datePublished\":\"2021-10-22T07:35:04+00:00\",\"breadcrumb\":{\"@id\":\"https:\/\/new.ahrweilerbc.de\/uncategorized\/der-1-fc-sulzbach-laesst-die-jugend-nicht-haengen-und-unterstuetzt-den-abc-nachwuchs\/#breadcrumb\"},\"inLanguage\":\"en-US\",\"potentialAction\":[{\"@type\":\"ReadAction\",\"target\":[\"https:\/\/new.ahrweilerbc.de\/uncategorized\/der-1-fc-sulzbach-laesst-die-jugend-nicht-haengen-und-unterstuetzt-den-abc-nachwuchs\/\"]}]},{\"@type\":\"ImageObject\",\"inLanguage\":\"en-US\",\"@id\":\"https:\/\/new.ahrweilerbc.de\/uncategorized\/der-1-fc-sulzbach-laesst-die-jugend-nicht-haengen-und-unterstuetzt-den-abc-nachwuchs\/#primaryimage\",\"url\":\"https:\/\/new.ahrweilerbc.de\/wp-content\/uploads\/2021\/10\/247262993_920150778909592_2901007274462662882_n.jpg\",\"contentUrl\":\"https:\/\/new.ahrweilerbc.de\/wp-content\/uploads\/2021\/10\/247262993_920150778909592_2901007274462662882_n.jpg\",\"width\":1301,\"height\":976},{\"@type\":\"BreadcrumbList\",\"@id\":\"https:\/\/new.ahrweilerbc.de\/uncategorized\/der-1-fc-sulzbach-laesst-die-jugend-nicht-haengen-und-unterstuetzt-den-abc-nachwuchs\/#breadcrumb\",\"itemListElement\":[{\"@type\":\"ListItem\",\"position\":1,\"name\":\"Startseite\",\"item\":\"https:\/\/new.ahrweilerbc.de\/\"},{\"@type\":\"ListItem\",\"position\":2,\"name\":\"++DER 1.FC SULZBACH L\u00c4SST DIE JUGEND NICHT H\u00c4NGEN UND UNTERST\u00dcTZT DEN ABC-NACHWUCHS++\"}]},{\"@type\":\"WebSite\",\"@id\":\"https:\/\/new.ahrweilerbc.de\/#website\",\"url\":\"https:\/\/new.ahrweilerbc.de\/\",\"name\":\"Ahrweiler BC\",\"description\":\"\",\"publisher\":{\"@id\":\"https:\/\/new.ahrweilerbc.de\/#organization\"},\"potentialAction\":[{\"@type\":\"SearchAction\",\"target\":{\"@type\":\"EntryPoint\",\"urlTemplate\":\"https:\/\/new.ahrweilerbc.de\/?s={search_term_string}\"},\"query-input\":{\"@type\":\"PropertyValueSpecification\",\"valueRequired\":true,\"valueName\":\"search_term_string\"}}],\"inLanguage\":\"en-US\"},{\"@type\":\"Organization\",\"@id\":\"https:\/\/new.ahrweilerbc.de\/#organization\",\"name\":\"Ahrweiler BC\",\"url\":\"https:\/\/new.ahrweilerbc.de\/\",\"logo\":{\"@type\":\"ImageObject\",\"inLanguage\":\"en-US\",\"@id\":\"https:\/\/new.ahrweilerbc.de\/#\/schema\/logo\/image\/\",\"url\":\"https:\/\/new.ahrweilerbc.de\/wp-content\/uploads\/2025\/10\/download.svg\",\"contentUrl\":\"https:\/\/new.ahrweilerbc.de\/wp-content\/uploads\/2025\/10\/download.svg\",\"width\":960,\"height\":960,\"caption\":\"Ahrweiler BC\"},\"image\":{\"@id\":\"https:\/\/new.ahrweilerbc.de\/#\/schema\/logo\/image\/\"}},{\"@type\":\"Person\",\"@id\":\"https:\/\/new.ahrweilerbc.de\/#\/schema\/person\/bdbb38d43a0d63b77e7ecb3c6afc8f0e\",\"name\":\"Martin Brand\",\"image\":{\"@type\":\"ImageObject\",\"inLanguage\":\"en-US\",\"@id\":\"https:\/\/new.ahrweilerbc.de\/#\/schema\/person\/image\/\",\"url\":\"https:\/\/secure.gravatar.com\/avatar\/?s=96&d=mm&r=g\",\"contentUrl\":\"https:\/\/secure.gravatar.com\/avatar\/?s=96&d=mm&r=g\",\"caption\":\"Martin Brand\"},\"url\":\"https:\/\/new.ahrweilerbc.de\/en\/author\/martin-brand\/\"}]}<\/script>\n<!-- \/ Yoast SEO plugin. -->","yoast_head_json":{"title":"++DER 1.FC SULZBACH L\u00c4SST DIE JUGEND NICHT H\u00c4NGEN UND UNTERST\u00dcTZT DEN ABC-NACHWUCHS++ - Ahrweiler BC","robots":{"index":"index","follow":"follow","max-snippet":"max-snippet:-1","max-image-preview":"max-image-preview:large","max-video-preview":"max-video-preview:-1"},"canonical":"https:\/\/new.ahrweilerbc.de\/en\/uncategorized\/der-1-fc-sulzbach-laesst-die-jugend-nicht-haengen-und-unterstuetzt-den-abc-nachwuchs\/","og_locale":"en_US","og_type":"article","og_title":"++DER 1.FC SULZBACH L\u00c4SST DIE JUGEND NICHT H\u00c4NGEN UND UNTERST\u00dcTZT DEN ABC-NACHWUCHS++ - Ahrweiler BC","og_description":"Auch im Taunus wurden die Auswirkungen der schrecklichen Flutkatastrophe im Ahrtal mit Betroffenheit zur Kenntnis genommen. F\u00fcr den vom 1. Vorsitzenden Ottmar Heyer gef\u00fchrten ca. 400 mitgliederstarken Fu\u00dfballverein mit knapp 200\u00a0 aktiven Jugendfu\u00dfballer(innen) war es selbstverst\u00e4ndlich, die in die Not geratenen Nachwuchskicker des Ahrweiler BC zu unterst\u00fctzen. Zusammen mit dem 2. Vorsitzenden Sven Freund und [&hellip;]","og_url":"https:\/\/new.ahrweilerbc.de\/en\/uncategorized\/der-1-fc-sulzbach-laesst-die-jugend-nicht-haengen-und-unterstuetzt-den-abc-nachwuchs\/","og_site_name":"Ahrweiler BC","article_published_time":"2021-10-22T07:35:04+00:00","author":"Martin Brand","twitter_card":"summary_large_image","twitter_misc":{"Written by":"Martin Brand","Est. reading time":"1 minute"},"schema":{"@context":"https:\/\/schema.org","@graph":[{"@type":"Article","@id":"https:\/\/new.ahrweilerbc.de\/uncategorized\/der-1-fc-sulzbach-laesst-die-jugend-nicht-haengen-und-unterstuetzt-den-abc-nachwuchs\/#article","isPartOf":{"@id":"https:\/\/new.ahrweilerbc.de\/uncategorized\/der-1-fc-sulzbach-laesst-die-jugend-nicht-haengen-und-unterstuetzt-den-abc-nachwuchs\/"},"author":{"name":"Martin Brand","@id":"https:\/\/new.ahrweilerbc.de\/#\/schema\/person\/bdbb38d43a0d63b77e7ecb3c6afc8f0e"},"headline":"++DER 1.FC SULZBACH L\u00c4SST DIE JUGEND NICHT H\u00c4NGEN UND UNTERST\u00dcTZT DEN ABC-NACHWUCHS++","datePublished":"2021-10-22T07:35:04+00:00","mainEntityOfPage":{"@id":"https:\/\/new.ahrweilerbc.de\/uncategorized\/der-1-fc-sulzbach-laesst-die-jugend-nicht-haengen-und-unterstuetzt-den-abc-nachwuchs\/"},"wordCount":206,"publisher":{"@id":"https:\/\/new.ahrweilerbc.de\/#organization"},"image":{"@id":"https:\/\/new.ahrweilerbc.de\/uncategorized\/der-1-fc-sulzbach-laesst-die-jugend-nicht-haengen-und-unterstuetzt-den-abc-nachwuchs\/#primaryimage"},"thumbnailUrl":"https:\/\/new.ahrweilerbc.de\/wp-content\/uploads\/2021\/10\/247262993_920150778909592_2901007274462662882_n.jpg","articleSection":["Allgemein"],"inLanguage":"en-US"},{"@type":"WebPage","@id":"https:\/\/new.ahrweilerbc.de\/uncategorized\/der-1-fc-sulzbach-laesst-die-jugend-nicht-haengen-und-unterstuetzt-den-abc-nachwuchs\/","url":"https:\/\/new.ahrweilerbc.de\/uncategorized\/der-1-fc-sulzbach-laesst-die-jugend-nicht-haengen-und-unterstuetzt-den-abc-nachwuchs\/","name":"++DER 1.FC SULZBACH L\u00c4SST DIE JUGEND NICHT H\u00c4NGEN UND UNTERST\u00dcTZT DEN ABC-NACHWUCHS++ - Ahrweiler BC","isPartOf":{"@id":"https:\/\/new.ahrweilerbc.de\/#website"},"primaryImageOfPage":{"@id":"https:\/\/new.ahrweilerbc.de\/uncategorized\/der-1-fc-sulzbach-laesst-die-jugend-nicht-haengen-und-unterstuetzt-den-abc-nachwuchs\/#primaryimage"},"image":{"@id":"https:\/\/new.ahrweilerbc.de\/uncategorized\/der-1-fc-sulzbach-laesst-die-jugend-nicht-haengen-und-unterstuetzt-den-abc-nachwuchs\/#primaryimage"},"thumbnailUrl":"https:\/\/new.ahrweilerbc.de\/wp-content\/uploads\/2021\/10\/247262993_920150778909592_2901007274462662882_n.jpg","datePublished":"2021-10-22T07:35:04+00:00","breadcrumb":{"@id":"https:\/\/new.ahrweilerbc.de\/uncategorized\/der-1-fc-sulzbach-laesst-die-jugend-nicht-haengen-und-unterstuetzt-den-abc-nachwuchs\/#breadcrumb"},"inLanguage":"en-US","potentialAction":[{"@type":"ReadAction","target":["https:\/\/new.ahrweilerbc.de\/uncategorized\/der-1-fc-sulzbach-laesst-die-jugend-nicht-haengen-und-unterstuetzt-den-abc-nachwuchs\/"]}]},{"@type":"ImageObject","inLanguage":"en-US","@id":"https:\/\/new.ahrweilerbc.de\/uncategorized\/der-1-fc-sulzbach-laesst-die-jugend-nicht-haengen-und-unterstuetzt-den-abc-nachwuchs\/#primaryimage","url":"https:\/\/new.ahrweilerbc.de\/wp-content\/uploads\/2021\/10\/247262993_920150778909592_2901007274462662882_n.jpg","contentUrl":"https:\/\/new.ahrweilerbc.de\/wp-content\/uploads\/2021\/10\/247262993_920150778909592_2901007274462662882_n.jpg","width":1301,"height":976},{"@type":"BreadcrumbList","@id":"https:\/\/new.ahrweilerbc.de\/uncategorized\/der-1-fc-sulzbach-laesst-die-jugend-nicht-haengen-und-unterstuetzt-den-abc-nachwuchs\/#breadcrumb","itemListElement":[{"@type":"ListItem","position":1,"name":"Startseite","item":"https:\/\/new.ahrweilerbc.de\/"},{"@type":"ListItem","position":2,"name":"++DER 1.FC SULZBACH L\u00c4SST DIE JUGEND NICHT H\u00c4NGEN UND UNTERST\u00dcTZT DEN ABC-NACHWUCHS++"}]},{"@type":"WebSite","@id":"https:\/\/new.ahrweilerbc.de\/#website","url":"https:\/\/new.ahrweilerbc.de\/","name":"Ahrweiler BC","description":"","publisher":{"@id":"https:\/\/new.ahrweilerbc.de\/#organization"},"potentialAction":[{"@type":"SearchAction","target":{"@type":"EntryPoint","urlTemplate":"https:\/\/new.ahrweilerbc.de\/?s={search_term_string}"},"query-input":{"@type":"PropertyValueSpecification","valueRequired":true,"valueName":"search_term_string"}}],"inLanguage":"en-US"},{"@type":"Organization","@id":"https:\/\/new.ahrweilerbc.de\/#organization","name":"Ahrweiler BC","url":"https:\/\/new.ahrweilerbc.de\/","logo":{"@type":"ImageObject","inLanguage":"en-US","@id":"https:\/\/new.ahrweilerbc.de\/#\/schema\/logo\/image\/","url":"https:\/\/new.ahrweilerbc.de\/wp-content\/uploads\/2025\/10\/download.svg","contentUrl":"https:\/\/new.ahrweilerbc.de\/wp-content\/uploads\/2025\/10\/download.svg","width":960,"height":960,"caption":"Ahrweiler BC"},"image":{"@id":"https:\/\/new.ahrweilerbc.de\/#\/schema\/logo\/image\/"}},{"@type":"Person","@id":"https:\/\/new.ahrweilerbc.de\/#\/schema\/person\/bdbb38d43a0d63b77e7ecb3c6afc8f0e","name":"Martin Brand","image":{"@type":"ImageObject","inLanguage":"en-US","@id":"https:\/\/new.ahrweilerbc.de\/#\/schema\/person\/image\/","url":"https:\/\/secure.gravatar.com\/avatar\/?s=96&d=mm&r=g","contentUrl":"https:\/\/secure.gravatar.com\/avatar\/?s=96&d=mm&r=g","caption":"Martin Brand"},"url":"https:\/\/new.ahrweilerbc.de\/en\/author\/martin-brand\/"}]}},"_links":{"self":[{"href":"https:\/\/new.ahrweilerbc.de\/en\/wp-json\/wp\/v2\/posts\/15712","targetHints":{"allow":["GET"]}}],"collection":[{"href":"https:\/\/new.ahrweilerbc.de\/en\/wp-json\/wp\/v2\/posts"}],"about":[{"href":"https:\/\/new.ahrweilerbc.de\/en\/wp-json\/wp\/v2\/types\/post"}],"author":[{"embeddable":true,"href":"https:\/\/new.ahrweilerbc.de\/en\/wp-json\/wp\/v2\/users\/2"}],"replies":[{"embeddable":true,"href":"https:\/\/new.ahrweilerbc.de\/en\/wp-json\/wp\/v2\/comments?post=15712"}],"version-history":[{"count":0,"href":"https:\/\/new.ahrweilerbc.de\/en\/wp-json\/wp\/v2\/posts\/15712\/revisions"}],"wp:featuredmedia":[{"embeddable":true,"href":"https:\/\/new.ahrweilerbc.de\/en\/wp-json\/wp\/v2\/media\/15713"}],"wp:attachment":[{"href":"https:\/\/new.ahrweilerbc.de\/en\/wp-json\/wp\/v2\/media?parent=15712"}],"wp:term":[{"taxonomy":"category","embeddable":true,"href":"https:\/\/new.ahrweilerbc.de\/en\/wp-json\/wp\/v2\/categories?post=15712"},{"taxonomy":"post_tag","embeddable":true,"href":"https:\/\/new.ahrweilerbc.de\/en\/wp-json\/wp\/v2\/tags?post=15712"}],"curies":[{"name":"wp","href":"https:\/\/api.w.org\/{rel}","templated":true}]}}