{"id":15739,"date":"2021-10-28T09:14:56","date_gmt":"2021-10-28T07:14:56","guid":{"rendered":"https:\/\/ahrweilerbc.com\/?p=15739"},"modified":"2021-10-28T09:14:56","modified_gmt":"2021-10-28T07:14:56","slug":"ein-jahr-bauhaus-in-bad-neuenahr-ahrweiler","status":"publish","type":"post","link":"https:\/\/new.ahrweilerbc.de\/en\/allgemein\/ein-jahr-bauhaus-in-bad-neuenahr-ahrweiler\/","title":{"rendered":"++Ein Jahr BAUHAUS in Bad Neuenahr-Ahrweiler++"},"content":{"rendered":"<p>Unser zuverl\u00e4ssiger Premiumpartner BAUHAUS hat, auch wenn es ein sehr schwieriges und durch Corona sowie die Flutkatastrophe gepr\u00e4gtes Jahr war, einen kleinen Grund zu feiern. Seit einem Jahr bietet Gesch\u00e4ftsleiter Mario Doll und sein ca. 50-k\u00f6pfige Mitarbeiterteam Qualit\u00e4tsprodukte aus den Bereichen Werkstatt, Haus und Garten.<\/p>\n<p>Am letzten Samstag gab es zur Freude der zahlreichen Kundschaft Kaffee und Kuchen, die von Mitgliedern des Vorstandes sowie den Seniorenmannschaften am ABC-Fanshop \u00fcberreicht wurden.<\/p>\n<p>Wir gratulieren unserem Partner zu diesem ersten kleinen Jubil\u00e4um und w\u00fcnschen viele, viele weitere erfolgreiche Jahr in der Doppelstadt. Der Erl\u00f6s des Kaffee- und Kuchenverkaufs spendete Mario Doll dankenswerterweise der Jugendabteilung des Ahrweiler BC.<\/p>\n<p>Foto<br \/>\n(v.l.n.r.): U23-Spieler Max Bernards (l.) Mario Doll (Gesch\u00e4ftsleiter BAUHAUS) sowie ABC-Jugendleiter Gerd Treffer.<\/p>","protected":false},"excerpt":{"rendered":"<p>Unser zuverl\u00e4ssiger Premiumpartner BAUHAUS hat, auch wenn es ein sehr schwieriges und durch Corona sowie die Flutkatastrophe gepr\u00e4gtes Jahr war, einen kleinen Grund zu feiern. Seit einem Jahr bietet Gesch\u00e4ftsleiter Mario Doll und sein ca. 50-k\u00f6pfige Mitarbeiterteam Qualit\u00e4tsprodukte aus den Bereichen Werkstatt, Haus und Garten. Am letzten Samstag gab es zur Freude der zahlreichen Kundschaft [&hellip;]<\/p>","protected":false},"author":2,"featured_media":15740,"comment_status":"closed","ping_status":"open","sticky":false,"template":"","format":"standard","meta":{"footnotes":""},"categories":[18],"tags":[],"class_list":["post-15739","post","type-post","status-publish","format-standard","has-post-thumbnail","hentry","category-allgemein"],"yoast_head":"<!-- This site is optimized with the Yoast SEO plugin v26.1.1 - https:\/\/yoast.com\/wordpress\/plugins\/seo\/ -->\n<title>++Ein Jahr BAUHAUS in Bad Neuenahr-Ahrweiler++ - Ahrweiler BC<\/title>\n<meta name=\"robots\" content=\"index, follow, max-snippet:-1, max-image-preview:large, max-video-preview:-1\" \/>\n<link rel=\"canonical\" href=\"https:\/\/new.ahrweilerbc.de\/en\/uncategorized\/ein-jahr-bauhaus-in-bad-neuenahr-ahrweiler\/\" \/>\n<meta property=\"og:locale\" content=\"en_US\" \/>\n<meta property=\"og:type\" content=\"article\" \/>\n<meta property=\"og:title\" content=\"++Ein Jahr BAUHAUS in Bad Neuenahr-Ahrweiler++ - Ahrweiler BC\" \/>\n<meta property=\"og:description\" content=\"Unser zuverl\u00e4ssiger Premiumpartner BAUHAUS hat, auch wenn es ein sehr schwieriges und durch Corona sowie die Flutkatastrophe gepr\u00e4gtes Jahr war, einen kleinen Grund zu feiern. Seit einem Jahr bietet Gesch\u00e4ftsleiter Mario Doll und sein ca. 50-k\u00f6pfige Mitarbeiterteam Qualit\u00e4tsprodukte aus den Bereichen Werkstatt, Haus und Garten. Am letzten Samstag gab es zur Freude der zahlreichen Kundschaft [&hellip;]\" \/>\n<meta property=\"og:url\" content=\"https:\/\/new.ahrweilerbc.de\/en\/uncategorized\/ein-jahr-bauhaus-in-bad-neuenahr-ahrweiler\/\" \/>\n<meta property=\"og:site_name\" content=\"Ahrweiler BC\" \/>\n<meta property=\"article:published_time\" content=\"2021-10-28T07:14:56+00:00\" \/>\n<meta name=\"author\" content=\"Martin Brand\" \/>\n<meta name=\"twitter:card\" content=\"summary_large_image\" \/>\n<meta name=\"twitter:label1\" content=\"Written by\" \/>\n\t<meta name=\"twitter:data1\" content=\"Martin Brand\" \/>\n\t<meta name=\"twitter:label2\" content=\"Est. reading time\" \/>\n\t<meta name=\"twitter:data2\" content=\"1 minute\" \/>\n<script type=\"application\/ld+json\" class=\"yoast-schema-graph\">{\"@context\":\"https:\/\/schema.org\",\"@graph\":[{\"@type\":\"Article\",\"@id\":\"https:\/\/new.ahrweilerbc.de\/uncategorized\/ein-jahr-bauhaus-in-bad-neuenahr-ahrweiler\/#article\",\"isPartOf\":{\"@id\":\"https:\/\/new.ahrweilerbc.de\/uncategorized\/ein-jahr-bauhaus-in-bad-neuenahr-ahrweiler\/\"},\"author\":{\"name\":\"Martin Brand\",\"@id\":\"https:\/\/new.ahrweilerbc.de\/#\/schema\/person\/bdbb38d43a0d63b77e7ecb3c6afc8f0e\"},\"headline\":\"++Ein Jahr BAUHAUS in Bad Neuenahr-Ahrweiler++\",\"datePublished\":\"2021-10-28T07:14:56+00:00\",\"mainEntityOfPage\":{\"@id\":\"https:\/\/new.ahrweilerbc.de\/uncategorized\/ein-jahr-bauhaus-in-bad-neuenahr-ahrweiler\/\"},\"wordCount\":137,\"publisher\":{\"@id\":\"https:\/\/new.ahrweilerbc.de\/#organization\"},\"image\":{\"@id\":\"https:\/\/new.ahrweilerbc.de\/uncategorized\/ein-jahr-bauhaus-in-bad-neuenahr-ahrweiler\/#primaryimage\"},\"thumbnailUrl\":\"https:\/\/new.ahrweilerbc.de\/wp-content\/uploads\/2021\/10\/248425848_3060056527585310_2839349900980997077_n.jpg\",\"articleSection\":[\"Allgemein\"],\"inLanguage\":\"en-US\"},{\"@type\":\"WebPage\",\"@id\":\"https:\/\/new.ahrweilerbc.de\/uncategorized\/ein-jahr-bauhaus-in-bad-neuenahr-ahrweiler\/\",\"url\":\"https:\/\/new.ahrweilerbc.de\/uncategorized\/ein-jahr-bauhaus-in-bad-neuenahr-ahrweiler\/\",\"name\":\"++Ein Jahr BAUHAUS in Bad Neuenahr-Ahrweiler++ - Ahrweiler BC\",\"isPartOf\":{\"@id\":\"https:\/\/new.ahrweilerbc.de\/#website\"},\"primaryImageOfPage\":{\"@id\":\"https:\/\/new.ahrweilerbc.de\/uncategorized\/ein-jahr-bauhaus-in-bad-neuenahr-ahrweiler\/#primaryimage\"},\"image\":{\"@id\":\"https:\/\/new.ahrweilerbc.de\/uncategorized\/ein-jahr-bauhaus-in-bad-neuenahr-ahrweiler\/#primaryimage\"},\"thumbnailUrl\":\"https:\/\/new.ahrweilerbc.de\/wp-content\/uploads\/2021\/10\/248425848_3060056527585310_2839349900980997077_n.jpg\",\"datePublished\":\"2021-10-28T07:14:56+00:00\",\"breadcrumb\":{\"@id\":\"https:\/\/new.ahrweilerbc.de\/uncategorized\/ein-jahr-bauhaus-in-bad-neuenahr-ahrweiler\/#breadcrumb\"},\"inLanguage\":\"en-US\",\"potentialAction\":[{\"@type\":\"ReadAction\",\"target\":[\"https:\/\/new.ahrweilerbc.de\/uncategorized\/ein-jahr-bauhaus-in-bad-neuenahr-ahrweiler\/\"]}]},{\"@type\":\"ImageObject\",\"inLanguage\":\"en-US\",\"@id\":\"https:\/\/new.ahrweilerbc.de\/uncategorized\/ein-jahr-bauhaus-in-bad-neuenahr-ahrweiler\/#primaryimage\",\"url\":\"https:\/\/new.ahrweilerbc.de\/wp-content\/uploads\/2021\/10\/248425848_3060056527585310_2839349900980997077_n.jpg\",\"contentUrl\":\"https:\/\/new.ahrweilerbc.de\/wp-content\/uploads\/2021\/10\/248425848_3060056527585310_2839349900980997077_n.jpg\",\"width\":2048,\"height\":1536},{\"@type\":\"BreadcrumbList\",\"@id\":\"https:\/\/new.ahrweilerbc.de\/uncategorized\/ein-jahr-bauhaus-in-bad-neuenahr-ahrweiler\/#breadcrumb\",\"itemListElement\":[{\"@type\":\"ListItem\",\"position\":1,\"name\":\"Startseite\",\"item\":\"https:\/\/new.ahrweilerbc.de\/\"},{\"@type\":\"ListItem\",\"position\":2,\"name\":\"++Ein Jahr BAUHAUS in Bad Neuenahr-Ahrweiler++\"}]},{\"@type\":\"WebSite\",\"@id\":\"https:\/\/new.ahrweilerbc.de\/#website\",\"url\":\"https:\/\/new.ahrweilerbc.de\/\",\"name\":\"Ahrweiler BC\",\"description\":\"\",\"publisher\":{\"@id\":\"https:\/\/new.ahrweilerbc.de\/#organization\"},\"potentialAction\":[{\"@type\":\"SearchAction\",\"target\":{\"@type\":\"EntryPoint\",\"urlTemplate\":\"https:\/\/new.ahrweilerbc.de\/?s={search_term_string}\"},\"query-input\":{\"@type\":\"PropertyValueSpecification\",\"valueRequired\":true,\"valueName\":\"search_term_string\"}}],\"inLanguage\":\"en-US\"},{\"@type\":\"Organization\",\"@id\":\"https:\/\/new.ahrweilerbc.de\/#organization\",\"name\":\"Ahrweiler BC\",\"url\":\"https:\/\/new.ahrweilerbc.de\/\",\"logo\":{\"@type\":\"ImageObject\",\"inLanguage\":\"en-US\",\"@id\":\"https:\/\/new.ahrweilerbc.de\/#\/schema\/logo\/image\/\",\"url\":\"https:\/\/new.ahrweilerbc.de\/wp-content\/uploads\/2025\/10\/download.svg\",\"contentUrl\":\"https:\/\/new.ahrweilerbc.de\/wp-content\/uploads\/2025\/10\/download.svg\",\"width\":960,\"height\":960,\"caption\":\"Ahrweiler BC\"},\"image\":{\"@id\":\"https:\/\/new.ahrweilerbc.de\/#\/schema\/logo\/image\/\"}},{\"@type\":\"Person\",\"@id\":\"https:\/\/new.ahrweilerbc.de\/#\/schema\/person\/bdbb38d43a0d63b77e7ecb3c6afc8f0e\",\"name\":\"Martin Brand\",\"image\":{\"@type\":\"ImageObject\",\"inLanguage\":\"en-US\",\"@id\":\"https:\/\/new.ahrweilerbc.de\/#\/schema\/person\/image\/\",\"url\":\"https:\/\/secure.gravatar.com\/avatar\/?s=96&d=mm&r=g\",\"contentUrl\":\"https:\/\/secure.gravatar.com\/avatar\/?s=96&d=mm&r=g\",\"caption\":\"Martin Brand\"},\"url\":\"https:\/\/new.ahrweilerbc.de\/en\/author\/martin-brand\/\"}]}<\/script>\n<!-- \/ Yoast SEO plugin. -->","yoast_head_json":{"title":"++Ein Jahr BAUHAUS in Bad Neuenahr-Ahrweiler++ - Ahrweiler BC","robots":{"index":"index","follow":"follow","max-snippet":"max-snippet:-1","max-image-preview":"max-image-preview:large","max-video-preview":"max-video-preview:-1"},"canonical":"https:\/\/new.ahrweilerbc.de\/en\/uncategorized\/ein-jahr-bauhaus-in-bad-neuenahr-ahrweiler\/","og_locale":"en_US","og_type":"article","og_title":"++Ein Jahr BAUHAUS in Bad Neuenahr-Ahrweiler++ - Ahrweiler BC","og_description":"Unser zuverl\u00e4ssiger Premiumpartner BAUHAUS hat, auch wenn es ein sehr schwieriges und durch Corona sowie die Flutkatastrophe gepr\u00e4gtes Jahr war, einen kleinen Grund zu feiern. Seit einem Jahr bietet Gesch\u00e4ftsleiter Mario Doll und sein ca. 50-k\u00f6pfige Mitarbeiterteam Qualit\u00e4tsprodukte aus den Bereichen Werkstatt, Haus und Garten. Am letzten Samstag gab es zur Freude der zahlreichen Kundschaft [&hellip;]","og_url":"https:\/\/new.ahrweilerbc.de\/en\/uncategorized\/ein-jahr-bauhaus-in-bad-neuenahr-ahrweiler\/","og_site_name":"Ahrweiler BC","article_published_time":"2021-10-28T07:14:56+00:00","author":"Martin Brand","twitter_card":"summary_large_image","twitter_misc":{"Written by":"Martin Brand","Est. reading time":"1 minute"},"schema":{"@context":"https:\/\/schema.org","@graph":[{"@type":"Article","@id":"https:\/\/new.ahrweilerbc.de\/uncategorized\/ein-jahr-bauhaus-in-bad-neuenahr-ahrweiler\/#article","isPartOf":{"@id":"https:\/\/new.ahrweilerbc.de\/uncategorized\/ein-jahr-bauhaus-in-bad-neuenahr-ahrweiler\/"},"author":{"name":"Martin Brand","@id":"https:\/\/new.ahrweilerbc.de\/#\/schema\/person\/bdbb38d43a0d63b77e7ecb3c6afc8f0e"},"headline":"++Ein Jahr BAUHAUS in Bad Neuenahr-Ahrweiler++","datePublished":"2021-10-28T07:14:56+00:00","mainEntityOfPage":{"@id":"https:\/\/new.ahrweilerbc.de\/uncategorized\/ein-jahr-bauhaus-in-bad-neuenahr-ahrweiler\/"},"wordCount":137,"publisher":{"@id":"https:\/\/new.ahrweilerbc.de\/#organization"},"image":{"@id":"https:\/\/new.ahrweilerbc.de\/uncategorized\/ein-jahr-bauhaus-in-bad-neuenahr-ahrweiler\/#primaryimage"},"thumbnailUrl":"https:\/\/new.ahrweilerbc.de\/wp-content\/uploads\/2021\/10\/248425848_3060056527585310_2839349900980997077_n.jpg","articleSection":["Allgemein"],"inLanguage":"en-US"},{"@type":"WebPage","@id":"https:\/\/new.ahrweilerbc.de\/uncategorized\/ein-jahr-bauhaus-in-bad-neuenahr-ahrweiler\/","url":"https:\/\/new.ahrweilerbc.de\/uncategorized\/ein-jahr-bauhaus-in-bad-neuenahr-ahrweiler\/","name":"++Ein Jahr BAUHAUS in Bad Neuenahr-Ahrweiler++ - Ahrweiler BC","isPartOf":{"@id":"https:\/\/new.ahrweilerbc.de\/#website"},"primaryImageOfPage":{"@id":"https:\/\/new.ahrweilerbc.de\/uncategorized\/ein-jahr-bauhaus-in-bad-neuenahr-ahrweiler\/#primaryimage"},"image":{"@id":"https:\/\/new.ahrweilerbc.de\/uncategorized\/ein-jahr-bauhaus-in-bad-neuenahr-ahrweiler\/#primaryimage"},"thumbnailUrl":"https:\/\/new.ahrweilerbc.de\/wp-content\/uploads\/2021\/10\/248425848_3060056527585310_2839349900980997077_n.jpg","datePublished":"2021-10-28T07:14:56+00:00","breadcrumb":{"@id":"https:\/\/new.ahrweilerbc.de\/uncategorized\/ein-jahr-bauhaus-in-bad-neuenahr-ahrweiler\/#breadcrumb"},"inLanguage":"en-US","potentialAction":[{"@type":"ReadAction","target":["https:\/\/new.ahrweilerbc.de\/uncategorized\/ein-jahr-bauhaus-in-bad-neuenahr-ahrweiler\/"]}]},{"@type":"ImageObject","inLanguage":"en-US","@id":"https:\/\/new.ahrweilerbc.de\/uncategorized\/ein-jahr-bauhaus-in-bad-neuenahr-ahrweiler\/#primaryimage","url":"https:\/\/new.ahrweilerbc.de\/wp-content\/uploads\/2021\/10\/248425848_3060056527585310_2839349900980997077_n.jpg","contentUrl":"https:\/\/new.ahrweilerbc.de\/wp-content\/uploads\/2021\/10\/248425848_3060056527585310_2839349900980997077_n.jpg","width":2048,"height":1536},{"@type":"BreadcrumbList","@id":"https:\/\/new.ahrweilerbc.de\/uncategorized\/ein-jahr-bauhaus-in-bad-neuenahr-ahrweiler\/#breadcrumb","itemListElement":[{"@type":"ListItem","position":1,"name":"Startseite","item":"https:\/\/new.ahrweilerbc.de\/"},{"@type":"ListItem","position":2,"name":"++Ein Jahr BAUHAUS in Bad Neuenahr-Ahrweiler++"}]},{"@type":"WebSite","@id":"https:\/\/new.ahrweilerbc.de\/#website","url":"https:\/\/new.ahrweilerbc.de\/","name":"Ahrweiler BC","description":"","publisher":{"@id":"https:\/\/new.ahrweilerbc.de\/#organization"},"potentialAction":[{"@type":"SearchAction","target":{"@type":"EntryPoint","urlTemplate":"https:\/\/new.ahrweilerbc.de\/?s={search_term_string}"},"query-input":{"@type":"PropertyValueSpecification","valueRequired":true,"valueName":"search_term_string"}}],"inLanguage":"en-US"},{"@type":"Organization","@id":"https:\/\/new.ahrweilerbc.de\/#organization","name":"Ahrweiler BC","url":"https:\/\/new.ahrweilerbc.de\/","logo":{"@type":"ImageObject","inLanguage":"en-US","@id":"https:\/\/new.ahrweilerbc.de\/#\/schema\/logo\/image\/","url":"https:\/\/new.ahrweilerbc.de\/wp-content\/uploads\/2025\/10\/download.svg","contentUrl":"https:\/\/new.ahrweilerbc.de\/wp-content\/uploads\/2025\/10\/download.svg","width":960,"height":960,"caption":"Ahrweiler BC"},"image":{"@id":"https:\/\/new.ahrweilerbc.de\/#\/schema\/logo\/image\/"}},{"@type":"Person","@id":"https:\/\/new.ahrweilerbc.de\/#\/schema\/person\/bdbb38d43a0d63b77e7ecb3c6afc8f0e","name":"Martin Brand","image":{"@type":"ImageObject","inLanguage":"en-US","@id":"https:\/\/new.ahrweilerbc.de\/#\/schema\/person\/image\/","url":"https:\/\/secure.gravatar.com\/avatar\/?s=96&d=mm&r=g","contentUrl":"https:\/\/secure.gravatar.com\/avatar\/?s=96&d=mm&r=g","caption":"Martin Brand"},"url":"https:\/\/new.ahrweilerbc.de\/en\/author\/martin-brand\/"}]}},"_links":{"self":[{"href":"https:\/\/new.ahrweilerbc.de\/en\/wp-json\/wp\/v2\/posts\/15739","targetHints":{"allow":["GET"]}}],"collection":[{"href":"https:\/\/new.ahrweilerbc.de\/en\/wp-json\/wp\/v2\/posts"}],"about":[{"href":"https:\/\/new.ahrweilerbc.de\/en\/wp-json\/wp\/v2\/types\/post"}],"author":[{"embeddable":true,"href":"https:\/\/new.ahrweilerbc.de\/en\/wp-json\/wp\/v2\/users\/2"}],"replies":[{"embeddable":true,"href":"https:\/\/new.ahrweilerbc.de\/en\/wp-json\/wp\/v2\/comments?post=15739"}],"version-history":[{"count":0,"href":"https:\/\/new.ahrweilerbc.de\/en\/wp-json\/wp\/v2\/posts\/15739\/revisions"}],"wp:featuredmedia":[{"embeddable":true,"href":"https:\/\/new.ahrweilerbc.de\/en\/wp-json\/wp\/v2\/media\/15740"}],"wp:attachment":[{"href":"https:\/\/new.ahrweilerbc.de\/en\/wp-json\/wp\/v2\/media?parent=15739"}],"wp:term":[{"taxonomy":"category","embeddable":true,"href":"https:\/\/new.ahrweilerbc.de\/en\/wp-json\/wp\/v2\/categories?post=15739"},{"taxonomy":"post_tag","embeddable":true,"href":"https:\/\/new.ahrweilerbc.de\/en\/wp-json\/wp\/v2\/tags?post=15739"}],"curies":[{"name":"wp","href":"https:\/\/api.w.org\/{rel}","templated":true}]}}