{"id":15752,"date":"2021-10-28T09:40:19","date_gmt":"2021-10-28T07:40:19","guid":{"rendered":"https:\/\/ahrweilerbc.com\/?p=15752"},"modified":"2021-10-28T09:40:19","modified_gmt":"2021-10-28T07:40:19","slug":"abc-nachwuchs-team-erneut-bei-freunden-in-idstein","status":"publish","type":"post","link":"https:\/\/new.ahrweilerbc.de\/en\/allgemein\/abc-nachwuchs-team-erneut-bei-freunden-in-idstein\/","title":{"rendered":"++ABC-NACHWUCHS-TEAM ERNEUT BEI FREUNDEN IN IDSTEIN++"},"content":{"rendered":"<p>Die D-Junioren folgten in den Herbstferien, wie bereits auch schon in den Sommerferien, erneut der Einladung des <a href=\"https:\/\/www.facebook.com\/svheftrich\/?__cft__%5b0%5d=AZVyMsXOc194tPTtGspy5mK6HMuO_kAzxEGzsAJef3VNVhE3dXUOFi3QvcCuM_p_bZT9rAcFMV4i3a_GpHy_zyRr6ae2bdjXlpV-RieYTDDdxjmdJy-l5kJL9diAPY5in1ue9aiNmKqgIYeXuGS4cs1vAZFvgilW1LCqq2omXgyLg9dSRst32uQF5yYYRQjFn7k&amp;__tn__=kK-R\">SV 1920 Heftrich e.V.<\/a> zu einem Feriencamp. Nach der Flutkatastrophe, die am 14. Juli das Ahrtal zu gro\u00dfen Teilen zerst\u00f6rte, war f\u00fcr Privatier Felix Ehrhardt schnell klar: \u201eWir m\u00fcssen den Kindern helfen.\u201c Zusammen mit David Strandt und dem Idsteiner Stadtteilverein SV Heftrich organisierte Erhardt f\u00fcr die Sommerferien ein Feriencamp, bei dem es den Jungs an nichts fehlen sollte. Zus\u00e4tzlich sammelte er zusammen mit dem Idsteiner Traditionsverein Spendengelder in sehr betr\u00e4chtlicher H\u00f6he f\u00fcr den Wiederaufbau beim ABC ein.<\/p>\n<p>In dem erst k\u00fcrzlich beendeten Ferienlager anl\u00e4sslich der Herbstferien, wurde den Jung-ABClern erneut Abwechslung und Zerstreuung von der noch immer sehr schwierigen Situation in der Heimat geboten. \u201eWie wir leider immer mehr feststellen m\u00fcssen, sind die Ereignisse der Flutnacht bei vielen unserer Kids noch lange nicht verarbeitet. Es ist toll, dass sich Menschen wie Felix und David sowie ein Verein wie der SV Heftrich ein so gro\u00dfes Engagement an den Tag legen und somit gerade unseren jungen Kickern gegenw\u00e4rtig sowie auch auf l\u00e4ngere Sicht helfen, wieder in die Normalit\u00e4t zur\u00fcckzukehren\u201c, erkl\u00e4rt ABC-Jugendleiter Gerd Treffer. Vom <a href=\"https:\/\/www.facebook.com\/rt274\/?__cft__%5b0%5d=AZVyMsXOc194tPTtGspy5mK6HMuO_kAzxEGzsAJef3VNVhE3dXUOFi3QvcCuM_p_bZT9rAcFMV4i3a_GpHy_zyRr6ae2bdjXlpV-RieYTDDdxjmdJy-l5kJL9diAPY5in1ue9aiNmKqgIYeXuGS4cs1vAZFvgilW1LCqq2omXgyLg9dSRst32uQF5yYYRQjFn7k&amp;__tn__=kK-R\">Round Table 274 Idstein<\/a> gab es einem neuen Satz Trikots. F\u00fcr die Verpflegung sorgten erneut viele der sehr guten Idsteiner Gastronomen: <a href=\"https:\/\/www.facebook.com\/Kebap-H%C3%B6hle-XXL-101733604836198\/?__cft__%5b0%5d=AZVyMsXOc194tPTtGspy5mK6HMuO_kAzxEGzsAJef3VNVhE3dXUOFi3QvcCuM_p_bZT9rAcFMV4i3a_GpHy_zyRr6ae2bdjXlpV-RieYTDDdxjmdJy-l5kJL9diAPY5in1ue9aiNmKqgIYeXuGS4cs1vAZFvgilW1LCqq2omXgyLg9dSRst32uQF5yYYRQjFn7k&amp;__tn__=kK-R\">Kebap H\u00f6hle XXL<\/a>, Ristorante San Remo (<a href=\"https:\/\/l.facebook.com\/l.php?u=https%3A%2F%2Fwww.pizzeria-san-remo-idstein.de%2F%3Ffbclid%3DIwAR0IM5-2FRxwYM0ylYNQ4heuHF8Ic_LoEs8cat3sgqnwwAKoam8ggN2qgWs&amp;h=AT0SKeh6GU3SH9aD6GB_1qFdSgm3O46gW0TNOyx8RE-h8ThWMpWStWD9fVfW8RuvlwwTxyJBpOmb_2jXVPA2zuP8gLeMtxgu49AlpE9D19Pjw5d243_tSh9bb-CgtYX24RdTfbQXRZHFONowcSM&amp;__tn__=-UK-R&amp;c%5b0%5d=AT3-z6JQAItYkg4HUJqje5cKpkx6b_pgSNXOOnEa03uBOrT1W1Qoh1bHhlTRss7K1e-jLR9vmPljJNnDfg4O-GoaZtI7dV7XXPEwF9XZE-C4J2nfmz0mpyBBsRDRE4LSQnw0aNpVMJ9qmOI8_n3SgLAAwFqhoHasojDCQRkB1H6KHUw05nkk102CA_WtNU8-bywuHQ5A\">https:\/\/www.pizzeria-san-remo-idstein.de\/<\/a>), Peperoncino Bristorante (<a href=\"https:\/\/www.peperoncinoidstein.de\/?fbclid=IwAR1pIAbscCa6-086jRy0yPZSIIxoLIQLtnu4D-459UQ3zDx9OwCKtxNJ8gI\">https:\/\/www.peperoncinoidstein.de\/<\/a>). Das <a href=\"https:\/\/www.facebook.com\/zeitlosdurmersheim\/?__cft__%5b0%5d=AZVyMsXOc194tPTtGspy5mK6HMuO_kAzxEGzsAJef3VNVhE3dXUOFi3QvcCuM_p_bZT9rAcFMV4i3a_GpHy_zyRr6ae2bdjXlpV-RieYTDDdxjmdJy-l5kJL9diAPY5in1ue9aiNmKqgIYeXuGS4cs1vAZFvgilW1LCqq2omXgyLg9dSRst32uQF5yYYRQjFn7k&amp;__tn__=kK-R\">Restaurant Zeitlos<\/a> war als Unterst\u00fctzer und G\u00f6nner ma\u00dfgeblich an der Durchf\u00fchrung der beiden Ferienfreizeiten beteiligt. Die Brotwaren f\u00fcr das Feriencamp wurden von der Biob\u00e4ckerei Kaiser gestellt.<\/p>\n<p>Neben den t\u00e4glichen Trainingseinheiten unter der Leitung des Heftricher Jugendtrainers Tyron Kr\u00e4mer, gab es auch einen Leistungstest mit den Gastgebern, welches der ABC unter der sportlichen Verantwortlichkeit von Interimstrainer Felix Ehrhardt f\u00fcr sich entscheiden konnte. Bevor das zweite Feriencamp f\u00fcr die ABC-Kids mit einem Besuch beim Bundesligaspiel FSV Mainz 05 gegen FC Augsburg inklusive eines Empfanges vom Mainzer Sportdirektor Christian Heidel endete, bedankten sich die vom ABC mitgereisten Betreuer und Kontaktpersonen J\u00fcrgen Manhillen, Jochen Dahm sowie Karl-Heinz Ritzdorf im Rahmen eines Besuches im Bowlingcenter mit Kleinigkeiten aus dem ABC-Fanshop und einer Dauerkarte f\u00fcr Felix Ehrhardt. Ein gro\u00dfes Dankesch\u00f6n ging an alle an der Durchf\u00fchrung des Feriencamps beteiligten Flutengel. Im Einzeln waren dies: ABC-Ehrenmitglied Felix Ehrhardt, David Strandt, Thomas Schwert (beide Restaurant Zeitlos), Katja Mohr (1. Vorsitzende SV Heftrich), Michael Krause (Jugendleiter SV Heftrich), Tyron Kr\u00e4mer (Jugendtrainer SV Heftrich sowie Pia Kr\u00e4mer, der guten Seele rund um die Orga, die mit sehr viel Aufwand daf\u00fcr sorgte, dass die Jung-Kicker des ABC erneut die M\u00f6glichkeit hatten, unbeschwert die Tage in Idstein beim SV Heftrich zu genie\u00dfen.<\/p>\n<p>\u201eWir erleben hier mit den Nachwuchsfu\u00dfballern vom Ahrweiler BC Freude, Gl\u00fcck und ganz viel Dankbarkeit. Es ist es sch\u00f6n den Kids helfen zu k\u00f6nne\u201c, erkl\u00e4rte Katja Mohr.<\/p>\n<p>&nbsp;<\/p>","protected":false},"excerpt":{"rendered":"<p>Die D-Junioren folgten in den Herbstferien, wie bereits auch schon in den Sommerferien, erneut der Einladung des SV 1920 Heftrich e.V. zu einem Feriencamp. Nach der Flutkatastrophe, die am 14. Juli das Ahrtal zu gro\u00dfen Teilen zerst\u00f6rte, war f\u00fcr Privatier Felix Ehrhardt schnell klar: \u201eWir m\u00fcssen den Kindern helfen.\u201c Zusammen mit David Strandt und dem [&hellip;]<\/p>","protected":false},"author":2,"featured_media":15753,"comment_status":"closed","ping_status":"open","sticky":false,"template":"","format":"standard","meta":{"footnotes":""},"categories":[18],"tags":[],"class_list":["post-15752","post","type-post","status-publish","format-standard","has-post-thumbnail","hentry","category-allgemein"],"yoast_head":"<!-- This site is optimized with the Yoast SEO plugin v26.1.1 - https:\/\/yoast.com\/wordpress\/plugins\/seo\/ -->\n<title>++ABC-NACHWUCHS-TEAM ERNEUT BEI FREUNDEN IN IDSTEIN++ - Ahrweiler BC<\/title>\n<meta name=\"robots\" content=\"index, follow, max-snippet:-1, max-image-preview:large, max-video-preview:-1\" \/>\n<link rel=\"canonical\" href=\"https:\/\/new.ahrweilerbc.de\/en\/uncategorized\/abc-nachwuchs-team-erneut-bei-freunden-in-idstein\/\" \/>\n<meta property=\"og:locale\" content=\"en_US\" \/>\n<meta property=\"og:type\" content=\"article\" \/>\n<meta property=\"og:title\" content=\"++ABC-NACHWUCHS-TEAM ERNEUT BEI FREUNDEN IN IDSTEIN++ - Ahrweiler BC\" \/>\n<meta property=\"og:description\" content=\"Die D-Junioren folgten in den Herbstferien, wie bereits auch schon in den Sommerferien, erneut der Einladung des SV 1920 Heftrich e.V. zu einem Feriencamp. Nach der Flutkatastrophe, die am 14. Juli das Ahrtal zu gro\u00dfen Teilen zerst\u00f6rte, war f\u00fcr Privatier Felix Ehrhardt schnell klar: \u201eWir m\u00fcssen den Kindern helfen.\u201c Zusammen mit David Strandt und dem [&hellip;]\" \/>\n<meta property=\"og:url\" content=\"https:\/\/new.ahrweilerbc.de\/en\/uncategorized\/abc-nachwuchs-team-erneut-bei-freunden-in-idstein\/\" \/>\n<meta property=\"og:site_name\" content=\"Ahrweiler BC\" \/>\n<meta property=\"article:published_time\" content=\"2021-10-28T07:40:19+00:00\" \/>\n<meta name=\"author\" content=\"Martin Brand\" \/>\n<meta name=\"twitter:card\" content=\"summary_large_image\" \/>\n<meta name=\"twitter:label1\" content=\"Written by\" \/>\n\t<meta name=\"twitter:data1\" content=\"Martin Brand\" \/>\n\t<meta name=\"twitter:label2\" content=\"Est. reading time\" \/>\n\t<meta name=\"twitter:data2\" content=\"2 minutes\" \/>\n<script type=\"application\/ld+json\" class=\"yoast-schema-graph\">{\"@context\":\"https:\/\/schema.org\",\"@graph\":[{\"@type\":\"Article\",\"@id\":\"https:\/\/new.ahrweilerbc.de\/uncategorized\/abc-nachwuchs-team-erneut-bei-freunden-in-idstein\/#article\",\"isPartOf\":{\"@id\":\"https:\/\/new.ahrweilerbc.de\/uncategorized\/abc-nachwuchs-team-erneut-bei-freunden-in-idstein\/\"},\"author\":{\"name\":\"Martin Brand\",\"@id\":\"https:\/\/new.ahrweilerbc.de\/#\/schema\/person\/bdbb38d43a0d63b77e7ecb3c6afc8f0e\"},\"headline\":\"++ABC-NACHWUCHS-TEAM ERNEUT BEI FREUNDEN IN IDSTEIN++\",\"datePublished\":\"2021-10-28T07:40:19+00:00\",\"mainEntityOfPage\":{\"@id\":\"https:\/\/new.ahrweilerbc.de\/uncategorized\/abc-nachwuchs-team-erneut-bei-freunden-in-idstein\/\"},\"wordCount\":502,\"publisher\":{\"@id\":\"https:\/\/new.ahrweilerbc.de\/#organization\"},\"image\":{\"@id\":\"https:\/\/new.ahrweilerbc.de\/uncategorized\/abc-nachwuchs-team-erneut-bei-freunden-in-idstein\/#primaryimage\"},\"thumbnailUrl\":\"https:\/\/new.ahrweilerbc.de\/wp-content\/uploads\/2021\/10\/248653197_3062389727351990_3684653290684478922_n.jpg\",\"articleSection\":[\"Allgemein\"],\"inLanguage\":\"en-US\"},{\"@type\":\"WebPage\",\"@id\":\"https:\/\/new.ahrweilerbc.de\/uncategorized\/abc-nachwuchs-team-erneut-bei-freunden-in-idstein\/\",\"url\":\"https:\/\/new.ahrweilerbc.de\/uncategorized\/abc-nachwuchs-team-erneut-bei-freunden-in-idstein\/\",\"name\":\"++ABC-NACHWUCHS-TEAM ERNEUT BEI FREUNDEN IN IDSTEIN++ - Ahrweiler BC\",\"isPartOf\":{\"@id\":\"https:\/\/new.ahrweilerbc.de\/#website\"},\"primaryImageOfPage\":{\"@id\":\"https:\/\/new.ahrweilerbc.de\/uncategorized\/abc-nachwuchs-team-erneut-bei-freunden-in-idstein\/#primaryimage\"},\"image\":{\"@id\":\"https:\/\/new.ahrweilerbc.de\/uncategorized\/abc-nachwuchs-team-erneut-bei-freunden-in-idstein\/#primaryimage\"},\"thumbnailUrl\":\"https:\/\/new.ahrweilerbc.de\/wp-content\/uploads\/2021\/10\/248653197_3062389727351990_3684653290684478922_n.jpg\",\"datePublished\":\"2021-10-28T07:40:19+00:00\",\"breadcrumb\":{\"@id\":\"https:\/\/new.ahrweilerbc.de\/uncategorized\/abc-nachwuchs-team-erneut-bei-freunden-in-idstein\/#breadcrumb\"},\"inLanguage\":\"en-US\",\"potentialAction\":[{\"@type\":\"ReadAction\",\"target\":[\"https:\/\/new.ahrweilerbc.de\/uncategorized\/abc-nachwuchs-team-erneut-bei-freunden-in-idstein\/\"]}]},{\"@type\":\"ImageObject\",\"inLanguage\":\"en-US\",\"@id\":\"https:\/\/new.ahrweilerbc.de\/uncategorized\/abc-nachwuchs-team-erneut-bei-freunden-in-idstein\/#primaryimage\",\"url\":\"https:\/\/new.ahrweilerbc.de\/wp-content\/uploads\/2021\/10\/248653197_3062389727351990_3684653290684478922_n.jpg\",\"contentUrl\":\"https:\/\/new.ahrweilerbc.de\/wp-content\/uploads\/2021\/10\/248653197_3062389727351990_3684653290684478922_n.jpg\",\"width\":1280,\"height\":799},{\"@type\":\"BreadcrumbList\",\"@id\":\"https:\/\/new.ahrweilerbc.de\/uncategorized\/abc-nachwuchs-team-erneut-bei-freunden-in-idstein\/#breadcrumb\",\"itemListElement\":[{\"@type\":\"ListItem\",\"position\":1,\"name\":\"Startseite\",\"item\":\"https:\/\/new.ahrweilerbc.de\/\"},{\"@type\":\"ListItem\",\"position\":2,\"name\":\"++ABC-NACHWUCHS-TEAM ERNEUT BEI FREUNDEN IN IDSTEIN++\"}]},{\"@type\":\"WebSite\",\"@id\":\"https:\/\/new.ahrweilerbc.de\/#website\",\"url\":\"https:\/\/new.ahrweilerbc.de\/\",\"name\":\"Ahrweiler BC\",\"description\":\"\",\"publisher\":{\"@id\":\"https:\/\/new.ahrweilerbc.de\/#organization\"},\"potentialAction\":[{\"@type\":\"SearchAction\",\"target\":{\"@type\":\"EntryPoint\",\"urlTemplate\":\"https:\/\/new.ahrweilerbc.de\/?s={search_term_string}\"},\"query-input\":{\"@type\":\"PropertyValueSpecification\",\"valueRequired\":true,\"valueName\":\"search_term_string\"}}],\"inLanguage\":\"en-US\"},{\"@type\":\"Organization\",\"@id\":\"https:\/\/new.ahrweilerbc.de\/#organization\",\"name\":\"Ahrweiler BC\",\"url\":\"https:\/\/new.ahrweilerbc.de\/\",\"logo\":{\"@type\":\"ImageObject\",\"inLanguage\":\"en-US\",\"@id\":\"https:\/\/new.ahrweilerbc.de\/#\/schema\/logo\/image\/\",\"url\":\"https:\/\/new.ahrweilerbc.de\/wp-content\/uploads\/2025\/10\/download.svg\",\"contentUrl\":\"https:\/\/new.ahrweilerbc.de\/wp-content\/uploads\/2025\/10\/download.svg\",\"width\":960,\"height\":960,\"caption\":\"Ahrweiler BC\"},\"image\":{\"@id\":\"https:\/\/new.ahrweilerbc.de\/#\/schema\/logo\/image\/\"}},{\"@type\":\"Person\",\"@id\":\"https:\/\/new.ahrweilerbc.de\/#\/schema\/person\/bdbb38d43a0d63b77e7ecb3c6afc8f0e\",\"name\":\"Martin Brand\",\"image\":{\"@type\":\"ImageObject\",\"inLanguage\":\"en-US\",\"@id\":\"https:\/\/new.ahrweilerbc.de\/#\/schema\/person\/image\/\",\"url\":\"https:\/\/secure.gravatar.com\/avatar\/?s=96&d=mm&r=g\",\"contentUrl\":\"https:\/\/secure.gravatar.com\/avatar\/?s=96&d=mm&r=g\",\"caption\":\"Martin Brand\"},\"url\":\"https:\/\/new.ahrweilerbc.de\/en\/author\/martin-brand\/\"}]}<\/script>\n<!-- \/ Yoast SEO plugin. -->","yoast_head_json":{"title":"++ABC-NACHWUCHS-TEAM ERNEUT BEI FREUNDEN IN IDSTEIN++ - Ahrweiler BC","robots":{"index":"index","follow":"follow","max-snippet":"max-snippet:-1","max-image-preview":"max-image-preview:large","max-video-preview":"max-video-preview:-1"},"canonical":"https:\/\/new.ahrweilerbc.de\/en\/uncategorized\/abc-nachwuchs-team-erneut-bei-freunden-in-idstein\/","og_locale":"en_US","og_type":"article","og_title":"++ABC-NACHWUCHS-TEAM ERNEUT BEI FREUNDEN IN IDSTEIN++ - Ahrweiler BC","og_description":"Die D-Junioren folgten in den Herbstferien, wie bereits auch schon in den Sommerferien, erneut der Einladung des SV 1920 Heftrich e.V. zu einem Feriencamp. Nach der Flutkatastrophe, die am 14. Juli das Ahrtal zu gro\u00dfen Teilen zerst\u00f6rte, war f\u00fcr Privatier Felix Ehrhardt schnell klar: \u201eWir m\u00fcssen den Kindern helfen.\u201c Zusammen mit David Strandt und dem [&hellip;]","og_url":"https:\/\/new.ahrweilerbc.de\/en\/uncategorized\/abc-nachwuchs-team-erneut-bei-freunden-in-idstein\/","og_site_name":"Ahrweiler BC","article_published_time":"2021-10-28T07:40:19+00:00","author":"Martin Brand","twitter_card":"summary_large_image","twitter_misc":{"Written by":"Martin Brand","Est. reading time":"2 minutes"},"schema":{"@context":"https:\/\/schema.org","@graph":[{"@type":"Article","@id":"https:\/\/new.ahrweilerbc.de\/uncategorized\/abc-nachwuchs-team-erneut-bei-freunden-in-idstein\/#article","isPartOf":{"@id":"https:\/\/new.ahrweilerbc.de\/uncategorized\/abc-nachwuchs-team-erneut-bei-freunden-in-idstein\/"},"author":{"name":"Martin Brand","@id":"https:\/\/new.ahrweilerbc.de\/#\/schema\/person\/bdbb38d43a0d63b77e7ecb3c6afc8f0e"},"headline":"++ABC-NACHWUCHS-TEAM ERNEUT BEI FREUNDEN IN IDSTEIN++","datePublished":"2021-10-28T07:40:19+00:00","mainEntityOfPage":{"@id":"https:\/\/new.ahrweilerbc.de\/uncategorized\/abc-nachwuchs-team-erneut-bei-freunden-in-idstein\/"},"wordCount":502,"publisher":{"@id":"https:\/\/new.ahrweilerbc.de\/#organization"},"image":{"@id":"https:\/\/new.ahrweilerbc.de\/uncategorized\/abc-nachwuchs-team-erneut-bei-freunden-in-idstein\/#primaryimage"},"thumbnailUrl":"https:\/\/new.ahrweilerbc.de\/wp-content\/uploads\/2021\/10\/248653197_3062389727351990_3684653290684478922_n.jpg","articleSection":["Allgemein"],"inLanguage":"en-US"},{"@type":"WebPage","@id":"https:\/\/new.ahrweilerbc.de\/uncategorized\/abc-nachwuchs-team-erneut-bei-freunden-in-idstein\/","url":"https:\/\/new.ahrweilerbc.de\/uncategorized\/abc-nachwuchs-team-erneut-bei-freunden-in-idstein\/","name":"++ABC-NACHWUCHS-TEAM ERNEUT BEI FREUNDEN IN IDSTEIN++ - Ahrweiler BC","isPartOf":{"@id":"https:\/\/new.ahrweilerbc.de\/#website"},"primaryImageOfPage":{"@id":"https:\/\/new.ahrweilerbc.de\/uncategorized\/abc-nachwuchs-team-erneut-bei-freunden-in-idstein\/#primaryimage"},"image":{"@id":"https:\/\/new.ahrweilerbc.de\/uncategorized\/abc-nachwuchs-team-erneut-bei-freunden-in-idstein\/#primaryimage"},"thumbnailUrl":"https:\/\/new.ahrweilerbc.de\/wp-content\/uploads\/2021\/10\/248653197_3062389727351990_3684653290684478922_n.jpg","datePublished":"2021-10-28T07:40:19+00:00","breadcrumb":{"@id":"https:\/\/new.ahrweilerbc.de\/uncategorized\/abc-nachwuchs-team-erneut-bei-freunden-in-idstein\/#breadcrumb"},"inLanguage":"en-US","potentialAction":[{"@type":"ReadAction","target":["https:\/\/new.ahrweilerbc.de\/uncategorized\/abc-nachwuchs-team-erneut-bei-freunden-in-idstein\/"]}]},{"@type":"ImageObject","inLanguage":"en-US","@id":"https:\/\/new.ahrweilerbc.de\/uncategorized\/abc-nachwuchs-team-erneut-bei-freunden-in-idstein\/#primaryimage","url":"https:\/\/new.ahrweilerbc.de\/wp-content\/uploads\/2021\/10\/248653197_3062389727351990_3684653290684478922_n.jpg","contentUrl":"https:\/\/new.ahrweilerbc.de\/wp-content\/uploads\/2021\/10\/248653197_3062389727351990_3684653290684478922_n.jpg","width":1280,"height":799},{"@type":"BreadcrumbList","@id":"https:\/\/new.ahrweilerbc.de\/uncategorized\/abc-nachwuchs-team-erneut-bei-freunden-in-idstein\/#breadcrumb","itemListElement":[{"@type":"ListItem","position":1,"name":"Startseite","item":"https:\/\/new.ahrweilerbc.de\/"},{"@type":"ListItem","position":2,"name":"++ABC-NACHWUCHS-TEAM ERNEUT BEI FREUNDEN IN IDSTEIN++"}]},{"@type":"WebSite","@id":"https:\/\/new.ahrweilerbc.de\/#website","url":"https:\/\/new.ahrweilerbc.de\/","name":"Ahrweiler BC","description":"","publisher":{"@id":"https:\/\/new.ahrweilerbc.de\/#organization"},"potentialAction":[{"@type":"SearchAction","target":{"@type":"EntryPoint","urlTemplate":"https:\/\/new.ahrweilerbc.de\/?s={search_term_string}"},"query-input":{"@type":"PropertyValueSpecification","valueRequired":true,"valueName":"search_term_string"}}],"inLanguage":"en-US"},{"@type":"Organization","@id":"https:\/\/new.ahrweilerbc.de\/#organization","name":"Ahrweiler BC","url":"https:\/\/new.ahrweilerbc.de\/","logo":{"@type":"ImageObject","inLanguage":"en-US","@id":"https:\/\/new.ahrweilerbc.de\/#\/schema\/logo\/image\/","url":"https:\/\/new.ahrweilerbc.de\/wp-content\/uploads\/2025\/10\/download.svg","contentUrl":"https:\/\/new.ahrweilerbc.de\/wp-content\/uploads\/2025\/10\/download.svg","width":960,"height":960,"caption":"Ahrweiler BC"},"image":{"@id":"https:\/\/new.ahrweilerbc.de\/#\/schema\/logo\/image\/"}},{"@type":"Person","@id":"https:\/\/new.ahrweilerbc.de\/#\/schema\/person\/bdbb38d43a0d63b77e7ecb3c6afc8f0e","name":"Martin Brand","image":{"@type":"ImageObject","inLanguage":"en-US","@id":"https:\/\/new.ahrweilerbc.de\/#\/schema\/person\/image\/","url":"https:\/\/secure.gravatar.com\/avatar\/?s=96&d=mm&r=g","contentUrl":"https:\/\/secure.gravatar.com\/avatar\/?s=96&d=mm&r=g","caption":"Martin Brand"},"url":"https:\/\/new.ahrweilerbc.de\/en\/author\/martin-brand\/"}]}},"_links":{"self":[{"href":"https:\/\/new.ahrweilerbc.de\/en\/wp-json\/wp\/v2\/posts\/15752","targetHints":{"allow":["GET"]}}],"collection":[{"href":"https:\/\/new.ahrweilerbc.de\/en\/wp-json\/wp\/v2\/posts"}],"about":[{"href":"https:\/\/new.ahrweilerbc.de\/en\/wp-json\/wp\/v2\/types\/post"}],"author":[{"embeddable":true,"href":"https:\/\/new.ahrweilerbc.de\/en\/wp-json\/wp\/v2\/users\/2"}],"replies":[{"embeddable":true,"href":"https:\/\/new.ahrweilerbc.de\/en\/wp-json\/wp\/v2\/comments?post=15752"}],"version-history":[{"count":0,"href":"https:\/\/new.ahrweilerbc.de\/en\/wp-json\/wp\/v2\/posts\/15752\/revisions"}],"wp:featuredmedia":[{"embeddable":true,"href":"https:\/\/new.ahrweilerbc.de\/en\/wp-json\/wp\/v2\/media\/15753"}],"wp:attachment":[{"href":"https:\/\/new.ahrweilerbc.de\/en\/wp-json\/wp\/v2\/media?parent=15752"}],"wp:term":[{"taxonomy":"category","embeddable":true,"href":"https:\/\/new.ahrweilerbc.de\/en\/wp-json\/wp\/v2\/categories?post=15752"},{"taxonomy":"post_tag","embeddable":true,"href":"https:\/\/new.ahrweilerbc.de\/en\/wp-json\/wp\/v2\/tags?post=15752"}],"curies":[{"name":"wp","href":"https:\/\/api.w.org\/{rel}","templated":true}]}}