{"id":15758,"date":"2021-10-28T10:08:08","date_gmt":"2021-10-28T08:08:08","guid":{"rendered":"https:\/\/ahrweilerbc.com\/?p=15758"},"modified":"2021-10-28T10:08:08","modified_gmt":"2021-10-28T08:08:08","slug":"grosser-dank-auf-die-sprachinsel-saterland","status":"publish","type":"post","link":"https:\/\/new.ahrweilerbc.de\/en\/allgemein\/grosser-dank-auf-die-sprachinsel-saterland\/","title":{"rendered":"++GROSSER DANK AUF DIE SPRACHINSEL SATERLAND++"},"content":{"rendered":"<p>Das Saterland im Dreieck Leer, Cloppenburg und Oldenburg, die kleinste Sprachinsel in Europa &#8211; dort wird Saterfriesisch gesprochen- ist nicht nur durch seine atemberaubend sch\u00f6ne Moorfl\u00e4chen etwas besonderes, auch die Menschen, die Saterfriesen, sind etwas ganz Besonderes. Ganz besonders beim SV Str\u00fccklingen aus der Gemeinde Saterland<\/p>\n<p>Im Rahmen der j\u00e4hrlichen Sportwoche Ende Juli, ist die in der Kreisliga Cloppenburg spielende erste Mannschaft des <a href=\"https:\/\/www.facebook.com\/svstruecklingen\/?__cft__%5b0%5d=AZXQg33erXzLzDyhmQTv5si6eaYW8MGbiXwJyUARIMbBFCjfLdLfv572muGFAmEbZHv1YknAduALm25EK1veUA-Qwq0uZ3x4Rg1M-6lZ-mihsEtMy8ylA1bSetNifCSzNVxBiAJmNjYEnkGz47U246vDl5MdwkOXX3lCCcGI4vc7fk7VQ_dImvcmJR-BXq7fqjs&amp;__tn__=kK-R\">SV Str\u00fccklingen<\/a> auf den ersten Vorsitzenden Peter Hermes zugekommen und teilte mit, dass alle Finalgegner ihre Siegpr\u00e4mie zusammenlegen wollen, um einen von der Flutkatastrophe gesch\u00e4digten Verein unterst\u00fctzen. Schnell einigte man sich im Vorstand auf den Ahrweiler BC. Die eigenen A-Junioren, Zuschauer sowie ortsans\u00e4ssige Unternehmen schlossen sich dieser tollen Aktion an, sodass am Ende ein sehr stattlicher Betrag von 2700,00 \u20ac zusammenkam.<\/p>\n<p>Sorry, dass es ein wenig mit der Ver\u00f6ffentlichung gedauert hat. Die Umst\u00e4nde, unsere 16 Teams sind aktuell auf bis zu neun Sportpl\u00e4tzen untergebracht und besonders die Organisation f\u00fcr den Spiel- und Trainingsbetrieb unserer 12 Jugendmannschaften fordert uns derzeit sehr viel ab, sodass leider mal das eine oder andere aus Versehen liegen bleibt.<\/p>\n<p>Euer Einsatz, Mitgef\u00fchl und die Unterst\u00fctzung wird uns ewig in Erinnerung bleiben. Der Ahrweiler BC ist euch und allen an dieser gro\u00dfartigen Aktion beteiligten Menschen sehr, sehr dankbar. Wir hoffen euch im n\u00e4chsten Jahr bei einem pers\u00f6nlichen Besuchen kennenlernen zu d\u00fcrfen.<\/p>\n<p>&nbsp;<\/p>","protected":false},"excerpt":{"rendered":"<p>Das Saterland im Dreieck Leer, Cloppenburg und Oldenburg, die kleinste Sprachinsel in Europa &#8211; dort wird Saterfriesisch gesprochen- ist nicht nur durch seine atemberaubend sch\u00f6ne Moorfl\u00e4chen etwas besonderes, auch die Menschen, die Saterfriesen, sind etwas ganz Besonderes. Ganz besonders beim SV Str\u00fccklingen aus der Gemeinde Saterland Im Rahmen der j\u00e4hrlichen Sportwoche Ende Juli, ist die [&hellip;]<\/p>","protected":false},"author":2,"featured_media":15759,"comment_status":"closed","ping_status":"open","sticky":false,"template":"","format":"standard","meta":{"footnotes":""},"categories":[18],"tags":[],"class_list":["post-15758","post","type-post","status-publish","format-standard","has-post-thumbnail","hentry","category-allgemein"],"yoast_head":"<!-- This site is optimized with the Yoast SEO plugin v26.1.1 - https:\/\/yoast.com\/wordpress\/plugins\/seo\/ -->\n<title>++GROSSER DANK AUF DIE SPRACHINSEL SATERLAND++ - Ahrweiler BC<\/title>\n<meta name=\"robots\" content=\"index, follow, max-snippet:-1, max-image-preview:large, max-video-preview:-1\" \/>\n<link rel=\"canonical\" href=\"https:\/\/new.ahrweilerbc.de\/en\/uncategorized\/grosser-dank-auf-die-sprachinsel-saterland\/\" \/>\n<meta property=\"og:locale\" content=\"en_US\" \/>\n<meta property=\"og:type\" content=\"article\" \/>\n<meta property=\"og:title\" content=\"++GROSSER DANK AUF DIE SPRACHINSEL SATERLAND++ - Ahrweiler BC\" \/>\n<meta property=\"og:description\" content=\"Das Saterland im Dreieck Leer, Cloppenburg und Oldenburg, die kleinste Sprachinsel in Europa &#8211; dort wird Saterfriesisch gesprochen- ist nicht nur durch seine atemberaubend sch\u00f6ne Moorfl\u00e4chen etwas besonderes, auch die Menschen, die Saterfriesen, sind etwas ganz Besonderes. Ganz besonders beim SV Str\u00fccklingen aus der Gemeinde Saterland Im Rahmen der j\u00e4hrlichen Sportwoche Ende Juli, ist die [&hellip;]\" \/>\n<meta property=\"og:url\" content=\"https:\/\/new.ahrweilerbc.de\/en\/uncategorized\/grosser-dank-auf-die-sprachinsel-saterland\/\" \/>\n<meta property=\"og:site_name\" content=\"Ahrweiler BC\" \/>\n<meta property=\"article:published_time\" content=\"2021-10-28T08:08:08+00:00\" \/>\n<meta name=\"author\" content=\"Martin Brand\" \/>\n<meta name=\"twitter:card\" content=\"summary_large_image\" \/>\n<meta name=\"twitter:label1\" content=\"Written by\" \/>\n\t<meta name=\"twitter:data1\" content=\"Martin Brand\" \/>\n\t<meta name=\"twitter:label2\" content=\"Est. reading time\" \/>\n\t<meta name=\"twitter:data2\" content=\"1 minute\" \/>\n<script type=\"application\/ld+json\" class=\"yoast-schema-graph\">{\"@context\":\"https:\/\/schema.org\",\"@graph\":[{\"@type\":\"Article\",\"@id\":\"https:\/\/new.ahrweilerbc.de\/uncategorized\/grosser-dank-auf-die-sprachinsel-saterland\/#article\",\"isPartOf\":{\"@id\":\"https:\/\/new.ahrweilerbc.de\/uncategorized\/grosser-dank-auf-die-sprachinsel-saterland\/\"},\"author\":{\"name\":\"Martin Brand\",\"@id\":\"https:\/\/new.ahrweilerbc.de\/#\/schema\/person\/bdbb38d43a0d63b77e7ecb3c6afc8f0e\"},\"headline\":\"++GROSSER DANK AUF DIE SPRACHINSEL SATERLAND++\",\"datePublished\":\"2021-10-28T08:08:08+00:00\",\"mainEntityOfPage\":{\"@id\":\"https:\/\/new.ahrweilerbc.de\/uncategorized\/grosser-dank-auf-die-sprachinsel-saterland\/\"},\"wordCount\":239,\"publisher\":{\"@id\":\"https:\/\/new.ahrweilerbc.de\/#organization\"},\"image\":{\"@id\":\"https:\/\/new.ahrweilerbc.de\/uncategorized\/grosser-dank-auf-die-sprachinsel-saterland\/#primaryimage\"},\"thumbnailUrl\":\"https:\/\/new.ahrweilerbc.de\/wp-content\/uploads\/2021\/10\/249588300_3062932957297667_9005572116203326372_n.jpg\",\"articleSection\":[\"Allgemein\"],\"inLanguage\":\"en-US\"},{\"@type\":\"WebPage\",\"@id\":\"https:\/\/new.ahrweilerbc.de\/uncategorized\/grosser-dank-auf-die-sprachinsel-saterland\/\",\"url\":\"https:\/\/new.ahrweilerbc.de\/uncategorized\/grosser-dank-auf-die-sprachinsel-saterland\/\",\"name\":\"++GROSSER DANK AUF DIE SPRACHINSEL SATERLAND++ - Ahrweiler BC\",\"isPartOf\":{\"@id\":\"https:\/\/new.ahrweilerbc.de\/#website\"},\"primaryImageOfPage\":{\"@id\":\"https:\/\/new.ahrweilerbc.de\/uncategorized\/grosser-dank-auf-die-sprachinsel-saterland\/#primaryimage\"},\"image\":{\"@id\":\"https:\/\/new.ahrweilerbc.de\/uncategorized\/grosser-dank-auf-die-sprachinsel-saterland\/#primaryimage\"},\"thumbnailUrl\":\"https:\/\/new.ahrweilerbc.de\/wp-content\/uploads\/2021\/10\/249588300_3062932957297667_9005572116203326372_n.jpg\",\"datePublished\":\"2021-10-28T08:08:08+00:00\",\"breadcrumb\":{\"@id\":\"https:\/\/new.ahrweilerbc.de\/uncategorized\/grosser-dank-auf-die-sprachinsel-saterland\/#breadcrumb\"},\"inLanguage\":\"en-US\",\"potentialAction\":[{\"@type\":\"ReadAction\",\"target\":[\"https:\/\/new.ahrweilerbc.de\/uncategorized\/grosser-dank-auf-die-sprachinsel-saterland\/\"]}]},{\"@type\":\"ImageObject\",\"inLanguage\":\"en-US\",\"@id\":\"https:\/\/new.ahrweilerbc.de\/uncategorized\/grosser-dank-auf-die-sprachinsel-saterland\/#primaryimage\",\"url\":\"https:\/\/new.ahrweilerbc.de\/wp-content\/uploads\/2021\/10\/249588300_3062932957297667_9005572116203326372_n.jpg\",\"contentUrl\":\"https:\/\/new.ahrweilerbc.de\/wp-content\/uploads\/2021\/10\/249588300_3062932957297667_9005572116203326372_n.jpg\",\"width\":828,\"height\":462},{\"@type\":\"BreadcrumbList\",\"@id\":\"https:\/\/new.ahrweilerbc.de\/uncategorized\/grosser-dank-auf-die-sprachinsel-saterland\/#breadcrumb\",\"itemListElement\":[{\"@type\":\"ListItem\",\"position\":1,\"name\":\"Startseite\",\"item\":\"https:\/\/new.ahrweilerbc.de\/\"},{\"@type\":\"ListItem\",\"position\":2,\"name\":\"++GROSSER DANK AUF DIE SPRACHINSEL SATERLAND++\"}]},{\"@type\":\"WebSite\",\"@id\":\"https:\/\/new.ahrweilerbc.de\/#website\",\"url\":\"https:\/\/new.ahrweilerbc.de\/\",\"name\":\"Ahrweiler BC\",\"description\":\"\",\"publisher\":{\"@id\":\"https:\/\/new.ahrweilerbc.de\/#organization\"},\"potentialAction\":[{\"@type\":\"SearchAction\",\"target\":{\"@type\":\"EntryPoint\",\"urlTemplate\":\"https:\/\/new.ahrweilerbc.de\/?s={search_term_string}\"},\"query-input\":{\"@type\":\"PropertyValueSpecification\",\"valueRequired\":true,\"valueName\":\"search_term_string\"}}],\"inLanguage\":\"en-US\"},{\"@type\":\"Organization\",\"@id\":\"https:\/\/new.ahrweilerbc.de\/#organization\",\"name\":\"Ahrweiler BC\",\"url\":\"https:\/\/new.ahrweilerbc.de\/\",\"logo\":{\"@type\":\"ImageObject\",\"inLanguage\":\"en-US\",\"@id\":\"https:\/\/new.ahrweilerbc.de\/#\/schema\/logo\/image\/\",\"url\":\"https:\/\/new.ahrweilerbc.de\/wp-content\/uploads\/2025\/10\/download.svg\",\"contentUrl\":\"https:\/\/new.ahrweilerbc.de\/wp-content\/uploads\/2025\/10\/download.svg\",\"width\":960,\"height\":960,\"caption\":\"Ahrweiler BC\"},\"image\":{\"@id\":\"https:\/\/new.ahrweilerbc.de\/#\/schema\/logo\/image\/\"}},{\"@type\":\"Person\",\"@id\":\"https:\/\/new.ahrweilerbc.de\/#\/schema\/person\/bdbb38d43a0d63b77e7ecb3c6afc8f0e\",\"name\":\"Martin Brand\",\"image\":{\"@type\":\"ImageObject\",\"inLanguage\":\"en-US\",\"@id\":\"https:\/\/new.ahrweilerbc.de\/#\/schema\/person\/image\/\",\"url\":\"https:\/\/secure.gravatar.com\/avatar\/?s=96&d=mm&r=g\",\"contentUrl\":\"https:\/\/secure.gravatar.com\/avatar\/?s=96&d=mm&r=g\",\"caption\":\"Martin Brand\"},\"url\":\"https:\/\/new.ahrweilerbc.de\/en\/author\/martin-brand\/\"}]}<\/script>\n<!-- \/ Yoast SEO plugin. -->","yoast_head_json":{"title":"++GROSSER DANK AUF DIE SPRACHINSEL SATERLAND++ - Ahrweiler BC","robots":{"index":"index","follow":"follow","max-snippet":"max-snippet:-1","max-image-preview":"max-image-preview:large","max-video-preview":"max-video-preview:-1"},"canonical":"https:\/\/new.ahrweilerbc.de\/en\/uncategorized\/grosser-dank-auf-die-sprachinsel-saterland\/","og_locale":"en_US","og_type":"article","og_title":"++GROSSER DANK AUF DIE SPRACHINSEL SATERLAND++ - Ahrweiler BC","og_description":"Das Saterland im Dreieck Leer, Cloppenburg und Oldenburg, die kleinste Sprachinsel in Europa &#8211; dort wird Saterfriesisch gesprochen- ist nicht nur durch seine atemberaubend sch\u00f6ne Moorfl\u00e4chen etwas besonderes, auch die Menschen, die Saterfriesen, sind etwas ganz Besonderes. Ganz besonders beim SV Str\u00fccklingen aus der Gemeinde Saterland Im Rahmen der j\u00e4hrlichen Sportwoche Ende Juli, ist die [&hellip;]","og_url":"https:\/\/new.ahrweilerbc.de\/en\/uncategorized\/grosser-dank-auf-die-sprachinsel-saterland\/","og_site_name":"Ahrweiler BC","article_published_time":"2021-10-28T08:08:08+00:00","author":"Martin Brand","twitter_card":"summary_large_image","twitter_misc":{"Written by":"Martin Brand","Est. reading time":"1 minute"},"schema":{"@context":"https:\/\/schema.org","@graph":[{"@type":"Article","@id":"https:\/\/new.ahrweilerbc.de\/uncategorized\/grosser-dank-auf-die-sprachinsel-saterland\/#article","isPartOf":{"@id":"https:\/\/new.ahrweilerbc.de\/uncategorized\/grosser-dank-auf-die-sprachinsel-saterland\/"},"author":{"name":"Martin Brand","@id":"https:\/\/new.ahrweilerbc.de\/#\/schema\/person\/bdbb38d43a0d63b77e7ecb3c6afc8f0e"},"headline":"++GROSSER DANK AUF DIE SPRACHINSEL SATERLAND++","datePublished":"2021-10-28T08:08:08+00:00","mainEntityOfPage":{"@id":"https:\/\/new.ahrweilerbc.de\/uncategorized\/grosser-dank-auf-die-sprachinsel-saterland\/"},"wordCount":239,"publisher":{"@id":"https:\/\/new.ahrweilerbc.de\/#organization"},"image":{"@id":"https:\/\/new.ahrweilerbc.de\/uncategorized\/grosser-dank-auf-die-sprachinsel-saterland\/#primaryimage"},"thumbnailUrl":"https:\/\/new.ahrweilerbc.de\/wp-content\/uploads\/2021\/10\/249588300_3062932957297667_9005572116203326372_n.jpg","articleSection":["Allgemein"],"inLanguage":"en-US"},{"@type":"WebPage","@id":"https:\/\/new.ahrweilerbc.de\/uncategorized\/grosser-dank-auf-die-sprachinsel-saterland\/","url":"https:\/\/new.ahrweilerbc.de\/uncategorized\/grosser-dank-auf-die-sprachinsel-saterland\/","name":"++GROSSER DANK AUF DIE SPRACHINSEL SATERLAND++ - Ahrweiler BC","isPartOf":{"@id":"https:\/\/new.ahrweilerbc.de\/#website"},"primaryImageOfPage":{"@id":"https:\/\/new.ahrweilerbc.de\/uncategorized\/grosser-dank-auf-die-sprachinsel-saterland\/#primaryimage"},"image":{"@id":"https:\/\/new.ahrweilerbc.de\/uncategorized\/grosser-dank-auf-die-sprachinsel-saterland\/#primaryimage"},"thumbnailUrl":"https:\/\/new.ahrweilerbc.de\/wp-content\/uploads\/2021\/10\/249588300_3062932957297667_9005572116203326372_n.jpg","datePublished":"2021-10-28T08:08:08+00:00","breadcrumb":{"@id":"https:\/\/new.ahrweilerbc.de\/uncategorized\/grosser-dank-auf-die-sprachinsel-saterland\/#breadcrumb"},"inLanguage":"en-US","potentialAction":[{"@type":"ReadAction","target":["https:\/\/new.ahrweilerbc.de\/uncategorized\/grosser-dank-auf-die-sprachinsel-saterland\/"]}]},{"@type":"ImageObject","inLanguage":"en-US","@id":"https:\/\/new.ahrweilerbc.de\/uncategorized\/grosser-dank-auf-die-sprachinsel-saterland\/#primaryimage","url":"https:\/\/new.ahrweilerbc.de\/wp-content\/uploads\/2021\/10\/249588300_3062932957297667_9005572116203326372_n.jpg","contentUrl":"https:\/\/new.ahrweilerbc.de\/wp-content\/uploads\/2021\/10\/249588300_3062932957297667_9005572116203326372_n.jpg","width":828,"height":462},{"@type":"BreadcrumbList","@id":"https:\/\/new.ahrweilerbc.de\/uncategorized\/grosser-dank-auf-die-sprachinsel-saterland\/#breadcrumb","itemListElement":[{"@type":"ListItem","position":1,"name":"Startseite","item":"https:\/\/new.ahrweilerbc.de\/"},{"@type":"ListItem","position":2,"name":"++GROSSER DANK AUF DIE SPRACHINSEL SATERLAND++"}]},{"@type":"WebSite","@id":"https:\/\/new.ahrweilerbc.de\/#website","url":"https:\/\/new.ahrweilerbc.de\/","name":"Ahrweiler BC","description":"","publisher":{"@id":"https:\/\/new.ahrweilerbc.de\/#organization"},"potentialAction":[{"@type":"SearchAction","target":{"@type":"EntryPoint","urlTemplate":"https:\/\/new.ahrweilerbc.de\/?s={search_term_string}"},"query-input":{"@type":"PropertyValueSpecification","valueRequired":true,"valueName":"search_term_string"}}],"inLanguage":"en-US"},{"@type":"Organization","@id":"https:\/\/new.ahrweilerbc.de\/#organization","name":"Ahrweiler BC","url":"https:\/\/new.ahrweilerbc.de\/","logo":{"@type":"ImageObject","inLanguage":"en-US","@id":"https:\/\/new.ahrweilerbc.de\/#\/schema\/logo\/image\/","url":"https:\/\/new.ahrweilerbc.de\/wp-content\/uploads\/2025\/10\/download.svg","contentUrl":"https:\/\/new.ahrweilerbc.de\/wp-content\/uploads\/2025\/10\/download.svg","width":960,"height":960,"caption":"Ahrweiler BC"},"image":{"@id":"https:\/\/new.ahrweilerbc.de\/#\/schema\/logo\/image\/"}},{"@type":"Person","@id":"https:\/\/new.ahrweilerbc.de\/#\/schema\/person\/bdbb38d43a0d63b77e7ecb3c6afc8f0e","name":"Martin Brand","image":{"@type":"ImageObject","inLanguage":"en-US","@id":"https:\/\/new.ahrweilerbc.de\/#\/schema\/person\/image\/","url":"https:\/\/secure.gravatar.com\/avatar\/?s=96&d=mm&r=g","contentUrl":"https:\/\/secure.gravatar.com\/avatar\/?s=96&d=mm&r=g","caption":"Martin Brand"},"url":"https:\/\/new.ahrweilerbc.de\/en\/author\/martin-brand\/"}]}},"_links":{"self":[{"href":"https:\/\/new.ahrweilerbc.de\/en\/wp-json\/wp\/v2\/posts\/15758","targetHints":{"allow":["GET"]}}],"collection":[{"href":"https:\/\/new.ahrweilerbc.de\/en\/wp-json\/wp\/v2\/posts"}],"about":[{"href":"https:\/\/new.ahrweilerbc.de\/en\/wp-json\/wp\/v2\/types\/post"}],"author":[{"embeddable":true,"href":"https:\/\/new.ahrweilerbc.de\/en\/wp-json\/wp\/v2\/users\/2"}],"replies":[{"embeddable":true,"href":"https:\/\/new.ahrweilerbc.de\/en\/wp-json\/wp\/v2\/comments?post=15758"}],"version-history":[{"count":0,"href":"https:\/\/new.ahrweilerbc.de\/en\/wp-json\/wp\/v2\/posts\/15758\/revisions"}],"wp:featuredmedia":[{"embeddable":true,"href":"https:\/\/new.ahrweilerbc.de\/en\/wp-json\/wp\/v2\/media\/15759"}],"wp:attachment":[{"href":"https:\/\/new.ahrweilerbc.de\/en\/wp-json\/wp\/v2\/media?parent=15758"}],"wp:term":[{"taxonomy":"category","embeddable":true,"href":"https:\/\/new.ahrweilerbc.de\/en\/wp-json\/wp\/v2\/categories?post=15758"},{"taxonomy":"post_tag","embeddable":true,"href":"https:\/\/new.ahrweilerbc.de\/en\/wp-json\/wp\/v2\/tags?post=15758"}],"curies":[{"name":"wp","href":"https:\/\/api.w.org\/{rel}","templated":true}]}}