{"id":15806,"date":"2021-11-04T11:41:21","date_gmt":"2021-11-04T10:41:21","guid":{"rendered":"https:\/\/ahrweilerbc.com\/?p=15806"},"modified":"2021-11-04T11:41:21","modified_gmt":"2021-11-04T10:41:21","slug":"get-together-in-der-adenbach-huette","status":"publish","type":"post","link":"https:\/\/new.ahrweilerbc.de\/en\/allgemein\/get-together-in-der-adenbach-huette\/","title":{"rendered":"++GET-TOGETHER IN DER ADENBACH-H\u00dcTTE++"},"content":{"rendered":"<blockquote><p>Vielen, vielen Dank f\u00fcr den au\u00dferordentlich netten Abend heute auf der Adenbachh\u00fctte.<\/p>\n<p>Es hat gut getan, mit Sportfreunden zu reden, die man lange nicht mehr gesehen hat.<\/p>\n<p>Damit hat dem\u00a0 Gemeinschaftsleben unseres Vereins einen wertvollen Dienst erwiesen &#8211;<\/p>\n<p>abgesehen davon war das Buffet echt klasse\u201c, so Athletiktrainer Rainer Stein nach dem gestrigen Get-Together des Ahrweiler BC in der Adenbachh\u00fctte in Ahrweiler.<\/p><\/blockquote>\n<p>Nach zwei Jahren Corona und der Flutkatastrophe ist das Vereinsleben beim ABC nicht gerade auf dem Siedepunkt. Neben den Problemen, die jeden Einzelnen nach wie vor noch immer in Anspruch nehmen, hat auch der Verlust der Sportst\u00e4tten dazu gef\u00fchrt, dass ohne zentralen Anlaufpunkt ein Vereinsleben nur noch in den Erinnerungen bis zum 13. Juli existent ist. Darum organisierte der Vorstand das Get-Together und lud Freunde, Helfer, Trainer und Unterst\u00fctzer zu einem Miteinander ein. Wir bedanken uns bei allen G\u00e4sten f\u00fcr ihr Kommen. Es soll nicht die letzte dieser Art gewesen sein.<\/p>\n<p>\u201e\u00c4hnliches wollen wir auch f\u00fcr unsere Kids \u00a0veranstalten. Etwa eine gemeinsame Weihnachtsfeier\u201c, meint Jugendleiter Gerd Treffer.<\/p>","protected":false},"excerpt":{"rendered":"<p>Vielen, vielen Dank f\u00fcr den au\u00dferordentlich netten Abend heute auf der Adenbachh\u00fctte. Es hat gut getan, mit Sportfreunden zu reden, die man lange nicht mehr gesehen hat. Damit hat dem\u00a0 Gemeinschaftsleben unseres Vereins einen wertvollen Dienst erwiesen &#8211; abgesehen davon war das Buffet echt klasse\u201c, so Athletiktrainer Rainer Stein nach dem gestrigen Get-Together des Ahrweiler [&hellip;]<\/p>","protected":false},"author":2,"featured_media":15807,"comment_status":"closed","ping_status":"open","sticky":false,"template":"","format":"standard","meta":{"footnotes":""},"categories":[18],"tags":[],"class_list":["post-15806","post","type-post","status-publish","format-standard","has-post-thumbnail","hentry","category-allgemein"],"yoast_head":"<!-- This site is optimized with the Yoast SEO plugin v26.1.1 - https:\/\/yoast.com\/wordpress\/plugins\/seo\/ -->\n<title>++GET-TOGETHER IN DER ADENBACH-H\u00dcTTE++ - Ahrweiler BC<\/title>\n<meta name=\"robots\" content=\"index, follow, max-snippet:-1, max-image-preview:large, max-video-preview:-1\" \/>\n<link rel=\"canonical\" href=\"https:\/\/new.ahrweilerbc.de\/en\/uncategorized\/get-together-in-der-adenbach-huette\/\" \/>\n<meta property=\"og:locale\" content=\"en_US\" \/>\n<meta property=\"og:type\" content=\"article\" \/>\n<meta property=\"og:title\" content=\"++GET-TOGETHER IN DER ADENBACH-H\u00dcTTE++ - Ahrweiler BC\" \/>\n<meta property=\"og:description\" content=\"Vielen, vielen Dank f\u00fcr den au\u00dferordentlich netten Abend heute auf der Adenbachh\u00fctte. Es hat gut getan, mit Sportfreunden zu reden, die man lange nicht mehr gesehen hat. Damit hat dem\u00a0 Gemeinschaftsleben unseres Vereins einen wertvollen Dienst erwiesen &#8211; abgesehen davon war das Buffet echt klasse\u201c, so Athletiktrainer Rainer Stein nach dem gestrigen Get-Together des Ahrweiler [&hellip;]\" \/>\n<meta property=\"og:url\" content=\"https:\/\/new.ahrweilerbc.de\/en\/uncategorized\/get-together-in-der-adenbach-huette\/\" \/>\n<meta property=\"og:site_name\" content=\"Ahrweiler BC\" \/>\n<meta property=\"article:published_time\" content=\"2021-11-04T10:41:21+00:00\" \/>\n<meta name=\"author\" content=\"Martin Brand\" \/>\n<meta name=\"twitter:card\" content=\"summary_large_image\" \/>\n<meta name=\"twitter:label1\" content=\"Written by\" \/>\n\t<meta name=\"twitter:data1\" content=\"Martin Brand\" \/>\n\t<meta name=\"twitter:label2\" content=\"Est. reading time\" \/>\n\t<meta name=\"twitter:data2\" content=\"1 minute\" \/>\n<script type=\"application\/ld+json\" class=\"yoast-schema-graph\">{\"@context\":\"https:\/\/schema.org\",\"@graph\":[{\"@type\":\"Article\",\"@id\":\"https:\/\/new.ahrweilerbc.de\/uncategorized\/get-together-in-der-adenbach-huette\/#article\",\"isPartOf\":{\"@id\":\"https:\/\/new.ahrweilerbc.de\/uncategorized\/get-together-in-der-adenbach-huette\/\"},\"author\":{\"name\":\"Martin Brand\",\"@id\":\"https:\/\/new.ahrweilerbc.de\/#\/schema\/person\/bdbb38d43a0d63b77e7ecb3c6afc8f0e\"},\"headline\":\"++GET-TOGETHER IN DER ADENBACH-H\u00dcTTE++\",\"datePublished\":\"2021-11-04T10:41:21+00:00\",\"mainEntityOfPage\":{\"@id\":\"https:\/\/new.ahrweilerbc.de\/uncategorized\/get-together-in-der-adenbach-huette\/\"},\"wordCount\":182,\"publisher\":{\"@id\":\"https:\/\/new.ahrweilerbc.de\/#organization\"},\"image\":{\"@id\":\"https:\/\/new.ahrweilerbc.de\/uncategorized\/get-together-in-der-adenbach-huette\/#primaryimage\"},\"thumbnailUrl\":\"https:\/\/new.ahrweilerbc.de\/wp-content\/uploads\/2021\/11\/00.jpg\",\"articleSection\":[\"Allgemein\"],\"inLanguage\":\"en-US\"},{\"@type\":\"WebPage\",\"@id\":\"https:\/\/new.ahrweilerbc.de\/uncategorized\/get-together-in-der-adenbach-huette\/\",\"url\":\"https:\/\/new.ahrweilerbc.de\/uncategorized\/get-together-in-der-adenbach-huette\/\",\"name\":\"++GET-TOGETHER IN DER ADENBACH-H\u00dcTTE++ - Ahrweiler BC\",\"isPartOf\":{\"@id\":\"https:\/\/new.ahrweilerbc.de\/#website\"},\"primaryImageOfPage\":{\"@id\":\"https:\/\/new.ahrweilerbc.de\/uncategorized\/get-together-in-der-adenbach-huette\/#primaryimage\"},\"image\":{\"@id\":\"https:\/\/new.ahrweilerbc.de\/uncategorized\/get-together-in-der-adenbach-huette\/#primaryimage\"},\"thumbnailUrl\":\"https:\/\/new.ahrweilerbc.de\/wp-content\/uploads\/2021\/11\/00.jpg\",\"datePublished\":\"2021-11-04T10:41:21+00:00\",\"breadcrumb\":{\"@id\":\"https:\/\/new.ahrweilerbc.de\/uncategorized\/get-together-in-der-adenbach-huette\/#breadcrumb\"},\"inLanguage\":\"en-US\",\"potentialAction\":[{\"@type\":\"ReadAction\",\"target\":[\"https:\/\/new.ahrweilerbc.de\/uncategorized\/get-together-in-der-adenbach-huette\/\"]}]},{\"@type\":\"ImageObject\",\"inLanguage\":\"en-US\",\"@id\":\"https:\/\/new.ahrweilerbc.de\/uncategorized\/get-together-in-der-adenbach-huette\/#primaryimage\",\"url\":\"https:\/\/new.ahrweilerbc.de\/wp-content\/uploads\/2021\/11\/00.jpg\",\"contentUrl\":\"https:\/\/new.ahrweilerbc.de\/wp-content\/uploads\/2021\/11\/00.jpg\",\"width\":1301,\"height\":976},{\"@type\":\"BreadcrumbList\",\"@id\":\"https:\/\/new.ahrweilerbc.de\/uncategorized\/get-together-in-der-adenbach-huette\/#breadcrumb\",\"itemListElement\":[{\"@type\":\"ListItem\",\"position\":1,\"name\":\"Startseite\",\"item\":\"https:\/\/new.ahrweilerbc.de\/\"},{\"@type\":\"ListItem\",\"position\":2,\"name\":\"++GET-TOGETHER IN DER ADENBACH-H\u00dcTTE++\"}]},{\"@type\":\"WebSite\",\"@id\":\"https:\/\/new.ahrweilerbc.de\/#website\",\"url\":\"https:\/\/new.ahrweilerbc.de\/\",\"name\":\"Ahrweiler BC\",\"description\":\"\",\"publisher\":{\"@id\":\"https:\/\/new.ahrweilerbc.de\/#organization\"},\"potentialAction\":[{\"@type\":\"SearchAction\",\"target\":{\"@type\":\"EntryPoint\",\"urlTemplate\":\"https:\/\/new.ahrweilerbc.de\/?s={search_term_string}\"},\"query-input\":{\"@type\":\"PropertyValueSpecification\",\"valueRequired\":true,\"valueName\":\"search_term_string\"}}],\"inLanguage\":\"en-US\"},{\"@type\":\"Organization\",\"@id\":\"https:\/\/new.ahrweilerbc.de\/#organization\",\"name\":\"Ahrweiler BC\",\"url\":\"https:\/\/new.ahrweilerbc.de\/\",\"logo\":{\"@type\":\"ImageObject\",\"inLanguage\":\"en-US\",\"@id\":\"https:\/\/new.ahrweilerbc.de\/#\/schema\/logo\/image\/\",\"url\":\"https:\/\/new.ahrweilerbc.de\/wp-content\/uploads\/2025\/10\/download.svg\",\"contentUrl\":\"https:\/\/new.ahrweilerbc.de\/wp-content\/uploads\/2025\/10\/download.svg\",\"width\":960,\"height\":960,\"caption\":\"Ahrweiler BC\"},\"image\":{\"@id\":\"https:\/\/new.ahrweilerbc.de\/#\/schema\/logo\/image\/\"}},{\"@type\":\"Person\",\"@id\":\"https:\/\/new.ahrweilerbc.de\/#\/schema\/person\/bdbb38d43a0d63b77e7ecb3c6afc8f0e\",\"name\":\"Martin Brand\",\"image\":{\"@type\":\"ImageObject\",\"inLanguage\":\"en-US\",\"@id\":\"https:\/\/new.ahrweilerbc.de\/#\/schema\/person\/image\/\",\"url\":\"https:\/\/secure.gravatar.com\/avatar\/?s=96&d=mm&r=g\",\"contentUrl\":\"https:\/\/secure.gravatar.com\/avatar\/?s=96&d=mm&r=g\",\"caption\":\"Martin Brand\"},\"url\":\"https:\/\/new.ahrweilerbc.de\/en\/author\/martin-brand\/\"}]}<\/script>\n<!-- \/ Yoast SEO plugin. -->","yoast_head_json":{"title":"++GET-TOGETHER IN DER ADENBACH-H\u00dcTTE++ - Ahrweiler BC","robots":{"index":"index","follow":"follow","max-snippet":"max-snippet:-1","max-image-preview":"max-image-preview:large","max-video-preview":"max-video-preview:-1"},"canonical":"https:\/\/new.ahrweilerbc.de\/en\/uncategorized\/get-together-in-der-adenbach-huette\/","og_locale":"en_US","og_type":"article","og_title":"++GET-TOGETHER IN DER ADENBACH-H\u00dcTTE++ - Ahrweiler BC","og_description":"Vielen, vielen Dank f\u00fcr den au\u00dferordentlich netten Abend heute auf der Adenbachh\u00fctte. Es hat gut getan, mit Sportfreunden zu reden, die man lange nicht mehr gesehen hat. Damit hat dem\u00a0 Gemeinschaftsleben unseres Vereins einen wertvollen Dienst erwiesen &#8211; abgesehen davon war das Buffet echt klasse\u201c, so Athletiktrainer Rainer Stein nach dem gestrigen Get-Together des Ahrweiler [&hellip;]","og_url":"https:\/\/new.ahrweilerbc.de\/en\/uncategorized\/get-together-in-der-adenbach-huette\/","og_site_name":"Ahrweiler BC","article_published_time":"2021-11-04T10:41:21+00:00","author":"Martin Brand","twitter_card":"summary_large_image","twitter_misc":{"Written by":"Martin Brand","Est. reading time":"1 minute"},"schema":{"@context":"https:\/\/schema.org","@graph":[{"@type":"Article","@id":"https:\/\/new.ahrweilerbc.de\/uncategorized\/get-together-in-der-adenbach-huette\/#article","isPartOf":{"@id":"https:\/\/new.ahrweilerbc.de\/uncategorized\/get-together-in-der-adenbach-huette\/"},"author":{"name":"Martin Brand","@id":"https:\/\/new.ahrweilerbc.de\/#\/schema\/person\/bdbb38d43a0d63b77e7ecb3c6afc8f0e"},"headline":"++GET-TOGETHER IN DER ADENBACH-H\u00dcTTE++","datePublished":"2021-11-04T10:41:21+00:00","mainEntityOfPage":{"@id":"https:\/\/new.ahrweilerbc.de\/uncategorized\/get-together-in-der-adenbach-huette\/"},"wordCount":182,"publisher":{"@id":"https:\/\/new.ahrweilerbc.de\/#organization"},"image":{"@id":"https:\/\/new.ahrweilerbc.de\/uncategorized\/get-together-in-der-adenbach-huette\/#primaryimage"},"thumbnailUrl":"https:\/\/new.ahrweilerbc.de\/wp-content\/uploads\/2021\/11\/00.jpg","articleSection":["Allgemein"],"inLanguage":"en-US"},{"@type":"WebPage","@id":"https:\/\/new.ahrweilerbc.de\/uncategorized\/get-together-in-der-adenbach-huette\/","url":"https:\/\/new.ahrweilerbc.de\/uncategorized\/get-together-in-der-adenbach-huette\/","name":"++GET-TOGETHER IN DER ADENBACH-H\u00dcTTE++ - Ahrweiler BC","isPartOf":{"@id":"https:\/\/new.ahrweilerbc.de\/#website"},"primaryImageOfPage":{"@id":"https:\/\/new.ahrweilerbc.de\/uncategorized\/get-together-in-der-adenbach-huette\/#primaryimage"},"image":{"@id":"https:\/\/new.ahrweilerbc.de\/uncategorized\/get-together-in-der-adenbach-huette\/#primaryimage"},"thumbnailUrl":"https:\/\/new.ahrweilerbc.de\/wp-content\/uploads\/2021\/11\/00.jpg","datePublished":"2021-11-04T10:41:21+00:00","breadcrumb":{"@id":"https:\/\/new.ahrweilerbc.de\/uncategorized\/get-together-in-der-adenbach-huette\/#breadcrumb"},"inLanguage":"en-US","potentialAction":[{"@type":"ReadAction","target":["https:\/\/new.ahrweilerbc.de\/uncategorized\/get-together-in-der-adenbach-huette\/"]}]},{"@type":"ImageObject","inLanguage":"en-US","@id":"https:\/\/new.ahrweilerbc.de\/uncategorized\/get-together-in-der-adenbach-huette\/#primaryimage","url":"https:\/\/new.ahrweilerbc.de\/wp-content\/uploads\/2021\/11\/00.jpg","contentUrl":"https:\/\/new.ahrweilerbc.de\/wp-content\/uploads\/2021\/11\/00.jpg","width":1301,"height":976},{"@type":"BreadcrumbList","@id":"https:\/\/new.ahrweilerbc.de\/uncategorized\/get-together-in-der-adenbach-huette\/#breadcrumb","itemListElement":[{"@type":"ListItem","position":1,"name":"Startseite","item":"https:\/\/new.ahrweilerbc.de\/"},{"@type":"ListItem","position":2,"name":"++GET-TOGETHER IN DER ADENBACH-H\u00dcTTE++"}]},{"@type":"WebSite","@id":"https:\/\/new.ahrweilerbc.de\/#website","url":"https:\/\/new.ahrweilerbc.de\/","name":"Ahrweiler BC","description":"","publisher":{"@id":"https:\/\/new.ahrweilerbc.de\/#organization"},"potentialAction":[{"@type":"SearchAction","target":{"@type":"EntryPoint","urlTemplate":"https:\/\/new.ahrweilerbc.de\/?s={search_term_string}"},"query-input":{"@type":"PropertyValueSpecification","valueRequired":true,"valueName":"search_term_string"}}],"inLanguage":"en-US"},{"@type":"Organization","@id":"https:\/\/new.ahrweilerbc.de\/#organization","name":"Ahrweiler BC","url":"https:\/\/new.ahrweilerbc.de\/","logo":{"@type":"ImageObject","inLanguage":"en-US","@id":"https:\/\/new.ahrweilerbc.de\/#\/schema\/logo\/image\/","url":"https:\/\/new.ahrweilerbc.de\/wp-content\/uploads\/2025\/10\/download.svg","contentUrl":"https:\/\/new.ahrweilerbc.de\/wp-content\/uploads\/2025\/10\/download.svg","width":960,"height":960,"caption":"Ahrweiler BC"},"image":{"@id":"https:\/\/new.ahrweilerbc.de\/#\/schema\/logo\/image\/"}},{"@type":"Person","@id":"https:\/\/new.ahrweilerbc.de\/#\/schema\/person\/bdbb38d43a0d63b77e7ecb3c6afc8f0e","name":"Martin Brand","image":{"@type":"ImageObject","inLanguage":"en-US","@id":"https:\/\/new.ahrweilerbc.de\/#\/schema\/person\/image\/","url":"https:\/\/secure.gravatar.com\/avatar\/?s=96&d=mm&r=g","contentUrl":"https:\/\/secure.gravatar.com\/avatar\/?s=96&d=mm&r=g","caption":"Martin Brand"},"url":"https:\/\/new.ahrweilerbc.de\/en\/author\/martin-brand\/"}]}},"_links":{"self":[{"href":"https:\/\/new.ahrweilerbc.de\/en\/wp-json\/wp\/v2\/posts\/15806","targetHints":{"allow":["GET"]}}],"collection":[{"href":"https:\/\/new.ahrweilerbc.de\/en\/wp-json\/wp\/v2\/posts"}],"about":[{"href":"https:\/\/new.ahrweilerbc.de\/en\/wp-json\/wp\/v2\/types\/post"}],"author":[{"embeddable":true,"href":"https:\/\/new.ahrweilerbc.de\/en\/wp-json\/wp\/v2\/users\/2"}],"replies":[{"embeddable":true,"href":"https:\/\/new.ahrweilerbc.de\/en\/wp-json\/wp\/v2\/comments?post=15806"}],"version-history":[{"count":0,"href":"https:\/\/new.ahrweilerbc.de\/en\/wp-json\/wp\/v2\/posts\/15806\/revisions"}],"wp:featuredmedia":[{"embeddable":true,"href":"https:\/\/new.ahrweilerbc.de\/en\/wp-json\/wp\/v2\/media\/15807"}],"wp:attachment":[{"href":"https:\/\/new.ahrweilerbc.de\/en\/wp-json\/wp\/v2\/media?parent=15806"}],"wp:term":[{"taxonomy":"category","embeddable":true,"href":"https:\/\/new.ahrweilerbc.de\/en\/wp-json\/wp\/v2\/categories?post=15806"},{"taxonomy":"post_tag","embeddable":true,"href":"https:\/\/new.ahrweilerbc.de\/en\/wp-json\/wp\/v2\/tags?post=15806"}],"curies":[{"name":"wp","href":"https:\/\/api.w.org\/{rel}","templated":true}]}}