{"id":15809,"date":"2021-11-04T18:44:42","date_gmt":"2021-11-04T17:44:42","guid":{"rendered":"https:\/\/ahrweilerbc.com\/?p=15809"},"modified":"2021-11-04T18:44:42","modified_gmt":"2021-11-04T17:44:42","slug":"zuspruch-und-unter-stuetzung-von-der-ostsee-aus-der-vineta-stadt-barth","status":"publish","type":"post","link":"https:\/\/new.ahrweilerbc.de\/en\/allgemein\/zuspruch-und-unter-stuetzung-von-der-ostsee-aus-der-vineta-stadt-barth\/","title":{"rendered":"++ZUSPRUCH UND UNTER-ST\u00dcTZUNG VON DER OSTSEE AUS DER VINETA-STADT BARTH++"},"content":{"rendered":"<p>Es waren die Bilder und Berichte \u00fcber die verheerende Flutkatastrophe im letzten Juli, welche den Barther Heimatverein direkt hat handeln lassen. \u201eUns war klar, hier mussten wir was tun\u201c, erkl\u00e4rt Vorstandsmitglied Mario Galepp. Auch in 2013 beim Elbhochwasser war der umtriebige Heimatverein aus der Vinetastadt Barth an der Ostsee mit Spendensammlungen den Hochwasseropfern zur Seite gestanden. Diesmal wurden \u00fcber 30 Spendenboxen in verschiedenen\u00a0\u00a0 Gesch\u00e4ften und Einrichtungen aufgestellt, die nach einem Monat eigesammelt wurden und nach der Z\u00e4hlung eine stolze Summe von 5000,00\u20ac zusammenbrachten. Davon gingen 2000,00\u20ac an den Landesverband des Deutschen Roten Kreuzes in Mecklenburg-Vorpommern, der verschiedene Feriencamps f\u00fcr Kinder aus den betroffenen Gebieten organisiert und durchgef\u00fchrt hat. Die restlichen 3000,00\u20ac wurden im Rahmen der Feierlichkeiten zum 30-j\u00e4hrigen Bestehen des Barther Heimatvereins unter dem Motto \u201eFest f\u00fcr die Familie\u201c\u00a0 symbolisch von Jugendkickern des SV Barth 1950 e.V. an die Nachwuchsabteilung des Ahrweiler BC \u00fcbergeben.<\/p>\n<p>\u201eMit dieser Aktion wollen wir den Menschen in den betroffenen Gebieten Mut und Hoffnung geben<br \/>\nund vermitteln, dass diese nicht alleine sindd. Sport verbindet\u201c, so Galepp.<\/p>\n<p>\u201eEs tut uns leid, dass wir trotz der gro\u00dfz\u00fcgigen Einladung nicht pers\u00f6nlich in Barth die Spende entgegennehmen konnten und die tollen Menschen vor Ort kennenlernen durften. Lieber Heimatverein Barth, liebe Barther, ganz besonders im Namen unserer Nachwuchsabteilung m\u00f6chten wir uns f\u00fcr eure Unterst\u00fctzung und die Anteilnahme mit dem Ahrweiler BC und den Kids hier vor Ort bedanken. Ich hoffe es ergibt sich die Gelegenheit eure wundersch\u00f6ne Stadt im n\u00e4chsten Jahr besuchen zu k\u00f6nnen, um sich pers\u00f6nlich f\u00fcr eure tolle Aktion zu bedanken\u201c, meint ABC-Jugendleiter Gerd Treffer.<\/p>\n<p>&nbsp;<\/p>","protected":false},"excerpt":{"rendered":"<p>Es waren die Bilder und Berichte \u00fcber die verheerende Flutkatastrophe im letzten Juli, welche den Barther Heimatverein direkt hat handeln lassen. \u201eUns war klar, hier mussten wir was tun\u201c, erkl\u00e4rt Vorstandsmitglied Mario Galepp. Auch in 2013 beim Elbhochwasser war der umtriebige Heimatverein aus der Vinetastadt Barth an der Ostsee mit Spendensammlungen den Hochwasseropfern zur Seite [&hellip;]<\/p>","protected":false},"author":2,"featured_media":15810,"comment_status":"closed","ping_status":"open","sticky":false,"template":"","format":"standard","meta":{"footnotes":""},"categories":[18],"tags":[],"class_list":["post-15809","post","type-post","status-publish","format-standard","has-post-thumbnail","hentry","category-allgemein"],"yoast_head":"<!-- This site is optimized with the Yoast SEO plugin v26.1.1 - https:\/\/yoast.com\/wordpress\/plugins\/seo\/ -->\n<title>++ZUSPRUCH UND UNTER-ST\u00dcTZUNG VON DER OSTSEE AUS DER VINETA-STADT BARTH++ - Ahrweiler BC<\/title>\n<meta name=\"robots\" content=\"index, follow, max-snippet:-1, max-image-preview:large, max-video-preview:-1\" \/>\n<link rel=\"canonical\" href=\"https:\/\/new.ahrweilerbc.de\/en\/uncategorized\/zuspruch-und-unter-stuetzung-von-der-ostsee-aus-der-vineta-stadt-barth\/\" \/>\n<meta property=\"og:locale\" content=\"en_US\" \/>\n<meta property=\"og:type\" content=\"article\" \/>\n<meta property=\"og:title\" content=\"++ZUSPRUCH UND UNTER-ST\u00dcTZUNG VON DER OSTSEE AUS DER VINETA-STADT BARTH++ - Ahrweiler BC\" \/>\n<meta property=\"og:description\" content=\"Es waren die Bilder und Berichte \u00fcber die verheerende Flutkatastrophe im letzten Juli, welche den Barther Heimatverein direkt hat handeln lassen. \u201eUns war klar, hier mussten wir was tun\u201c, erkl\u00e4rt Vorstandsmitglied Mario Galepp. Auch in 2013 beim Elbhochwasser war der umtriebige Heimatverein aus der Vinetastadt Barth an der Ostsee mit Spendensammlungen den Hochwasseropfern zur Seite [&hellip;]\" \/>\n<meta property=\"og:url\" content=\"https:\/\/new.ahrweilerbc.de\/en\/uncategorized\/zuspruch-und-unter-stuetzung-von-der-ostsee-aus-der-vineta-stadt-barth\/\" \/>\n<meta property=\"og:site_name\" content=\"Ahrweiler BC\" \/>\n<meta property=\"article:published_time\" content=\"2021-11-04T17:44:42+00:00\" \/>\n<meta name=\"author\" content=\"Martin Brand\" \/>\n<meta name=\"twitter:card\" content=\"summary_large_image\" \/>\n<meta name=\"twitter:label1\" content=\"Written by\" \/>\n\t<meta name=\"twitter:data1\" content=\"Martin Brand\" \/>\n\t<meta name=\"twitter:label2\" content=\"Est. reading time\" \/>\n\t<meta name=\"twitter:data2\" content=\"1 minute\" \/>\n<script type=\"application\/ld+json\" class=\"yoast-schema-graph\">{\"@context\":\"https:\/\/schema.org\",\"@graph\":[{\"@type\":\"Article\",\"@id\":\"https:\/\/new.ahrweilerbc.de\/uncategorized\/zuspruch-und-unter-stuetzung-von-der-ostsee-aus-der-vineta-stadt-barth\/#article\",\"isPartOf\":{\"@id\":\"https:\/\/new.ahrweilerbc.de\/uncategorized\/zuspruch-und-unter-stuetzung-von-der-ostsee-aus-der-vineta-stadt-barth\/\"},\"author\":{\"name\":\"Martin Brand\",\"@id\":\"https:\/\/new.ahrweilerbc.de\/#\/schema\/person\/bdbb38d43a0d63b77e7ecb3c6afc8f0e\"},\"headline\":\"++ZUSPRUCH UND UNTER-ST\u00dcTZUNG VON DER OSTSEE AUS DER VINETA-STADT BARTH++\",\"datePublished\":\"2021-11-04T17:44:42+00:00\",\"mainEntityOfPage\":{\"@id\":\"https:\/\/new.ahrweilerbc.de\/uncategorized\/zuspruch-und-unter-stuetzung-von-der-ostsee-aus-der-vineta-stadt-barth\/\"},\"wordCount\":281,\"publisher\":{\"@id\":\"https:\/\/new.ahrweilerbc.de\/#organization\"},\"image\":{\"@id\":\"https:\/\/new.ahrweilerbc.de\/uncategorized\/zuspruch-und-unter-stuetzung-von-der-ostsee-aus-der-vineta-stadt-barth\/#primaryimage\"},\"thumbnailUrl\":\"https:\/\/new.ahrweilerbc.de\/wp-content\/uploads\/2021\/11\/received_2981011055488528.jpeg\",\"articleSection\":[\"Allgemein\"],\"inLanguage\":\"en-US\"},{\"@type\":\"WebPage\",\"@id\":\"https:\/\/new.ahrweilerbc.de\/uncategorized\/zuspruch-und-unter-stuetzung-von-der-ostsee-aus-der-vineta-stadt-barth\/\",\"url\":\"https:\/\/new.ahrweilerbc.de\/uncategorized\/zuspruch-und-unter-stuetzung-von-der-ostsee-aus-der-vineta-stadt-barth\/\",\"name\":\"++ZUSPRUCH UND UNTER-ST\u00dcTZUNG VON DER OSTSEE AUS DER VINETA-STADT BARTH++ - Ahrweiler BC\",\"isPartOf\":{\"@id\":\"https:\/\/new.ahrweilerbc.de\/#website\"},\"primaryImageOfPage\":{\"@id\":\"https:\/\/new.ahrweilerbc.de\/uncategorized\/zuspruch-und-unter-stuetzung-von-der-ostsee-aus-der-vineta-stadt-barth\/#primaryimage\"},\"image\":{\"@id\":\"https:\/\/new.ahrweilerbc.de\/uncategorized\/zuspruch-und-unter-stuetzung-von-der-ostsee-aus-der-vineta-stadt-barth\/#primaryimage\"},\"thumbnailUrl\":\"https:\/\/new.ahrweilerbc.de\/wp-content\/uploads\/2021\/11\/received_2981011055488528.jpeg\",\"datePublished\":\"2021-11-04T17:44:42+00:00\",\"breadcrumb\":{\"@id\":\"https:\/\/new.ahrweilerbc.de\/uncategorized\/zuspruch-und-unter-stuetzung-von-der-ostsee-aus-der-vineta-stadt-barth\/#breadcrumb\"},\"inLanguage\":\"en-US\",\"potentialAction\":[{\"@type\":\"ReadAction\",\"target\":[\"https:\/\/new.ahrweilerbc.de\/uncategorized\/zuspruch-und-unter-stuetzung-von-der-ostsee-aus-der-vineta-stadt-barth\/\"]}]},{\"@type\":\"ImageObject\",\"inLanguage\":\"en-US\",\"@id\":\"https:\/\/new.ahrweilerbc.de\/uncategorized\/zuspruch-und-unter-stuetzung-von-der-ostsee-aus-der-vineta-stadt-barth\/#primaryimage\",\"url\":\"https:\/\/new.ahrweilerbc.de\/wp-content\/uploads\/2021\/11\/received_2981011055488528.jpeg\",\"contentUrl\":\"https:\/\/new.ahrweilerbc.de\/wp-content\/uploads\/2021\/11\/received_2981011055488528.jpeg\",\"width\":938,\"height\":626},{\"@type\":\"BreadcrumbList\",\"@id\":\"https:\/\/new.ahrweilerbc.de\/uncategorized\/zuspruch-und-unter-stuetzung-von-der-ostsee-aus-der-vineta-stadt-barth\/#breadcrumb\",\"itemListElement\":[{\"@type\":\"ListItem\",\"position\":1,\"name\":\"Startseite\",\"item\":\"https:\/\/new.ahrweilerbc.de\/\"},{\"@type\":\"ListItem\",\"position\":2,\"name\":\"++ZUSPRUCH UND UNTER-ST\u00dcTZUNG VON DER OSTSEE AUS DER VINETA-STADT BARTH++\"}]},{\"@type\":\"WebSite\",\"@id\":\"https:\/\/new.ahrweilerbc.de\/#website\",\"url\":\"https:\/\/new.ahrweilerbc.de\/\",\"name\":\"Ahrweiler BC\",\"description\":\"\",\"publisher\":{\"@id\":\"https:\/\/new.ahrweilerbc.de\/#organization\"},\"potentialAction\":[{\"@type\":\"SearchAction\",\"target\":{\"@type\":\"EntryPoint\",\"urlTemplate\":\"https:\/\/new.ahrweilerbc.de\/?s={search_term_string}\"},\"query-input\":{\"@type\":\"PropertyValueSpecification\",\"valueRequired\":true,\"valueName\":\"search_term_string\"}}],\"inLanguage\":\"en-US\"},{\"@type\":\"Organization\",\"@id\":\"https:\/\/new.ahrweilerbc.de\/#organization\",\"name\":\"Ahrweiler BC\",\"url\":\"https:\/\/new.ahrweilerbc.de\/\",\"logo\":{\"@type\":\"ImageObject\",\"inLanguage\":\"en-US\",\"@id\":\"https:\/\/new.ahrweilerbc.de\/#\/schema\/logo\/image\/\",\"url\":\"https:\/\/new.ahrweilerbc.de\/wp-content\/uploads\/2025\/10\/download.svg\",\"contentUrl\":\"https:\/\/new.ahrweilerbc.de\/wp-content\/uploads\/2025\/10\/download.svg\",\"width\":960,\"height\":960,\"caption\":\"Ahrweiler BC\"},\"image\":{\"@id\":\"https:\/\/new.ahrweilerbc.de\/#\/schema\/logo\/image\/\"}},{\"@type\":\"Person\",\"@id\":\"https:\/\/new.ahrweilerbc.de\/#\/schema\/person\/bdbb38d43a0d63b77e7ecb3c6afc8f0e\",\"name\":\"Martin Brand\",\"image\":{\"@type\":\"ImageObject\",\"inLanguage\":\"en-US\",\"@id\":\"https:\/\/new.ahrweilerbc.de\/#\/schema\/person\/image\/\",\"url\":\"https:\/\/secure.gravatar.com\/avatar\/?s=96&d=mm&r=g\",\"contentUrl\":\"https:\/\/secure.gravatar.com\/avatar\/?s=96&d=mm&r=g\",\"caption\":\"Martin Brand\"},\"url\":\"https:\/\/new.ahrweilerbc.de\/en\/author\/martin-brand\/\"}]}<\/script>\n<!-- \/ Yoast SEO plugin. -->","yoast_head_json":{"title":"++ZUSPRUCH UND UNTER-ST\u00dcTZUNG VON DER OSTSEE AUS DER VINETA-STADT BARTH++ - Ahrweiler BC","robots":{"index":"index","follow":"follow","max-snippet":"max-snippet:-1","max-image-preview":"max-image-preview:large","max-video-preview":"max-video-preview:-1"},"canonical":"https:\/\/new.ahrweilerbc.de\/en\/uncategorized\/zuspruch-und-unter-stuetzung-von-der-ostsee-aus-der-vineta-stadt-barth\/","og_locale":"en_US","og_type":"article","og_title":"++ZUSPRUCH UND UNTER-ST\u00dcTZUNG VON DER OSTSEE AUS DER VINETA-STADT BARTH++ - Ahrweiler BC","og_description":"Es waren die Bilder und Berichte \u00fcber die verheerende Flutkatastrophe im letzten Juli, welche den Barther Heimatverein direkt hat handeln lassen. \u201eUns war klar, hier mussten wir was tun\u201c, erkl\u00e4rt Vorstandsmitglied Mario Galepp. Auch in 2013 beim Elbhochwasser war der umtriebige Heimatverein aus der Vinetastadt Barth an der Ostsee mit Spendensammlungen den Hochwasseropfern zur Seite [&hellip;]","og_url":"https:\/\/new.ahrweilerbc.de\/en\/uncategorized\/zuspruch-und-unter-stuetzung-von-der-ostsee-aus-der-vineta-stadt-barth\/","og_site_name":"Ahrweiler BC","article_published_time":"2021-11-04T17:44:42+00:00","author":"Martin Brand","twitter_card":"summary_large_image","twitter_misc":{"Written by":"Martin Brand","Est. reading time":"1 minute"},"schema":{"@context":"https:\/\/schema.org","@graph":[{"@type":"Article","@id":"https:\/\/new.ahrweilerbc.de\/uncategorized\/zuspruch-und-unter-stuetzung-von-der-ostsee-aus-der-vineta-stadt-barth\/#article","isPartOf":{"@id":"https:\/\/new.ahrweilerbc.de\/uncategorized\/zuspruch-und-unter-stuetzung-von-der-ostsee-aus-der-vineta-stadt-barth\/"},"author":{"name":"Martin Brand","@id":"https:\/\/new.ahrweilerbc.de\/#\/schema\/person\/bdbb38d43a0d63b77e7ecb3c6afc8f0e"},"headline":"++ZUSPRUCH UND UNTER-ST\u00dcTZUNG VON DER OSTSEE AUS DER VINETA-STADT BARTH++","datePublished":"2021-11-04T17:44:42+00:00","mainEntityOfPage":{"@id":"https:\/\/new.ahrweilerbc.de\/uncategorized\/zuspruch-und-unter-stuetzung-von-der-ostsee-aus-der-vineta-stadt-barth\/"},"wordCount":281,"publisher":{"@id":"https:\/\/new.ahrweilerbc.de\/#organization"},"image":{"@id":"https:\/\/new.ahrweilerbc.de\/uncategorized\/zuspruch-und-unter-stuetzung-von-der-ostsee-aus-der-vineta-stadt-barth\/#primaryimage"},"thumbnailUrl":"https:\/\/new.ahrweilerbc.de\/wp-content\/uploads\/2021\/11\/received_2981011055488528.jpeg","articleSection":["Allgemein"],"inLanguage":"en-US"},{"@type":"WebPage","@id":"https:\/\/new.ahrweilerbc.de\/uncategorized\/zuspruch-und-unter-stuetzung-von-der-ostsee-aus-der-vineta-stadt-barth\/","url":"https:\/\/new.ahrweilerbc.de\/uncategorized\/zuspruch-und-unter-stuetzung-von-der-ostsee-aus-der-vineta-stadt-barth\/","name":"++ZUSPRUCH UND UNTER-ST\u00dcTZUNG VON DER OSTSEE AUS DER VINETA-STADT BARTH++ - Ahrweiler BC","isPartOf":{"@id":"https:\/\/new.ahrweilerbc.de\/#website"},"primaryImageOfPage":{"@id":"https:\/\/new.ahrweilerbc.de\/uncategorized\/zuspruch-und-unter-stuetzung-von-der-ostsee-aus-der-vineta-stadt-barth\/#primaryimage"},"image":{"@id":"https:\/\/new.ahrweilerbc.de\/uncategorized\/zuspruch-und-unter-stuetzung-von-der-ostsee-aus-der-vineta-stadt-barth\/#primaryimage"},"thumbnailUrl":"https:\/\/new.ahrweilerbc.de\/wp-content\/uploads\/2021\/11\/received_2981011055488528.jpeg","datePublished":"2021-11-04T17:44:42+00:00","breadcrumb":{"@id":"https:\/\/new.ahrweilerbc.de\/uncategorized\/zuspruch-und-unter-stuetzung-von-der-ostsee-aus-der-vineta-stadt-barth\/#breadcrumb"},"inLanguage":"en-US","potentialAction":[{"@type":"ReadAction","target":["https:\/\/new.ahrweilerbc.de\/uncategorized\/zuspruch-und-unter-stuetzung-von-der-ostsee-aus-der-vineta-stadt-barth\/"]}]},{"@type":"ImageObject","inLanguage":"en-US","@id":"https:\/\/new.ahrweilerbc.de\/uncategorized\/zuspruch-und-unter-stuetzung-von-der-ostsee-aus-der-vineta-stadt-barth\/#primaryimage","url":"https:\/\/new.ahrweilerbc.de\/wp-content\/uploads\/2021\/11\/received_2981011055488528.jpeg","contentUrl":"https:\/\/new.ahrweilerbc.de\/wp-content\/uploads\/2021\/11\/received_2981011055488528.jpeg","width":938,"height":626},{"@type":"BreadcrumbList","@id":"https:\/\/new.ahrweilerbc.de\/uncategorized\/zuspruch-und-unter-stuetzung-von-der-ostsee-aus-der-vineta-stadt-barth\/#breadcrumb","itemListElement":[{"@type":"ListItem","position":1,"name":"Startseite","item":"https:\/\/new.ahrweilerbc.de\/"},{"@type":"ListItem","position":2,"name":"++ZUSPRUCH UND UNTER-ST\u00dcTZUNG VON DER OSTSEE AUS DER VINETA-STADT BARTH++"}]},{"@type":"WebSite","@id":"https:\/\/new.ahrweilerbc.de\/#website","url":"https:\/\/new.ahrweilerbc.de\/","name":"Ahrweiler BC","description":"","publisher":{"@id":"https:\/\/new.ahrweilerbc.de\/#organization"},"potentialAction":[{"@type":"SearchAction","target":{"@type":"EntryPoint","urlTemplate":"https:\/\/new.ahrweilerbc.de\/?s={search_term_string}"},"query-input":{"@type":"PropertyValueSpecification","valueRequired":true,"valueName":"search_term_string"}}],"inLanguage":"en-US"},{"@type":"Organization","@id":"https:\/\/new.ahrweilerbc.de\/#organization","name":"Ahrweiler BC","url":"https:\/\/new.ahrweilerbc.de\/","logo":{"@type":"ImageObject","inLanguage":"en-US","@id":"https:\/\/new.ahrweilerbc.de\/#\/schema\/logo\/image\/","url":"https:\/\/new.ahrweilerbc.de\/wp-content\/uploads\/2025\/10\/download.svg","contentUrl":"https:\/\/new.ahrweilerbc.de\/wp-content\/uploads\/2025\/10\/download.svg","width":960,"height":960,"caption":"Ahrweiler BC"},"image":{"@id":"https:\/\/new.ahrweilerbc.de\/#\/schema\/logo\/image\/"}},{"@type":"Person","@id":"https:\/\/new.ahrweilerbc.de\/#\/schema\/person\/bdbb38d43a0d63b77e7ecb3c6afc8f0e","name":"Martin Brand","image":{"@type":"ImageObject","inLanguage":"en-US","@id":"https:\/\/new.ahrweilerbc.de\/#\/schema\/person\/image\/","url":"https:\/\/secure.gravatar.com\/avatar\/?s=96&d=mm&r=g","contentUrl":"https:\/\/secure.gravatar.com\/avatar\/?s=96&d=mm&r=g","caption":"Martin Brand"},"url":"https:\/\/new.ahrweilerbc.de\/en\/author\/martin-brand\/"}]}},"_links":{"self":[{"href":"https:\/\/new.ahrweilerbc.de\/en\/wp-json\/wp\/v2\/posts\/15809","targetHints":{"allow":["GET"]}}],"collection":[{"href":"https:\/\/new.ahrweilerbc.de\/en\/wp-json\/wp\/v2\/posts"}],"about":[{"href":"https:\/\/new.ahrweilerbc.de\/en\/wp-json\/wp\/v2\/types\/post"}],"author":[{"embeddable":true,"href":"https:\/\/new.ahrweilerbc.de\/en\/wp-json\/wp\/v2\/users\/2"}],"replies":[{"embeddable":true,"href":"https:\/\/new.ahrweilerbc.de\/en\/wp-json\/wp\/v2\/comments?post=15809"}],"version-history":[{"count":0,"href":"https:\/\/new.ahrweilerbc.de\/en\/wp-json\/wp\/v2\/posts\/15809\/revisions"}],"wp:featuredmedia":[{"embeddable":true,"href":"https:\/\/new.ahrweilerbc.de\/en\/wp-json\/wp\/v2\/media\/15810"}],"wp:attachment":[{"href":"https:\/\/new.ahrweilerbc.de\/en\/wp-json\/wp\/v2\/media?parent=15809"}],"wp:term":[{"taxonomy":"category","embeddable":true,"href":"https:\/\/new.ahrweilerbc.de\/en\/wp-json\/wp\/v2\/categories?post=15809"},{"taxonomy":"post_tag","embeddable":true,"href":"https:\/\/new.ahrweilerbc.de\/en\/wp-json\/wp\/v2\/tags?post=15809"}],"curies":[{"name":"wp","href":"https:\/\/api.w.org\/{rel}","templated":true}]}}