{"id":15905,"date":"2021-11-25T09:34:32","date_gmt":"2021-11-25T08:34:32","guid":{"rendered":"https:\/\/ahrweilerbc.com\/?p=15905"},"modified":"2021-11-25T09:34:32","modified_gmt":"2021-11-25T08:34:32","slug":"ahrweiler-bc-erhaelt-unter-stuetzung-aus-suedbaden","status":"publish","type":"post","link":"https:\/\/new.ahrweilerbc.de\/en\/allgemein\/ahrweiler-bc-erhaelt-unter-stuetzung-aus-suedbaden\/","title":{"rendered":"++AHRWEILER BC ERH\u00c4LT UNTER-ST\u00dcTZUNG AUS S\u00dcDBADEN++"},"content":{"rendered":"<p>F\u00fcr den Pr\u00e4sidenten des Offenburger FV, Norbert Gro\u00dfklaus, war es nach der Flutkatastrophe im Ahrtal keine Frage, dass man in sportlicher Verbundenheit einen Fu\u00dfballverein unterst\u00fctzen m\u00f6chte. Sozusagen von Traditionsklub zu Traditionsklub wurde eine Spendenaktion geplant, um dem Ahrweiler BC unter die Arme zu greifen.<\/p>\n<p>Anl\u00e4sslich des Spitzenspiels der Verbandsliga S\u00fcdbaden gegen den SC Lahr am 04.09.21 im Karl-Heitz-Stadion ergaben die Eintrittsgelder und Einnahmen aus dem Verkauf von Fanartikeln sowie der Erl\u00f6s von Spenden eine stattliche Summe von 5300 \u20ac, welche durch die Stadt Offenburg \u00fcber B\u00fcrgermeister Marco Steffens auf 6000 \u20ac aufgestockt wurde.<\/p>\n<p>Norbert Gro\u00dfklaus, der auch als evangelischer Schulpfarrer, Mitglied im Stadtrat von Offenburg f\u00fcr die Gr\u00fcnen und stellvertretender OB-Vertreter t\u00e4tig ist, hat f\u00fcr den Besuch an die Ahr zum Treffen mit ABC-Pr\u00e4sident Torsten Schweigert Ende September eine An-und Abreise aus S\u00fcdbaden von neun Stunden mit der Bahn auf sich genommen und war von den Zerst\u00f6rungen vor Ort sehr betroffen.<\/p>\n<p>\u201eNorbert ist ein wunderbarer, einf\u00fchlsamer und empathischer Mensch. Wir sind ihm, seinem Team, allen Helfern sowie den vielen Spendern unendlich dankbar. Es wird ein langer Weg, aber wir gehen ihn gemeinsam; deshalb ist ein Miteinander unter uns Fu\u00dfballern so wichtig, denn nur gemeinsam sind wir stark!\u201c, meint Torsten Schweigert, der sich im Namen des Ahrweiler BC ganz herzlich bedankte.<\/p>\n<p>&nbsp;<\/p>\n<p>&nbsp;<\/p>","protected":false},"excerpt":{"rendered":"<p>F\u00fcr den Pr\u00e4sidenten des Offenburger FV, Norbert Gro\u00dfklaus, war es nach der Flutkatastrophe im Ahrtal keine Frage, dass man in sportlicher Verbundenheit einen Fu\u00dfballverein unterst\u00fctzen m\u00f6chte. Sozusagen von Traditionsklub zu Traditionsklub wurde eine Spendenaktion geplant, um dem Ahrweiler BC unter die Arme zu greifen. Anl\u00e4sslich des Spitzenspiels der Verbandsliga S\u00fcdbaden gegen den SC Lahr am [&hellip;]<\/p>","protected":false},"author":2,"featured_media":15906,"comment_status":"closed","ping_status":"open","sticky":false,"template":"","format":"standard","meta":{"footnotes":""},"categories":[18],"tags":[],"class_list":["post-15905","post","type-post","status-publish","format-standard","has-post-thumbnail","hentry","category-allgemein"],"yoast_head":"<!-- This site is optimized with the Yoast SEO plugin v26.1.1 - https:\/\/yoast.com\/wordpress\/plugins\/seo\/ -->\n<title>++AHRWEILER BC ERH\u00c4LT UNTER-ST\u00dcTZUNG AUS S\u00dcDBADEN++ - Ahrweiler BC<\/title>\n<meta name=\"robots\" content=\"index, follow, max-snippet:-1, max-image-preview:large, max-video-preview:-1\" \/>\n<link rel=\"canonical\" href=\"https:\/\/new.ahrweilerbc.de\/en\/uncategorized\/ahrweiler-bc-erhaelt-unter-stuetzung-aus-suedbaden\/\" \/>\n<meta property=\"og:locale\" content=\"en_US\" \/>\n<meta property=\"og:type\" content=\"article\" \/>\n<meta property=\"og:title\" content=\"++AHRWEILER BC ERH\u00c4LT UNTER-ST\u00dcTZUNG AUS S\u00dcDBADEN++ - Ahrweiler BC\" \/>\n<meta property=\"og:description\" content=\"F\u00fcr den Pr\u00e4sidenten des Offenburger FV, Norbert Gro\u00dfklaus, war es nach der Flutkatastrophe im Ahrtal keine Frage, dass man in sportlicher Verbundenheit einen Fu\u00dfballverein unterst\u00fctzen m\u00f6chte. Sozusagen von Traditionsklub zu Traditionsklub wurde eine Spendenaktion geplant, um dem Ahrweiler BC unter die Arme zu greifen. Anl\u00e4sslich des Spitzenspiels der Verbandsliga S\u00fcdbaden gegen den SC Lahr am [&hellip;]\" \/>\n<meta property=\"og:url\" content=\"https:\/\/new.ahrweilerbc.de\/en\/uncategorized\/ahrweiler-bc-erhaelt-unter-stuetzung-aus-suedbaden\/\" \/>\n<meta property=\"og:site_name\" content=\"Ahrweiler BC\" \/>\n<meta property=\"article:published_time\" content=\"2021-11-25T08:34:32+00:00\" \/>\n<meta name=\"author\" content=\"Martin Brand\" \/>\n<meta name=\"twitter:card\" content=\"summary_large_image\" \/>\n<meta name=\"twitter:label1\" content=\"Written by\" \/>\n\t<meta name=\"twitter:data1\" content=\"Martin Brand\" \/>\n\t<meta name=\"twitter:label2\" content=\"Est. reading time\" \/>\n\t<meta name=\"twitter:data2\" content=\"1 minute\" \/>\n<script type=\"application\/ld+json\" class=\"yoast-schema-graph\">{\"@context\":\"https:\/\/schema.org\",\"@graph\":[{\"@type\":\"Article\",\"@id\":\"https:\/\/new.ahrweilerbc.de\/uncategorized\/ahrweiler-bc-erhaelt-unter-stuetzung-aus-suedbaden\/#article\",\"isPartOf\":{\"@id\":\"https:\/\/new.ahrweilerbc.de\/uncategorized\/ahrweiler-bc-erhaelt-unter-stuetzung-aus-suedbaden\/\"},\"author\":{\"name\":\"Martin Brand\",\"@id\":\"https:\/\/new.ahrweilerbc.de\/#\/schema\/person\/bdbb38d43a0d63b77e7ecb3c6afc8f0e\"},\"headline\":\"++AHRWEILER BC ERH\u00c4LT UNTER-ST\u00dcTZUNG AUS S\u00dcDBADEN++\",\"datePublished\":\"2021-11-25T08:34:32+00:00\",\"mainEntityOfPage\":{\"@id\":\"https:\/\/new.ahrweilerbc.de\/uncategorized\/ahrweiler-bc-erhaelt-unter-stuetzung-aus-suedbaden\/\"},\"wordCount\":236,\"publisher\":{\"@id\":\"https:\/\/new.ahrweilerbc.de\/#organization\"},\"image\":{\"@id\":\"https:\/\/new.ahrweilerbc.de\/uncategorized\/ahrweiler-bc-erhaelt-unter-stuetzung-aus-suedbaden\/#primaryimage\"},\"thumbnailUrl\":\"https:\/\/new.ahrweilerbc.de\/wp-content\/uploads\/2021\/11\/2493c151-323c-4f4b-abc5-50b02fe6d506.jpg\",\"articleSection\":[\"Allgemein\"],\"inLanguage\":\"en-US\"},{\"@type\":\"WebPage\",\"@id\":\"https:\/\/new.ahrweilerbc.de\/uncategorized\/ahrweiler-bc-erhaelt-unter-stuetzung-aus-suedbaden\/\",\"url\":\"https:\/\/new.ahrweilerbc.de\/uncategorized\/ahrweiler-bc-erhaelt-unter-stuetzung-aus-suedbaden\/\",\"name\":\"++AHRWEILER BC ERH\u00c4LT UNTER-ST\u00dcTZUNG AUS S\u00dcDBADEN++ - Ahrweiler BC\",\"isPartOf\":{\"@id\":\"https:\/\/new.ahrweilerbc.de\/#website\"},\"primaryImageOfPage\":{\"@id\":\"https:\/\/new.ahrweilerbc.de\/uncategorized\/ahrweiler-bc-erhaelt-unter-stuetzung-aus-suedbaden\/#primaryimage\"},\"image\":{\"@id\":\"https:\/\/new.ahrweilerbc.de\/uncategorized\/ahrweiler-bc-erhaelt-unter-stuetzung-aus-suedbaden\/#primaryimage\"},\"thumbnailUrl\":\"https:\/\/new.ahrweilerbc.de\/wp-content\/uploads\/2021\/11\/2493c151-323c-4f4b-abc5-50b02fe6d506.jpg\",\"datePublished\":\"2021-11-25T08:34:32+00:00\",\"breadcrumb\":{\"@id\":\"https:\/\/new.ahrweilerbc.de\/uncategorized\/ahrweiler-bc-erhaelt-unter-stuetzung-aus-suedbaden\/#breadcrumb\"},\"inLanguage\":\"en-US\",\"potentialAction\":[{\"@type\":\"ReadAction\",\"target\":[\"https:\/\/new.ahrweilerbc.de\/uncategorized\/ahrweiler-bc-erhaelt-unter-stuetzung-aus-suedbaden\/\"]}]},{\"@type\":\"ImageObject\",\"inLanguage\":\"en-US\",\"@id\":\"https:\/\/new.ahrweilerbc.de\/uncategorized\/ahrweiler-bc-erhaelt-unter-stuetzung-aus-suedbaden\/#primaryimage\",\"url\":\"https:\/\/new.ahrweilerbc.de\/wp-content\/uploads\/2021\/11\/2493c151-323c-4f4b-abc5-50b02fe6d506.jpg\",\"contentUrl\":\"https:\/\/new.ahrweilerbc.de\/wp-content\/uploads\/2021\/11\/2493c151-323c-4f4b-abc5-50b02fe6d506.jpg\",\"width\":929,\"height\":569},{\"@type\":\"BreadcrumbList\",\"@id\":\"https:\/\/new.ahrweilerbc.de\/uncategorized\/ahrweiler-bc-erhaelt-unter-stuetzung-aus-suedbaden\/#breadcrumb\",\"itemListElement\":[{\"@type\":\"ListItem\",\"position\":1,\"name\":\"Startseite\",\"item\":\"https:\/\/new.ahrweilerbc.de\/\"},{\"@type\":\"ListItem\",\"position\":2,\"name\":\"++AHRWEILER BC ERH\u00c4LT UNTER-ST\u00dcTZUNG AUS S\u00dcDBADEN++\"}]},{\"@type\":\"WebSite\",\"@id\":\"https:\/\/new.ahrweilerbc.de\/#website\",\"url\":\"https:\/\/new.ahrweilerbc.de\/\",\"name\":\"Ahrweiler BC\",\"description\":\"\",\"publisher\":{\"@id\":\"https:\/\/new.ahrweilerbc.de\/#organization\"},\"potentialAction\":[{\"@type\":\"SearchAction\",\"target\":{\"@type\":\"EntryPoint\",\"urlTemplate\":\"https:\/\/new.ahrweilerbc.de\/?s={search_term_string}\"},\"query-input\":{\"@type\":\"PropertyValueSpecification\",\"valueRequired\":true,\"valueName\":\"search_term_string\"}}],\"inLanguage\":\"en-US\"},{\"@type\":\"Organization\",\"@id\":\"https:\/\/new.ahrweilerbc.de\/#organization\",\"name\":\"Ahrweiler BC\",\"url\":\"https:\/\/new.ahrweilerbc.de\/\",\"logo\":{\"@type\":\"ImageObject\",\"inLanguage\":\"en-US\",\"@id\":\"https:\/\/new.ahrweilerbc.de\/#\/schema\/logo\/image\/\",\"url\":\"https:\/\/new.ahrweilerbc.de\/wp-content\/uploads\/2025\/10\/download.svg\",\"contentUrl\":\"https:\/\/new.ahrweilerbc.de\/wp-content\/uploads\/2025\/10\/download.svg\",\"width\":960,\"height\":960,\"caption\":\"Ahrweiler BC\"},\"image\":{\"@id\":\"https:\/\/new.ahrweilerbc.de\/#\/schema\/logo\/image\/\"}},{\"@type\":\"Person\",\"@id\":\"https:\/\/new.ahrweilerbc.de\/#\/schema\/person\/bdbb38d43a0d63b77e7ecb3c6afc8f0e\",\"name\":\"Martin Brand\",\"image\":{\"@type\":\"ImageObject\",\"inLanguage\":\"en-US\",\"@id\":\"https:\/\/new.ahrweilerbc.de\/#\/schema\/person\/image\/\",\"url\":\"https:\/\/secure.gravatar.com\/avatar\/?s=96&d=mm&r=g\",\"contentUrl\":\"https:\/\/secure.gravatar.com\/avatar\/?s=96&d=mm&r=g\",\"caption\":\"Martin Brand\"},\"url\":\"https:\/\/new.ahrweilerbc.de\/en\/author\/martin-brand\/\"}]}<\/script>\n<!-- \/ Yoast SEO plugin. -->","yoast_head_json":{"title":"++AHRWEILER BC ERH\u00c4LT UNTER-ST\u00dcTZUNG AUS S\u00dcDBADEN++ - Ahrweiler BC","robots":{"index":"index","follow":"follow","max-snippet":"max-snippet:-1","max-image-preview":"max-image-preview:large","max-video-preview":"max-video-preview:-1"},"canonical":"https:\/\/new.ahrweilerbc.de\/en\/uncategorized\/ahrweiler-bc-erhaelt-unter-stuetzung-aus-suedbaden\/","og_locale":"en_US","og_type":"article","og_title":"++AHRWEILER BC ERH\u00c4LT UNTER-ST\u00dcTZUNG AUS S\u00dcDBADEN++ - Ahrweiler BC","og_description":"F\u00fcr den Pr\u00e4sidenten des Offenburger FV, Norbert Gro\u00dfklaus, war es nach der Flutkatastrophe im Ahrtal keine Frage, dass man in sportlicher Verbundenheit einen Fu\u00dfballverein unterst\u00fctzen m\u00f6chte. Sozusagen von Traditionsklub zu Traditionsklub wurde eine Spendenaktion geplant, um dem Ahrweiler BC unter die Arme zu greifen. Anl\u00e4sslich des Spitzenspiels der Verbandsliga S\u00fcdbaden gegen den SC Lahr am [&hellip;]","og_url":"https:\/\/new.ahrweilerbc.de\/en\/uncategorized\/ahrweiler-bc-erhaelt-unter-stuetzung-aus-suedbaden\/","og_site_name":"Ahrweiler BC","article_published_time":"2021-11-25T08:34:32+00:00","author":"Martin Brand","twitter_card":"summary_large_image","twitter_misc":{"Written by":"Martin Brand","Est. reading time":"1 minute"},"schema":{"@context":"https:\/\/schema.org","@graph":[{"@type":"Article","@id":"https:\/\/new.ahrweilerbc.de\/uncategorized\/ahrweiler-bc-erhaelt-unter-stuetzung-aus-suedbaden\/#article","isPartOf":{"@id":"https:\/\/new.ahrweilerbc.de\/uncategorized\/ahrweiler-bc-erhaelt-unter-stuetzung-aus-suedbaden\/"},"author":{"name":"Martin Brand","@id":"https:\/\/new.ahrweilerbc.de\/#\/schema\/person\/bdbb38d43a0d63b77e7ecb3c6afc8f0e"},"headline":"++AHRWEILER BC ERH\u00c4LT UNTER-ST\u00dcTZUNG AUS S\u00dcDBADEN++","datePublished":"2021-11-25T08:34:32+00:00","mainEntityOfPage":{"@id":"https:\/\/new.ahrweilerbc.de\/uncategorized\/ahrweiler-bc-erhaelt-unter-stuetzung-aus-suedbaden\/"},"wordCount":236,"publisher":{"@id":"https:\/\/new.ahrweilerbc.de\/#organization"},"image":{"@id":"https:\/\/new.ahrweilerbc.de\/uncategorized\/ahrweiler-bc-erhaelt-unter-stuetzung-aus-suedbaden\/#primaryimage"},"thumbnailUrl":"https:\/\/new.ahrweilerbc.de\/wp-content\/uploads\/2021\/11\/2493c151-323c-4f4b-abc5-50b02fe6d506.jpg","articleSection":["Allgemein"],"inLanguage":"en-US"},{"@type":"WebPage","@id":"https:\/\/new.ahrweilerbc.de\/uncategorized\/ahrweiler-bc-erhaelt-unter-stuetzung-aus-suedbaden\/","url":"https:\/\/new.ahrweilerbc.de\/uncategorized\/ahrweiler-bc-erhaelt-unter-stuetzung-aus-suedbaden\/","name":"++AHRWEILER BC ERH\u00c4LT UNTER-ST\u00dcTZUNG AUS S\u00dcDBADEN++ - Ahrweiler BC","isPartOf":{"@id":"https:\/\/new.ahrweilerbc.de\/#website"},"primaryImageOfPage":{"@id":"https:\/\/new.ahrweilerbc.de\/uncategorized\/ahrweiler-bc-erhaelt-unter-stuetzung-aus-suedbaden\/#primaryimage"},"image":{"@id":"https:\/\/new.ahrweilerbc.de\/uncategorized\/ahrweiler-bc-erhaelt-unter-stuetzung-aus-suedbaden\/#primaryimage"},"thumbnailUrl":"https:\/\/new.ahrweilerbc.de\/wp-content\/uploads\/2021\/11\/2493c151-323c-4f4b-abc5-50b02fe6d506.jpg","datePublished":"2021-11-25T08:34:32+00:00","breadcrumb":{"@id":"https:\/\/new.ahrweilerbc.de\/uncategorized\/ahrweiler-bc-erhaelt-unter-stuetzung-aus-suedbaden\/#breadcrumb"},"inLanguage":"en-US","potentialAction":[{"@type":"ReadAction","target":["https:\/\/new.ahrweilerbc.de\/uncategorized\/ahrweiler-bc-erhaelt-unter-stuetzung-aus-suedbaden\/"]}]},{"@type":"ImageObject","inLanguage":"en-US","@id":"https:\/\/new.ahrweilerbc.de\/uncategorized\/ahrweiler-bc-erhaelt-unter-stuetzung-aus-suedbaden\/#primaryimage","url":"https:\/\/new.ahrweilerbc.de\/wp-content\/uploads\/2021\/11\/2493c151-323c-4f4b-abc5-50b02fe6d506.jpg","contentUrl":"https:\/\/new.ahrweilerbc.de\/wp-content\/uploads\/2021\/11\/2493c151-323c-4f4b-abc5-50b02fe6d506.jpg","width":929,"height":569},{"@type":"BreadcrumbList","@id":"https:\/\/new.ahrweilerbc.de\/uncategorized\/ahrweiler-bc-erhaelt-unter-stuetzung-aus-suedbaden\/#breadcrumb","itemListElement":[{"@type":"ListItem","position":1,"name":"Startseite","item":"https:\/\/new.ahrweilerbc.de\/"},{"@type":"ListItem","position":2,"name":"++AHRWEILER BC ERH\u00c4LT UNTER-ST\u00dcTZUNG AUS S\u00dcDBADEN++"}]},{"@type":"WebSite","@id":"https:\/\/new.ahrweilerbc.de\/#website","url":"https:\/\/new.ahrweilerbc.de\/","name":"Ahrweiler BC","description":"","publisher":{"@id":"https:\/\/new.ahrweilerbc.de\/#organization"},"potentialAction":[{"@type":"SearchAction","target":{"@type":"EntryPoint","urlTemplate":"https:\/\/new.ahrweilerbc.de\/?s={search_term_string}"},"query-input":{"@type":"PropertyValueSpecification","valueRequired":true,"valueName":"search_term_string"}}],"inLanguage":"en-US"},{"@type":"Organization","@id":"https:\/\/new.ahrweilerbc.de\/#organization","name":"Ahrweiler BC","url":"https:\/\/new.ahrweilerbc.de\/","logo":{"@type":"ImageObject","inLanguage":"en-US","@id":"https:\/\/new.ahrweilerbc.de\/#\/schema\/logo\/image\/","url":"https:\/\/new.ahrweilerbc.de\/wp-content\/uploads\/2025\/10\/download.svg","contentUrl":"https:\/\/new.ahrweilerbc.de\/wp-content\/uploads\/2025\/10\/download.svg","width":960,"height":960,"caption":"Ahrweiler BC"},"image":{"@id":"https:\/\/new.ahrweilerbc.de\/#\/schema\/logo\/image\/"}},{"@type":"Person","@id":"https:\/\/new.ahrweilerbc.de\/#\/schema\/person\/bdbb38d43a0d63b77e7ecb3c6afc8f0e","name":"Martin Brand","image":{"@type":"ImageObject","inLanguage":"en-US","@id":"https:\/\/new.ahrweilerbc.de\/#\/schema\/person\/image\/","url":"https:\/\/secure.gravatar.com\/avatar\/?s=96&d=mm&r=g","contentUrl":"https:\/\/secure.gravatar.com\/avatar\/?s=96&d=mm&r=g","caption":"Martin Brand"},"url":"https:\/\/new.ahrweilerbc.de\/en\/author\/martin-brand\/"}]}},"_links":{"self":[{"href":"https:\/\/new.ahrweilerbc.de\/en\/wp-json\/wp\/v2\/posts\/15905","targetHints":{"allow":["GET"]}}],"collection":[{"href":"https:\/\/new.ahrweilerbc.de\/en\/wp-json\/wp\/v2\/posts"}],"about":[{"href":"https:\/\/new.ahrweilerbc.de\/en\/wp-json\/wp\/v2\/types\/post"}],"author":[{"embeddable":true,"href":"https:\/\/new.ahrweilerbc.de\/en\/wp-json\/wp\/v2\/users\/2"}],"replies":[{"embeddable":true,"href":"https:\/\/new.ahrweilerbc.de\/en\/wp-json\/wp\/v2\/comments?post=15905"}],"version-history":[{"count":0,"href":"https:\/\/new.ahrweilerbc.de\/en\/wp-json\/wp\/v2\/posts\/15905\/revisions"}],"wp:featuredmedia":[{"embeddable":true,"href":"https:\/\/new.ahrweilerbc.de\/en\/wp-json\/wp\/v2\/media\/15906"}],"wp:attachment":[{"href":"https:\/\/new.ahrweilerbc.de\/en\/wp-json\/wp\/v2\/media?parent=15905"}],"wp:term":[{"taxonomy":"category","embeddable":true,"href":"https:\/\/new.ahrweilerbc.de\/en\/wp-json\/wp\/v2\/categories?post=15905"},{"taxonomy":"post_tag","embeddable":true,"href":"https:\/\/new.ahrweilerbc.de\/en\/wp-json\/wp\/v2\/tags?post=15905"}],"curies":[{"name":"wp","href":"https:\/\/api.w.org\/{rel}","templated":true}]}}