{"id":15918,"date":"2021-11-29T11:43:27","date_gmt":"2021-11-29T10:43:27","guid":{"rendered":"https:\/\/ahrweilerbc.com\/?p=15918"},"modified":"2021-11-29T11:43:27","modified_gmt":"2021-11-29T10:43:27","slug":"abc-kids-gehen-nach-einem-besonderen-jahr-in-die-winter-pause","status":"publish","type":"post","link":"https:\/\/new.ahrweilerbc.de\/en\/allgemein\/abc-kids-gehen-nach-einem-besonderen-jahr-in-die-winter-pause\/","title":{"rendered":"++ABC-KIDS GEHEN NACH EINEM BESONDEREN JAHR IN DIE WINTER-PAUSE++"},"content":{"rendered":"<p>Auch f\u00fcr die j\u00fcngsten Kicker des Ahrweiler BC geht ein Jahr zu Ende, welches sich in dieser Art niemand h\u00e4tte vorstellen k\u00f6nnen. Die gewohnte Welt der Kids wurde durch die Ma\u00dfnahmen der Pandemie sowie die Folgen der Flutkatastrophe aus den Angeln gehoben und verlangt von den Kleinsten die gr\u00f6\u00dften Opfer. Deren Erlebnisse in der Flutnacht und die Ver\u00e4nderungen danach, gehen zumeist unter die Haut. Trainerinnen, Trainer, Betreuer und Funktionspersonal in allen Mannschaften und Vereinen erleben ver\u00e4nderte, wohl zum Teil traumatisierte Kids, die sich zumeist nur w\u00e4hrend dem Kicken so geben, wie man sie bis zum 14. Juli kannte. \u201eEs ist zum Teil herzzerrei\u00dfend, wenn man diese Kids, deren Weg man schon seit Jahren begleiten darf, erlebt\u201c, erkl\u00e4rt ein langj\u00e4hriger Jugendtrainer des Ahrweiler BC. Vielleicht kann die Winterpause zum Durchatmen genutzt werden. Sowohl Eltern als auch die Kinder mussten seit Sommer viel leisten. Der Ahrweiler BC m\u00f6chte sich bei allen seinen Jugendspielern und deren Eltern bedanken, die trotz eines enormen Mehraufwandes dem Verein treu geblieben sind. Als kleinen Dank gab es f\u00fcr die Kleinfeld-Junioren den ABC-Weihnachtskalender und f\u00fcr die vielen Eltern ein ganz gro\u00dfes DANKESCH\u00d6N!! \u00a0Auch ohne unsere hervorragenden Trainer- und Betreuerteams w\u00e4re das alles nicht m\u00f6glich gewesen. Daf\u00fcr 1000 Dank f\u00fcr eure unz\u00e4hligen ehrenamtlichen Stunden Leidenschaft.<\/p>\n<p>Genie\u00dft die Zeit mit euren Lieben.<\/p>","protected":false},"excerpt":{"rendered":"<p>Auch f\u00fcr die j\u00fcngsten Kicker des Ahrweiler BC geht ein Jahr zu Ende, welches sich in dieser Art niemand h\u00e4tte vorstellen k\u00f6nnen. Die gewohnte Welt der Kids wurde durch die Ma\u00dfnahmen der Pandemie sowie die Folgen der Flutkatastrophe aus den Angeln gehoben und verlangt von den Kleinsten die gr\u00f6\u00dften Opfer. Deren Erlebnisse in der Flutnacht [&hellip;]<\/p>","protected":false},"author":2,"featured_media":15919,"comment_status":"closed","ping_status":"open","sticky":false,"template":"","format":"standard","meta":{"footnotes":""},"categories":[18],"tags":[],"class_list":["post-15918","post","type-post","status-publish","format-standard","has-post-thumbnail","hentry","category-allgemein"],"yoast_head":"<!-- This site is optimized with the Yoast SEO plugin v26.1.1 - https:\/\/yoast.com\/wordpress\/plugins\/seo\/ -->\n<title>++ABC-KIDS GEHEN NACH EINEM BESONDEREN JAHR IN DIE WINTER-PAUSE++ - Ahrweiler BC<\/title>\n<meta name=\"robots\" content=\"index, follow, max-snippet:-1, max-image-preview:large, max-video-preview:-1\" \/>\n<link rel=\"canonical\" href=\"https:\/\/new.ahrweilerbc.de\/en\/uncategorized\/abc-kids-gehen-nach-einem-besonderen-jahr-in-die-winter-pause\/\" \/>\n<meta property=\"og:locale\" content=\"en_US\" \/>\n<meta property=\"og:type\" content=\"article\" \/>\n<meta property=\"og:title\" content=\"++ABC-KIDS GEHEN NACH EINEM BESONDEREN JAHR IN DIE WINTER-PAUSE++ - Ahrweiler BC\" \/>\n<meta property=\"og:description\" content=\"Auch f\u00fcr die j\u00fcngsten Kicker des Ahrweiler BC geht ein Jahr zu Ende, welches sich in dieser Art niemand h\u00e4tte vorstellen k\u00f6nnen. Die gewohnte Welt der Kids wurde durch die Ma\u00dfnahmen der Pandemie sowie die Folgen der Flutkatastrophe aus den Angeln gehoben und verlangt von den Kleinsten die gr\u00f6\u00dften Opfer. Deren Erlebnisse in der Flutnacht [&hellip;]\" \/>\n<meta property=\"og:url\" content=\"https:\/\/new.ahrweilerbc.de\/en\/uncategorized\/abc-kids-gehen-nach-einem-besonderen-jahr-in-die-winter-pause\/\" \/>\n<meta property=\"og:site_name\" content=\"Ahrweiler BC\" \/>\n<meta property=\"article:published_time\" content=\"2021-11-29T10:43:27+00:00\" \/>\n<meta name=\"author\" content=\"Martin Brand\" \/>\n<meta name=\"twitter:card\" content=\"summary_large_image\" \/>\n<meta name=\"twitter:label1\" content=\"Written by\" \/>\n\t<meta name=\"twitter:data1\" content=\"Martin Brand\" \/>\n\t<meta name=\"twitter:label2\" content=\"Est. reading time\" \/>\n\t<meta name=\"twitter:data2\" content=\"1 minute\" \/>\n<script type=\"application\/ld+json\" class=\"yoast-schema-graph\">{\"@context\":\"https:\/\/schema.org\",\"@graph\":[{\"@type\":\"Article\",\"@id\":\"https:\/\/new.ahrweilerbc.de\/uncategorized\/abc-kids-gehen-nach-einem-besonderen-jahr-in-die-winter-pause\/#article\",\"isPartOf\":{\"@id\":\"https:\/\/new.ahrweilerbc.de\/uncategorized\/abc-kids-gehen-nach-einem-besonderen-jahr-in-die-winter-pause\/\"},\"author\":{\"name\":\"Martin Brand\",\"@id\":\"https:\/\/new.ahrweilerbc.de\/#\/schema\/person\/bdbb38d43a0d63b77e7ecb3c6afc8f0e\"},\"headline\":\"++ABC-KIDS GEHEN NACH EINEM BESONDEREN JAHR IN DIE WINTER-PAUSE++\",\"datePublished\":\"2021-11-29T10:43:27+00:00\",\"mainEntityOfPage\":{\"@id\":\"https:\/\/new.ahrweilerbc.de\/uncategorized\/abc-kids-gehen-nach-einem-besonderen-jahr-in-die-winter-pause\/\"},\"wordCount\":242,\"publisher\":{\"@id\":\"https:\/\/new.ahrweilerbc.de\/#organization\"},\"image\":{\"@id\":\"https:\/\/new.ahrweilerbc.de\/uncategorized\/abc-kids-gehen-nach-einem-besonderen-jahr-in-die-winter-pause\/#primaryimage\"},\"thumbnailUrl\":\"https:\/\/new.ahrweilerbc.de\/wp-content\/uploads\/2021\/11\/Kids-Winterpause-scaled-1.jpg\",\"articleSection\":[\"Allgemein\"],\"inLanguage\":\"en-US\"},{\"@type\":\"WebPage\",\"@id\":\"https:\/\/new.ahrweilerbc.de\/uncategorized\/abc-kids-gehen-nach-einem-besonderen-jahr-in-die-winter-pause\/\",\"url\":\"https:\/\/new.ahrweilerbc.de\/uncategorized\/abc-kids-gehen-nach-einem-besonderen-jahr-in-die-winter-pause\/\",\"name\":\"++ABC-KIDS GEHEN NACH EINEM BESONDEREN JAHR IN DIE WINTER-PAUSE++ - Ahrweiler BC\",\"isPartOf\":{\"@id\":\"https:\/\/new.ahrweilerbc.de\/#website\"},\"primaryImageOfPage\":{\"@id\":\"https:\/\/new.ahrweilerbc.de\/uncategorized\/abc-kids-gehen-nach-einem-besonderen-jahr-in-die-winter-pause\/#primaryimage\"},\"image\":{\"@id\":\"https:\/\/new.ahrweilerbc.de\/uncategorized\/abc-kids-gehen-nach-einem-besonderen-jahr-in-die-winter-pause\/#primaryimage\"},\"thumbnailUrl\":\"https:\/\/new.ahrweilerbc.de\/wp-content\/uploads\/2021\/11\/Kids-Winterpause-scaled-1.jpg\",\"datePublished\":\"2021-11-29T10:43:27+00:00\",\"breadcrumb\":{\"@id\":\"https:\/\/new.ahrweilerbc.de\/uncategorized\/abc-kids-gehen-nach-einem-besonderen-jahr-in-die-winter-pause\/#breadcrumb\"},\"inLanguage\":\"en-US\",\"potentialAction\":[{\"@type\":\"ReadAction\",\"target\":[\"https:\/\/new.ahrweilerbc.de\/uncategorized\/abc-kids-gehen-nach-einem-besonderen-jahr-in-die-winter-pause\/\"]}]},{\"@type\":\"ImageObject\",\"inLanguage\":\"en-US\",\"@id\":\"https:\/\/new.ahrweilerbc.de\/uncategorized\/abc-kids-gehen-nach-einem-besonderen-jahr-in-die-winter-pause\/#primaryimage\",\"url\":\"https:\/\/new.ahrweilerbc.de\/wp-content\/uploads\/2021\/11\/Kids-Winterpause-scaled-1.jpg\",\"contentUrl\":\"https:\/\/new.ahrweilerbc.de\/wp-content\/uploads\/2021\/11\/Kids-Winterpause-scaled-1.jpg\",\"width\":2560,\"height\":1706,\"caption\":\"Bad Neuenahr-Ahrweiler, Flutgebiet, 22.11.2021, Recherche Flutgebiet ,\"},{\"@type\":\"BreadcrumbList\",\"@id\":\"https:\/\/new.ahrweilerbc.de\/uncategorized\/abc-kids-gehen-nach-einem-besonderen-jahr-in-die-winter-pause\/#breadcrumb\",\"itemListElement\":[{\"@type\":\"ListItem\",\"position\":1,\"name\":\"Startseite\",\"item\":\"https:\/\/new.ahrweilerbc.de\/\"},{\"@type\":\"ListItem\",\"position\":2,\"name\":\"++ABC-KIDS GEHEN NACH EINEM BESONDEREN JAHR IN DIE WINTER-PAUSE++\"}]},{\"@type\":\"WebSite\",\"@id\":\"https:\/\/new.ahrweilerbc.de\/#website\",\"url\":\"https:\/\/new.ahrweilerbc.de\/\",\"name\":\"Ahrweiler BC\",\"description\":\"\",\"publisher\":{\"@id\":\"https:\/\/new.ahrweilerbc.de\/#organization\"},\"potentialAction\":[{\"@type\":\"SearchAction\",\"target\":{\"@type\":\"EntryPoint\",\"urlTemplate\":\"https:\/\/new.ahrweilerbc.de\/?s={search_term_string}\"},\"query-input\":{\"@type\":\"PropertyValueSpecification\",\"valueRequired\":true,\"valueName\":\"search_term_string\"}}],\"inLanguage\":\"en-US\"},{\"@type\":\"Organization\",\"@id\":\"https:\/\/new.ahrweilerbc.de\/#organization\",\"name\":\"Ahrweiler BC\",\"url\":\"https:\/\/new.ahrweilerbc.de\/\",\"logo\":{\"@type\":\"ImageObject\",\"inLanguage\":\"en-US\",\"@id\":\"https:\/\/new.ahrweilerbc.de\/#\/schema\/logo\/image\/\",\"url\":\"https:\/\/new.ahrweilerbc.de\/wp-content\/uploads\/2025\/10\/download.svg\",\"contentUrl\":\"https:\/\/new.ahrweilerbc.de\/wp-content\/uploads\/2025\/10\/download.svg\",\"width\":960,\"height\":960,\"caption\":\"Ahrweiler BC\"},\"image\":{\"@id\":\"https:\/\/new.ahrweilerbc.de\/#\/schema\/logo\/image\/\"}},{\"@type\":\"Person\",\"@id\":\"https:\/\/new.ahrweilerbc.de\/#\/schema\/person\/bdbb38d43a0d63b77e7ecb3c6afc8f0e\",\"name\":\"Martin Brand\",\"image\":{\"@type\":\"ImageObject\",\"inLanguage\":\"en-US\",\"@id\":\"https:\/\/new.ahrweilerbc.de\/#\/schema\/person\/image\/\",\"url\":\"https:\/\/secure.gravatar.com\/avatar\/?s=96&d=mm&r=g\",\"contentUrl\":\"https:\/\/secure.gravatar.com\/avatar\/?s=96&d=mm&r=g\",\"caption\":\"Martin Brand\"},\"url\":\"https:\/\/new.ahrweilerbc.de\/en\/author\/martin-brand\/\"}]}<\/script>\n<!-- \/ Yoast SEO plugin. -->","yoast_head_json":{"title":"++ABC-KIDS GEHEN NACH EINEM BESONDEREN JAHR IN DIE WINTER-PAUSE++ - Ahrweiler BC","robots":{"index":"index","follow":"follow","max-snippet":"max-snippet:-1","max-image-preview":"max-image-preview:large","max-video-preview":"max-video-preview:-1"},"canonical":"https:\/\/new.ahrweilerbc.de\/en\/uncategorized\/abc-kids-gehen-nach-einem-besonderen-jahr-in-die-winter-pause\/","og_locale":"en_US","og_type":"article","og_title":"++ABC-KIDS GEHEN NACH EINEM BESONDEREN JAHR IN DIE WINTER-PAUSE++ - Ahrweiler BC","og_description":"Auch f\u00fcr die j\u00fcngsten Kicker des Ahrweiler BC geht ein Jahr zu Ende, welches sich in dieser Art niemand h\u00e4tte vorstellen k\u00f6nnen. Die gewohnte Welt der Kids wurde durch die Ma\u00dfnahmen der Pandemie sowie die Folgen der Flutkatastrophe aus den Angeln gehoben und verlangt von den Kleinsten die gr\u00f6\u00dften Opfer. Deren Erlebnisse in der Flutnacht [&hellip;]","og_url":"https:\/\/new.ahrweilerbc.de\/en\/uncategorized\/abc-kids-gehen-nach-einem-besonderen-jahr-in-die-winter-pause\/","og_site_name":"Ahrweiler BC","article_published_time":"2021-11-29T10:43:27+00:00","author":"Martin Brand","twitter_card":"summary_large_image","twitter_misc":{"Written by":"Martin Brand","Est. reading time":"1 minute"},"schema":{"@context":"https:\/\/schema.org","@graph":[{"@type":"Article","@id":"https:\/\/new.ahrweilerbc.de\/uncategorized\/abc-kids-gehen-nach-einem-besonderen-jahr-in-die-winter-pause\/#article","isPartOf":{"@id":"https:\/\/new.ahrweilerbc.de\/uncategorized\/abc-kids-gehen-nach-einem-besonderen-jahr-in-die-winter-pause\/"},"author":{"name":"Martin Brand","@id":"https:\/\/new.ahrweilerbc.de\/#\/schema\/person\/bdbb38d43a0d63b77e7ecb3c6afc8f0e"},"headline":"++ABC-KIDS GEHEN NACH EINEM BESONDEREN JAHR IN DIE WINTER-PAUSE++","datePublished":"2021-11-29T10:43:27+00:00","mainEntityOfPage":{"@id":"https:\/\/new.ahrweilerbc.de\/uncategorized\/abc-kids-gehen-nach-einem-besonderen-jahr-in-die-winter-pause\/"},"wordCount":242,"publisher":{"@id":"https:\/\/new.ahrweilerbc.de\/#organization"},"image":{"@id":"https:\/\/new.ahrweilerbc.de\/uncategorized\/abc-kids-gehen-nach-einem-besonderen-jahr-in-die-winter-pause\/#primaryimage"},"thumbnailUrl":"https:\/\/new.ahrweilerbc.de\/wp-content\/uploads\/2021\/11\/Kids-Winterpause-scaled-1.jpg","articleSection":["Allgemein"],"inLanguage":"en-US"},{"@type":"WebPage","@id":"https:\/\/new.ahrweilerbc.de\/uncategorized\/abc-kids-gehen-nach-einem-besonderen-jahr-in-die-winter-pause\/","url":"https:\/\/new.ahrweilerbc.de\/uncategorized\/abc-kids-gehen-nach-einem-besonderen-jahr-in-die-winter-pause\/","name":"++ABC-KIDS GEHEN NACH EINEM BESONDEREN JAHR IN DIE WINTER-PAUSE++ - Ahrweiler BC","isPartOf":{"@id":"https:\/\/new.ahrweilerbc.de\/#website"},"primaryImageOfPage":{"@id":"https:\/\/new.ahrweilerbc.de\/uncategorized\/abc-kids-gehen-nach-einem-besonderen-jahr-in-die-winter-pause\/#primaryimage"},"image":{"@id":"https:\/\/new.ahrweilerbc.de\/uncategorized\/abc-kids-gehen-nach-einem-besonderen-jahr-in-die-winter-pause\/#primaryimage"},"thumbnailUrl":"https:\/\/new.ahrweilerbc.de\/wp-content\/uploads\/2021\/11\/Kids-Winterpause-scaled-1.jpg","datePublished":"2021-11-29T10:43:27+00:00","breadcrumb":{"@id":"https:\/\/new.ahrweilerbc.de\/uncategorized\/abc-kids-gehen-nach-einem-besonderen-jahr-in-die-winter-pause\/#breadcrumb"},"inLanguage":"en-US","potentialAction":[{"@type":"ReadAction","target":["https:\/\/new.ahrweilerbc.de\/uncategorized\/abc-kids-gehen-nach-einem-besonderen-jahr-in-die-winter-pause\/"]}]},{"@type":"ImageObject","inLanguage":"en-US","@id":"https:\/\/new.ahrweilerbc.de\/uncategorized\/abc-kids-gehen-nach-einem-besonderen-jahr-in-die-winter-pause\/#primaryimage","url":"https:\/\/new.ahrweilerbc.de\/wp-content\/uploads\/2021\/11\/Kids-Winterpause-scaled-1.jpg","contentUrl":"https:\/\/new.ahrweilerbc.de\/wp-content\/uploads\/2021\/11\/Kids-Winterpause-scaled-1.jpg","width":2560,"height":1706,"caption":"Bad Neuenahr-Ahrweiler, Flutgebiet, 22.11.2021, Recherche Flutgebiet ,"},{"@type":"BreadcrumbList","@id":"https:\/\/new.ahrweilerbc.de\/uncategorized\/abc-kids-gehen-nach-einem-besonderen-jahr-in-die-winter-pause\/#breadcrumb","itemListElement":[{"@type":"ListItem","position":1,"name":"Startseite","item":"https:\/\/new.ahrweilerbc.de\/"},{"@type":"ListItem","position":2,"name":"++ABC-KIDS GEHEN NACH EINEM BESONDEREN JAHR IN DIE WINTER-PAUSE++"}]},{"@type":"WebSite","@id":"https:\/\/new.ahrweilerbc.de\/#website","url":"https:\/\/new.ahrweilerbc.de\/","name":"Ahrweiler BC","description":"","publisher":{"@id":"https:\/\/new.ahrweilerbc.de\/#organization"},"potentialAction":[{"@type":"SearchAction","target":{"@type":"EntryPoint","urlTemplate":"https:\/\/new.ahrweilerbc.de\/?s={search_term_string}"},"query-input":{"@type":"PropertyValueSpecification","valueRequired":true,"valueName":"search_term_string"}}],"inLanguage":"en-US"},{"@type":"Organization","@id":"https:\/\/new.ahrweilerbc.de\/#organization","name":"Ahrweiler BC","url":"https:\/\/new.ahrweilerbc.de\/","logo":{"@type":"ImageObject","inLanguage":"en-US","@id":"https:\/\/new.ahrweilerbc.de\/#\/schema\/logo\/image\/","url":"https:\/\/new.ahrweilerbc.de\/wp-content\/uploads\/2025\/10\/download.svg","contentUrl":"https:\/\/new.ahrweilerbc.de\/wp-content\/uploads\/2025\/10\/download.svg","width":960,"height":960,"caption":"Ahrweiler BC"},"image":{"@id":"https:\/\/new.ahrweilerbc.de\/#\/schema\/logo\/image\/"}},{"@type":"Person","@id":"https:\/\/new.ahrweilerbc.de\/#\/schema\/person\/bdbb38d43a0d63b77e7ecb3c6afc8f0e","name":"Martin Brand","image":{"@type":"ImageObject","inLanguage":"en-US","@id":"https:\/\/new.ahrweilerbc.de\/#\/schema\/person\/image\/","url":"https:\/\/secure.gravatar.com\/avatar\/?s=96&d=mm&r=g","contentUrl":"https:\/\/secure.gravatar.com\/avatar\/?s=96&d=mm&r=g","caption":"Martin Brand"},"url":"https:\/\/new.ahrweilerbc.de\/en\/author\/martin-brand\/"}]}},"_links":{"self":[{"href":"https:\/\/new.ahrweilerbc.de\/en\/wp-json\/wp\/v2\/posts\/15918","targetHints":{"allow":["GET"]}}],"collection":[{"href":"https:\/\/new.ahrweilerbc.de\/en\/wp-json\/wp\/v2\/posts"}],"about":[{"href":"https:\/\/new.ahrweilerbc.de\/en\/wp-json\/wp\/v2\/types\/post"}],"author":[{"embeddable":true,"href":"https:\/\/new.ahrweilerbc.de\/en\/wp-json\/wp\/v2\/users\/2"}],"replies":[{"embeddable":true,"href":"https:\/\/new.ahrweilerbc.de\/en\/wp-json\/wp\/v2\/comments?post=15918"}],"version-history":[{"count":0,"href":"https:\/\/new.ahrweilerbc.de\/en\/wp-json\/wp\/v2\/posts\/15918\/revisions"}],"wp:featuredmedia":[{"embeddable":true,"href":"https:\/\/new.ahrweilerbc.de\/en\/wp-json\/wp\/v2\/media\/15919"}],"wp:attachment":[{"href":"https:\/\/new.ahrweilerbc.de\/en\/wp-json\/wp\/v2\/media?parent=15918"}],"wp:term":[{"taxonomy":"category","embeddable":true,"href":"https:\/\/new.ahrweilerbc.de\/en\/wp-json\/wp\/v2\/categories?post=15918"},{"taxonomy":"post_tag","embeddable":true,"href":"https:\/\/new.ahrweilerbc.de\/en\/wp-json\/wp\/v2\/tags?post=15918"}],"curies":[{"name":"wp","href":"https:\/\/api.w.org\/{rel}","templated":true}]}}