{"id":15994,"date":"2021-12-17T08:45:12","date_gmt":"2021-12-17T07:45:12","guid":{"rendered":"https:\/\/ahrweilerbc.com\/?p=15994"},"modified":"2021-12-17T08:45:12","modified_gmt":"2021-12-17T07:45:12","slug":"glanz-in-den-augen-der-e-junioren-des-ahrweiler-bc","status":"publish","type":"post","link":"https:\/\/new.ahrweilerbc.de\/en\/allgemein\/glanz-in-den-augen-der-e-junioren-des-ahrweiler-bc\/","title":{"rendered":"++GLANZ IN DEN AUGEN DER E-JUNIOREN DES AHRWEILER BC++"},"content":{"rendered":"<p>Ein Besuch bei\u00a0 einem von Landwirten in Walporzheim organisierten Kinderfest motivierte Frank Hamacher und Frank Nieveler vom BV Kirch-Kleintroisdorf aktiv zu werden und eine Ferienfreizeit f\u00fcr eine Fu\u00dfball-Jugendmannschaft aus dem Flutgebiet zu organisieren. Schon kurz nach der R\u00fcckkehr ins heimische Bedburg liefen die Planungen an.\u00a0 B\u00fcrgermeister Sascha Solbach stellte die B\u00fcrgerhalle in K\u00f6nigshoven als \u00dcbernachtungsm\u00f6glichkeit zur Verf\u00fcgung und zahlreiche Sponsoren gaben ihre Zusage, sich an dieser tollen Aktion zu beteiligen. Am 19. Oktober war es dann soweit: Die E-Junioren des Ahrweiler BC reisten mit einem vom\u00a0 Veranstalter zur Verf\u00fcgung gestellten Bus in den\u00a0 Rhein-Erft-Kreis. Eine Reise, die den Jung-ABClern wieder verloren geglaubten Glanz in die Augen zauberte.<\/p>\n<p>Ob bei der Sch\u00fctzenbr\u00fcderschaft K\u00f6nigshoven, im Monte Mare in Bedburg, im Tierpark Odenkirchen, im Bubenheimer Spieleland, beim extra angereisten DFB-Mobil oder beim Fu\u00dfballgolf in der Terra Nova &#8211; die kleinen G\u00e4ste aus dem Katastrophengebiet waren \u00fcberall herzlich willkommen und erhielten neben viel Zuspruch auch die M\u00f6glichkeit, sich mit vielen verschiedenen Aktivit\u00e4ten von der schwierigen Situation in der Heimat abzulenken. Gro\u00df war die Freude auch \u00fcber eine Motto-Torte von Jannetts Tortenschmiede.<\/p>\n<p>Es ist einfach toll, was Hamacher\/Nieveler und ihr aus freiwilligen Helfern bestehendem Team auf die Beine gestellt haben. Auch der Zuspruch aus der Region mit vielen Sach- und Geldspenden hinterlie\u00df den Eindruck, dass man in Bedburg und Umgebung das Herz an der rechten Stelle hat. So \u00fcbernahm das Rheinisch-Westf\u00e4lisches Elektrizit\u00e4tswerk AG\u00a0RWE\u00a0die Reise- und Buskosten in H\u00f6he von mehreren tausend Euros. Die Decathlon Filiale in Frechen sponserte Feldbetten und Schlafs\u00e4cke und auch die Kreisparkasse K\u00f6ln war mit einer Geldspende in H\u00f6he von 1000\u20ac ein Garant f\u00fcr das Gelingen dieser unvergesslichen Ferienfreizeit.<\/p>\n<p>Zum Abschluss spendeten Frank Hamacher und Frank Nieveler noch 1000 \u20ac f\u00fcr die Nachwuchsabteilung des Ahrweiler BC. \u201ePh\u00e4nomenal was Frank Hamacher und Frank Nieveler sowie ihr Team und die vielen Sponsoren f\u00fcr unsere E-Junioren geleistet haben. Ich bedanke mich im Namen der ganzen Nachwuchsabteilung ganz, ganz herzlich f\u00fcr diese Anteilnahme sowie die Unterst\u00fctzung\u201c, so ein ger\u00fchrter Jugendleiter Gerd Treffer.<\/p>\n<p>Erst vor wenigen Tagen erhielt Frank Hamacher die DFB \u201eEhrenamtsurkunde\u201c\u00a0und eine DFB-Armbanduhr durch den Fu\u00dfballkreiskreis Rhein Erft f\u00fcr seine Verdienste beim BV Kirch-Kleintroisdorf 1913 e.V. Ehre, wem Ehre geb\u00fchrt!<\/p>\n<p>Ohne die folgenden Sponsoren w\u00e4re diese gro\u00dfartige Aktion nicht m\u00f6glich gewesen. Vielen herzlichen Dank: Volksbank Erft, Massivbauhaus Grevenbroich, Busunternehmen \u201eGillbacher bewegt\u201c, Maria Frantzen Gemischtwaren Bedburg, Getr\u00e4nke L\u00fcpges, B\u00e4ckerei B\u00fcsch, Caritas, \u00a0Tierpark M\u00f6nchengladbach, Schwimmbad Monte Mare, Fu\u00dfball Golf in Berrendorf, Catering Martin Maa\u00dfen, Landwirt Coenen, Vito und seine Frau von Pizzaria La Strada, Julia&#8217;s Table.<\/p>\n<p>&nbsp;<\/p>\n<p>&nbsp;<\/p>","protected":false},"excerpt":{"rendered":"<p>Ein Besuch bei\u00a0 einem von Landwirten in Walporzheim organisierten Kinderfest motivierte Frank Hamacher und Frank Nieveler vom BV Kirch-Kleintroisdorf aktiv zu werden und eine Ferienfreizeit f\u00fcr eine Fu\u00dfball-Jugendmannschaft aus dem Flutgebiet zu organisieren. Schon kurz nach der R\u00fcckkehr ins heimische Bedburg liefen die Planungen an.\u00a0 B\u00fcrgermeister Sascha Solbach stellte die B\u00fcrgerhalle in K\u00f6nigshoven als \u00dcbernachtungsm\u00f6glichkeit [&hellip;]<\/p>","protected":false},"author":2,"featured_media":15995,"comment_status":"closed","ping_status":"open","sticky":false,"template":"","format":"standard","meta":{"footnotes":""},"categories":[18],"tags":[],"class_list":["post-15994","post","type-post","status-publish","format-standard","has-post-thumbnail","hentry","category-allgemein"],"yoast_head":"<!-- This site is optimized with the Yoast SEO plugin v26.1.1 - https:\/\/yoast.com\/wordpress\/plugins\/seo\/ -->\n<title>++GLANZ IN DEN AUGEN DER E-JUNIOREN DES AHRWEILER BC++ - Ahrweiler BC<\/title>\n<meta name=\"robots\" content=\"index, follow, max-snippet:-1, max-image-preview:large, max-video-preview:-1\" \/>\n<link rel=\"canonical\" href=\"https:\/\/new.ahrweilerbc.de\/en\/uncategorized\/glanz-in-den-augen-der-e-junioren-des-ahrweiler-bc\/\" \/>\n<meta property=\"og:locale\" content=\"en_US\" \/>\n<meta property=\"og:type\" content=\"article\" \/>\n<meta property=\"og:title\" content=\"++GLANZ IN DEN AUGEN DER E-JUNIOREN DES AHRWEILER BC++ - Ahrweiler BC\" \/>\n<meta property=\"og:description\" content=\"Ein Besuch bei\u00a0 einem von Landwirten in Walporzheim organisierten Kinderfest motivierte Frank Hamacher und Frank Nieveler vom BV Kirch-Kleintroisdorf aktiv zu werden und eine Ferienfreizeit f\u00fcr eine Fu\u00dfball-Jugendmannschaft aus dem Flutgebiet zu organisieren. Schon kurz nach der R\u00fcckkehr ins heimische Bedburg liefen die Planungen an.\u00a0 B\u00fcrgermeister Sascha Solbach stellte die B\u00fcrgerhalle in K\u00f6nigshoven als \u00dcbernachtungsm\u00f6glichkeit [&hellip;]\" \/>\n<meta property=\"og:url\" content=\"https:\/\/new.ahrweilerbc.de\/en\/uncategorized\/glanz-in-den-augen-der-e-junioren-des-ahrweiler-bc\/\" \/>\n<meta property=\"og:site_name\" content=\"Ahrweiler BC\" \/>\n<meta property=\"article:published_time\" content=\"2021-12-17T07:45:12+00:00\" \/>\n<meta name=\"author\" content=\"Martin Brand\" \/>\n<meta name=\"twitter:card\" content=\"summary_large_image\" \/>\n<meta name=\"twitter:label1\" content=\"Written by\" \/>\n\t<meta name=\"twitter:data1\" content=\"Martin Brand\" \/>\n\t<meta name=\"twitter:label2\" content=\"Est. reading time\" \/>\n\t<meta name=\"twitter:data2\" content=\"2 minutes\" \/>\n<script type=\"application\/ld+json\" class=\"yoast-schema-graph\">{\"@context\":\"https:\/\/schema.org\",\"@graph\":[{\"@type\":\"Article\",\"@id\":\"https:\/\/new.ahrweilerbc.de\/uncategorized\/glanz-in-den-augen-der-e-junioren-des-ahrweiler-bc\/#article\",\"isPartOf\":{\"@id\":\"https:\/\/new.ahrweilerbc.de\/uncategorized\/glanz-in-den-augen-der-e-junioren-des-ahrweiler-bc\/\"},\"author\":{\"name\":\"Martin Brand\",\"@id\":\"https:\/\/new.ahrweilerbc.de\/#\/schema\/person\/bdbb38d43a0d63b77e7ecb3c6afc8f0e\"},\"headline\":\"++GLANZ IN DEN AUGEN DER E-JUNIOREN DES AHRWEILER BC++\",\"datePublished\":\"2021-12-17T07:45:12+00:00\",\"mainEntityOfPage\":{\"@id\":\"https:\/\/new.ahrweilerbc.de\/uncategorized\/glanz-in-den-augen-der-e-junioren-des-ahrweiler-bc\/\"},\"wordCount\":463,\"publisher\":{\"@id\":\"https:\/\/new.ahrweilerbc.de\/#organization\"},\"image\":{\"@id\":\"https:\/\/new.ahrweilerbc.de\/uncategorized\/glanz-in-den-augen-der-e-junioren-des-ahrweiler-bc\/#primaryimage\"},\"thumbnailUrl\":\"https:\/\/new.ahrweilerbc.de\/wp-content\/uploads\/2021\/12\/38b5d03a-0b3e-4a67-b023-b834ed3c9529.jpg\",\"articleSection\":[\"Allgemein\"],\"inLanguage\":\"en-US\"},{\"@type\":\"WebPage\",\"@id\":\"https:\/\/new.ahrweilerbc.de\/uncategorized\/glanz-in-den-augen-der-e-junioren-des-ahrweiler-bc\/\",\"url\":\"https:\/\/new.ahrweilerbc.de\/uncategorized\/glanz-in-den-augen-der-e-junioren-des-ahrweiler-bc\/\",\"name\":\"++GLANZ IN DEN AUGEN DER E-JUNIOREN DES AHRWEILER BC++ - Ahrweiler BC\",\"isPartOf\":{\"@id\":\"https:\/\/new.ahrweilerbc.de\/#website\"},\"primaryImageOfPage\":{\"@id\":\"https:\/\/new.ahrweilerbc.de\/uncategorized\/glanz-in-den-augen-der-e-junioren-des-ahrweiler-bc\/#primaryimage\"},\"image\":{\"@id\":\"https:\/\/new.ahrweilerbc.de\/uncategorized\/glanz-in-den-augen-der-e-junioren-des-ahrweiler-bc\/#primaryimage\"},\"thumbnailUrl\":\"https:\/\/new.ahrweilerbc.de\/wp-content\/uploads\/2021\/12\/38b5d03a-0b3e-4a67-b023-b834ed3c9529.jpg\",\"datePublished\":\"2021-12-17T07:45:12+00:00\",\"breadcrumb\":{\"@id\":\"https:\/\/new.ahrweilerbc.de\/uncategorized\/glanz-in-den-augen-der-e-junioren-des-ahrweiler-bc\/#breadcrumb\"},\"inLanguage\":\"en-US\",\"potentialAction\":[{\"@type\":\"ReadAction\",\"target\":[\"https:\/\/new.ahrweilerbc.de\/uncategorized\/glanz-in-den-augen-der-e-junioren-des-ahrweiler-bc\/\"]}]},{\"@type\":\"ImageObject\",\"inLanguage\":\"en-US\",\"@id\":\"https:\/\/new.ahrweilerbc.de\/uncategorized\/glanz-in-den-augen-der-e-junioren-des-ahrweiler-bc\/#primaryimage\",\"url\":\"https:\/\/new.ahrweilerbc.de\/wp-content\/uploads\/2021\/12\/38b5d03a-0b3e-4a67-b023-b834ed3c9529.jpg\",\"contentUrl\":\"https:\/\/new.ahrweilerbc.de\/wp-content\/uploads\/2021\/12\/38b5d03a-0b3e-4a67-b023-b834ed3c9529.jpg\",\"width\":1600,\"height\":1200},{\"@type\":\"BreadcrumbList\",\"@id\":\"https:\/\/new.ahrweilerbc.de\/uncategorized\/glanz-in-den-augen-der-e-junioren-des-ahrweiler-bc\/#breadcrumb\",\"itemListElement\":[{\"@type\":\"ListItem\",\"position\":1,\"name\":\"Startseite\",\"item\":\"https:\/\/new.ahrweilerbc.de\/\"},{\"@type\":\"ListItem\",\"position\":2,\"name\":\"++GLANZ IN DEN AUGEN DER E-JUNIOREN DES AHRWEILER BC++\"}]},{\"@type\":\"WebSite\",\"@id\":\"https:\/\/new.ahrweilerbc.de\/#website\",\"url\":\"https:\/\/new.ahrweilerbc.de\/\",\"name\":\"Ahrweiler BC\",\"description\":\"\",\"publisher\":{\"@id\":\"https:\/\/new.ahrweilerbc.de\/#organization\"},\"potentialAction\":[{\"@type\":\"SearchAction\",\"target\":{\"@type\":\"EntryPoint\",\"urlTemplate\":\"https:\/\/new.ahrweilerbc.de\/?s={search_term_string}\"},\"query-input\":{\"@type\":\"PropertyValueSpecification\",\"valueRequired\":true,\"valueName\":\"search_term_string\"}}],\"inLanguage\":\"en-US\"},{\"@type\":\"Organization\",\"@id\":\"https:\/\/new.ahrweilerbc.de\/#organization\",\"name\":\"Ahrweiler BC\",\"url\":\"https:\/\/new.ahrweilerbc.de\/\",\"logo\":{\"@type\":\"ImageObject\",\"inLanguage\":\"en-US\",\"@id\":\"https:\/\/new.ahrweilerbc.de\/#\/schema\/logo\/image\/\",\"url\":\"https:\/\/new.ahrweilerbc.de\/wp-content\/uploads\/2025\/10\/download.svg\",\"contentUrl\":\"https:\/\/new.ahrweilerbc.de\/wp-content\/uploads\/2025\/10\/download.svg\",\"width\":960,\"height\":960,\"caption\":\"Ahrweiler BC\"},\"image\":{\"@id\":\"https:\/\/new.ahrweilerbc.de\/#\/schema\/logo\/image\/\"}},{\"@type\":\"Person\",\"@id\":\"https:\/\/new.ahrweilerbc.de\/#\/schema\/person\/bdbb38d43a0d63b77e7ecb3c6afc8f0e\",\"name\":\"Martin Brand\",\"image\":{\"@type\":\"ImageObject\",\"inLanguage\":\"en-US\",\"@id\":\"https:\/\/new.ahrweilerbc.de\/#\/schema\/person\/image\/\",\"url\":\"https:\/\/secure.gravatar.com\/avatar\/?s=96&d=mm&r=g\",\"contentUrl\":\"https:\/\/secure.gravatar.com\/avatar\/?s=96&d=mm&r=g\",\"caption\":\"Martin Brand\"},\"url\":\"https:\/\/new.ahrweilerbc.de\/en\/author\/martin-brand\/\"}]}<\/script>\n<!-- \/ Yoast SEO plugin. -->","yoast_head_json":{"title":"++GLANZ IN DEN AUGEN DER E-JUNIOREN DES AHRWEILER BC++ - Ahrweiler BC","robots":{"index":"index","follow":"follow","max-snippet":"max-snippet:-1","max-image-preview":"max-image-preview:large","max-video-preview":"max-video-preview:-1"},"canonical":"https:\/\/new.ahrweilerbc.de\/en\/uncategorized\/glanz-in-den-augen-der-e-junioren-des-ahrweiler-bc\/","og_locale":"en_US","og_type":"article","og_title":"++GLANZ IN DEN AUGEN DER E-JUNIOREN DES AHRWEILER BC++ - Ahrweiler BC","og_description":"Ein Besuch bei\u00a0 einem von Landwirten in Walporzheim organisierten Kinderfest motivierte Frank Hamacher und Frank Nieveler vom BV Kirch-Kleintroisdorf aktiv zu werden und eine Ferienfreizeit f\u00fcr eine Fu\u00dfball-Jugendmannschaft aus dem Flutgebiet zu organisieren. Schon kurz nach der R\u00fcckkehr ins heimische Bedburg liefen die Planungen an.\u00a0 B\u00fcrgermeister Sascha Solbach stellte die B\u00fcrgerhalle in K\u00f6nigshoven als \u00dcbernachtungsm\u00f6glichkeit [&hellip;]","og_url":"https:\/\/new.ahrweilerbc.de\/en\/uncategorized\/glanz-in-den-augen-der-e-junioren-des-ahrweiler-bc\/","og_site_name":"Ahrweiler BC","article_published_time":"2021-12-17T07:45:12+00:00","author":"Martin Brand","twitter_card":"summary_large_image","twitter_misc":{"Written by":"Martin Brand","Est. reading time":"2 minutes"},"schema":{"@context":"https:\/\/schema.org","@graph":[{"@type":"Article","@id":"https:\/\/new.ahrweilerbc.de\/uncategorized\/glanz-in-den-augen-der-e-junioren-des-ahrweiler-bc\/#article","isPartOf":{"@id":"https:\/\/new.ahrweilerbc.de\/uncategorized\/glanz-in-den-augen-der-e-junioren-des-ahrweiler-bc\/"},"author":{"name":"Martin Brand","@id":"https:\/\/new.ahrweilerbc.de\/#\/schema\/person\/bdbb38d43a0d63b77e7ecb3c6afc8f0e"},"headline":"++GLANZ IN DEN AUGEN DER E-JUNIOREN DES AHRWEILER BC++","datePublished":"2021-12-17T07:45:12+00:00","mainEntityOfPage":{"@id":"https:\/\/new.ahrweilerbc.de\/uncategorized\/glanz-in-den-augen-der-e-junioren-des-ahrweiler-bc\/"},"wordCount":463,"publisher":{"@id":"https:\/\/new.ahrweilerbc.de\/#organization"},"image":{"@id":"https:\/\/new.ahrweilerbc.de\/uncategorized\/glanz-in-den-augen-der-e-junioren-des-ahrweiler-bc\/#primaryimage"},"thumbnailUrl":"https:\/\/new.ahrweilerbc.de\/wp-content\/uploads\/2021\/12\/38b5d03a-0b3e-4a67-b023-b834ed3c9529.jpg","articleSection":["Allgemein"],"inLanguage":"en-US"},{"@type":"WebPage","@id":"https:\/\/new.ahrweilerbc.de\/uncategorized\/glanz-in-den-augen-der-e-junioren-des-ahrweiler-bc\/","url":"https:\/\/new.ahrweilerbc.de\/uncategorized\/glanz-in-den-augen-der-e-junioren-des-ahrweiler-bc\/","name":"++GLANZ IN DEN AUGEN DER E-JUNIOREN DES AHRWEILER BC++ - Ahrweiler BC","isPartOf":{"@id":"https:\/\/new.ahrweilerbc.de\/#website"},"primaryImageOfPage":{"@id":"https:\/\/new.ahrweilerbc.de\/uncategorized\/glanz-in-den-augen-der-e-junioren-des-ahrweiler-bc\/#primaryimage"},"image":{"@id":"https:\/\/new.ahrweilerbc.de\/uncategorized\/glanz-in-den-augen-der-e-junioren-des-ahrweiler-bc\/#primaryimage"},"thumbnailUrl":"https:\/\/new.ahrweilerbc.de\/wp-content\/uploads\/2021\/12\/38b5d03a-0b3e-4a67-b023-b834ed3c9529.jpg","datePublished":"2021-12-17T07:45:12+00:00","breadcrumb":{"@id":"https:\/\/new.ahrweilerbc.de\/uncategorized\/glanz-in-den-augen-der-e-junioren-des-ahrweiler-bc\/#breadcrumb"},"inLanguage":"en-US","potentialAction":[{"@type":"ReadAction","target":["https:\/\/new.ahrweilerbc.de\/uncategorized\/glanz-in-den-augen-der-e-junioren-des-ahrweiler-bc\/"]}]},{"@type":"ImageObject","inLanguage":"en-US","@id":"https:\/\/new.ahrweilerbc.de\/uncategorized\/glanz-in-den-augen-der-e-junioren-des-ahrweiler-bc\/#primaryimage","url":"https:\/\/new.ahrweilerbc.de\/wp-content\/uploads\/2021\/12\/38b5d03a-0b3e-4a67-b023-b834ed3c9529.jpg","contentUrl":"https:\/\/new.ahrweilerbc.de\/wp-content\/uploads\/2021\/12\/38b5d03a-0b3e-4a67-b023-b834ed3c9529.jpg","width":1600,"height":1200},{"@type":"BreadcrumbList","@id":"https:\/\/new.ahrweilerbc.de\/uncategorized\/glanz-in-den-augen-der-e-junioren-des-ahrweiler-bc\/#breadcrumb","itemListElement":[{"@type":"ListItem","position":1,"name":"Startseite","item":"https:\/\/new.ahrweilerbc.de\/"},{"@type":"ListItem","position":2,"name":"++GLANZ IN DEN AUGEN DER E-JUNIOREN DES AHRWEILER BC++"}]},{"@type":"WebSite","@id":"https:\/\/new.ahrweilerbc.de\/#website","url":"https:\/\/new.ahrweilerbc.de\/","name":"Ahrweiler BC","description":"","publisher":{"@id":"https:\/\/new.ahrweilerbc.de\/#organization"},"potentialAction":[{"@type":"SearchAction","target":{"@type":"EntryPoint","urlTemplate":"https:\/\/new.ahrweilerbc.de\/?s={search_term_string}"},"query-input":{"@type":"PropertyValueSpecification","valueRequired":true,"valueName":"search_term_string"}}],"inLanguage":"en-US"},{"@type":"Organization","@id":"https:\/\/new.ahrweilerbc.de\/#organization","name":"Ahrweiler BC","url":"https:\/\/new.ahrweilerbc.de\/","logo":{"@type":"ImageObject","inLanguage":"en-US","@id":"https:\/\/new.ahrweilerbc.de\/#\/schema\/logo\/image\/","url":"https:\/\/new.ahrweilerbc.de\/wp-content\/uploads\/2025\/10\/download.svg","contentUrl":"https:\/\/new.ahrweilerbc.de\/wp-content\/uploads\/2025\/10\/download.svg","width":960,"height":960,"caption":"Ahrweiler BC"},"image":{"@id":"https:\/\/new.ahrweilerbc.de\/#\/schema\/logo\/image\/"}},{"@type":"Person","@id":"https:\/\/new.ahrweilerbc.de\/#\/schema\/person\/bdbb38d43a0d63b77e7ecb3c6afc8f0e","name":"Martin Brand","image":{"@type":"ImageObject","inLanguage":"en-US","@id":"https:\/\/new.ahrweilerbc.de\/#\/schema\/person\/image\/","url":"https:\/\/secure.gravatar.com\/avatar\/?s=96&d=mm&r=g","contentUrl":"https:\/\/secure.gravatar.com\/avatar\/?s=96&d=mm&r=g","caption":"Martin Brand"},"url":"https:\/\/new.ahrweilerbc.de\/en\/author\/martin-brand\/"}]}},"_links":{"self":[{"href":"https:\/\/new.ahrweilerbc.de\/en\/wp-json\/wp\/v2\/posts\/15994","targetHints":{"allow":["GET"]}}],"collection":[{"href":"https:\/\/new.ahrweilerbc.de\/en\/wp-json\/wp\/v2\/posts"}],"about":[{"href":"https:\/\/new.ahrweilerbc.de\/en\/wp-json\/wp\/v2\/types\/post"}],"author":[{"embeddable":true,"href":"https:\/\/new.ahrweilerbc.de\/en\/wp-json\/wp\/v2\/users\/2"}],"replies":[{"embeddable":true,"href":"https:\/\/new.ahrweilerbc.de\/en\/wp-json\/wp\/v2\/comments?post=15994"}],"version-history":[{"count":0,"href":"https:\/\/new.ahrweilerbc.de\/en\/wp-json\/wp\/v2\/posts\/15994\/revisions"}],"wp:featuredmedia":[{"embeddable":true,"href":"https:\/\/new.ahrweilerbc.de\/en\/wp-json\/wp\/v2\/media\/15995"}],"wp:attachment":[{"href":"https:\/\/new.ahrweilerbc.de\/en\/wp-json\/wp\/v2\/media?parent=15994"}],"wp:term":[{"taxonomy":"category","embeddable":true,"href":"https:\/\/new.ahrweilerbc.de\/en\/wp-json\/wp\/v2\/categories?post=15994"},{"taxonomy":"post_tag","embeddable":true,"href":"https:\/\/new.ahrweilerbc.de\/en\/wp-json\/wp\/v2\/tags?post=15994"}],"curies":[{"name":"wp","href":"https:\/\/api.w.org\/{rel}","templated":true}]}}