{"id":16015,"date":"2021-12-25T11:09:58","date_gmt":"2021-12-25T10:09:58","guid":{"rendered":"https:\/\/ahrweilerbc.com\/?p=16015"},"modified":"2021-12-25T11:09:58","modified_gmt":"2021-12-25T10:09:58","slug":"der-vorstand-informiert","status":"publish","type":"post","link":"https:\/\/new.ahrweilerbc.de\/en\/allgemein\/der-vorstand-informiert\/","title":{"rendered":"++DER VORSTAND INFORMIERT++"},"content":{"rendered":"<p>++DER VORSTAND INFORMIERT++<\/p>\n<p>Aufgeben ist keine Option \u2013 Blick nach vorne<\/p>\n<p>F\u00fcr den Traditionsverein Ahrweiler BC und seine Mitglieder liegt seit der Gr\u00fcndung vor \u00fcber 100 Jahren mit dem Jahr 2021 sicherlich eines der schwersten Jahre der Vereinsgeschichte hinter sich.<\/p>\n<p>Die f\u00fcrchterliche Trag\u00f6die der Flutkatastrophe vom 14. Juli, die das gesamte Ahrtal schlichtweg verw\u00fcstet und tief verwundet hat und f\u00fcr viele gro\u00dfes pers\u00f6nliches Leid mit sich brachte, hat auch dem Verein seine Spielst\u00e4tte und Heimat genommen und eine tiefe Z\u00e4sur hinterlassen. Von einem Tag auf den anderen standen viele vor dem Nichts. So auch der ABC.<\/p>\n<p>Doch Aufgeben war nie eine Option. Jetzt, knapp 5 Monate sp\u00e4ter, ist es an der Zeit, den Blick auf das zu richten, was der Verein in kurzer Zeit erreichen konnte und welche Perspektiven sich f\u00fcr das kommende Jahr bieten. Doch zun\u00e4chst gilt es erstmal, ein riesiges und herzliches \u201eDankesch\u00f6n\u201c zu sagen: An alle, die den Ahrweiler BC in den letzten schweren Monaten unterst\u00fctzt haben. An Vereine und Firmen aus dem gesamten Bundesgebiet, die in Form von gro\u00dfz\u00fcgigen Sach- und Geldspenden oder Kinder-Ferienfreizeiten ihre gro\u00dfartige Hilfsbereitschaft und Solidarit\u00e4t gezeigt haben. An alle Eltern, die seit Monaten den Mehraufwand leisten, ihren Nachwuchs mitunter weit entfernt im gesamten Landkreis und \u00fcber die Landesgrenze hinaus zum Training oder Ligaspielen zu fahren. Und nat\u00fcrlich vor allem an all die benachbarten Vereine, die unseren Mannschaften ohne Z\u00f6gern ihre Pl\u00e4tze f\u00fcr den Trainings- und Spielbetrieb \u00fcberlassen haben. 350 Kinder konnten so in den letzten f\u00fcnf Monaten auf Pl\u00e4tzen in Nachbarorten trainieren und zumindest dort ein paar Stunden Normalit\u00e4t erleben. Besonderen Dank gilt auch unserem Trainer*innen- und Betreuerteam, die trotz der widrigen Rahmenbedingungen unsere Spieler*innen bestm\u00f6glichst trainiert und betreut haben. Danke! Ihr seid wirklich klasse und einmalig!<\/p>\n<p>Von den Spendengeldern konnte der Verein unter anderem zwei Kleinbusse finanzieren, die die Jugendkicker zu den weiter entfernten Ausw\u00e4rtsspielen bringen. Im Vereinsheim, dem Herzst\u00fcck und zentralem \u201eABC-Familien-Treffpunkt\u201c ist der Keller bereits getrocknet, die Elektro-Installation verlegt und bald wird mit den Verputzarbeiten begonnen, so dass das Vereinsheim zumindest zun\u00e4chst einmal als Lagerraum genutzt werden kann. Im Fr\u00fchjahr 2022 , nach der endg\u00fcltigen Sanierung der oberen R\u00e4ume und der Entfernung des Dachstuhls, startet dann der Ausbau unseres Vereinsheim, das dann 2022 noch sch\u00f6ner und ger\u00e4umiger als neues Glanzst\u00fcck des ABC f\u00fcr all seine Mitglieder erstrahlen wird.<\/p>\n<p>Insgesamt lassen die Perspektiven bis Sommer 2022 hoffen und der Vorstand des ABC arbeitet unerm\u00fcdlich hinter den Kulissen an L\u00f6sungen f\u00fcr den Verein: So wird es dem Vorstand in Bad Neuenahr und Ahrweiler bis Mitte n\u00e4chsten Jahres dank der F\u00f6rderung des DFB\/FVR und der Unterst\u00fctzung der Stadt Bad Neuenahr-Ahrweiler vermutlich gelingen, eigenverantwortlich zwei tolle Kleinspielfelder zur Verbesserung des Trainingsbetriebs zu errichten. Als Standort sind daf\u00fcr das Apollinarisstadion und das Ahrstadion vorgesehen.<\/p>\n<p>2023 ist das realistische Ziel, was die Wiederherstellung des Stadions und den gro\u00dfen Kunstrasenplatz betrifft. Auch das Ahrstadion in Ahrweiler, sowie die Zirkuswiese hinter dem Stadion in Bad Neuenahr sollen wesentlicher Bestandteile des Wiederaufbaus sein und auf keinen Fall in Vergessenheit geraten.<\/p>\n<p>F\u00fcr den Vorstand des ABC ist es das wichtigste Ziel f\u00fcr 2022, den Kindern, Jugendlichen und jungen Erwachsenen wieder schnellstm\u00f6glich eine Heimat zu bieten &#8211; zentral erreichbar und daher im Stadtgebiet &#8211; mit einem Vereinsheim als Mittelpunkt der ABC-Familie. Denn Fu\u00dfball verbindet und ist und bleibt mehr als nur kicken!<\/p>\n<p>Wir w\u00fcnschen allen ABC-Mitgliedern ein frohes Weihnachtsfest im Kreise Ihrer Liebsten, Gesundheit und viel Kraft f\u00fcr all das, was 2022 noch vor uns liegt!<\/p>\n<p>Der Vorstand<\/p>","protected":false},"excerpt":{"rendered":"<p>++DER VORSTAND INFORMIERT++ Aufgeben ist keine Option \u2013 Blick nach vorne F\u00fcr den Traditionsverein Ahrweiler BC und seine Mitglieder liegt seit der Gr\u00fcndung vor \u00fcber 100 Jahren mit dem Jahr 2021 sicherlich eines der schwersten Jahre der Vereinsgeschichte hinter sich. Die f\u00fcrchterliche Trag\u00f6die der Flutkatastrophe vom 14. Juli, die das gesamte Ahrtal schlichtweg verw\u00fcstet und [&hellip;]<\/p>","protected":false},"author":2,"featured_media":16016,"comment_status":"closed","ping_status":"open","sticky":false,"template":"","format":"standard","meta":{"footnotes":""},"categories":[18],"tags":[],"class_list":["post-16015","post","type-post","status-publish","format-standard","has-post-thumbnail","hentry","category-allgemein"],"yoast_head":"<!-- This site is optimized with the Yoast SEO plugin v26.1.1 - https:\/\/yoast.com\/wordpress\/plugins\/seo\/ -->\n<title>++DER VORSTAND INFORMIERT++ - Ahrweiler BC<\/title>\n<meta name=\"robots\" content=\"index, follow, max-snippet:-1, max-image-preview:large, max-video-preview:-1\" \/>\n<link rel=\"canonical\" href=\"https:\/\/new.ahrweilerbc.de\/en\/uncategorized\/der-vorstand-informiert\/\" \/>\n<meta property=\"og:locale\" content=\"en_US\" \/>\n<meta property=\"og:type\" content=\"article\" \/>\n<meta property=\"og:title\" content=\"++DER VORSTAND INFORMIERT++ - Ahrweiler BC\" \/>\n<meta property=\"og:description\" content=\"++DER VORSTAND INFORMIERT++ Aufgeben ist keine Option \u2013 Blick nach vorne F\u00fcr den Traditionsverein Ahrweiler BC und seine Mitglieder liegt seit der Gr\u00fcndung vor \u00fcber 100 Jahren mit dem Jahr 2021 sicherlich eines der schwersten Jahre der Vereinsgeschichte hinter sich. Die f\u00fcrchterliche Trag\u00f6die der Flutkatastrophe vom 14. Juli, die das gesamte Ahrtal schlichtweg verw\u00fcstet und [&hellip;]\" \/>\n<meta property=\"og:url\" content=\"https:\/\/new.ahrweilerbc.de\/en\/uncategorized\/der-vorstand-informiert\/\" \/>\n<meta property=\"og:site_name\" content=\"Ahrweiler BC\" \/>\n<meta property=\"article:published_time\" content=\"2021-12-25T10:09:58+00:00\" \/>\n<meta name=\"author\" content=\"Martin Brand\" \/>\n<meta name=\"twitter:card\" content=\"summary_large_image\" \/>\n<meta name=\"twitter:label1\" content=\"Written by\" \/>\n\t<meta name=\"twitter:data1\" content=\"Martin Brand\" \/>\n\t<meta name=\"twitter:label2\" content=\"Est. reading time\" \/>\n\t<meta name=\"twitter:data2\" content=\"3 minutes\" \/>\n<script type=\"application\/ld+json\" class=\"yoast-schema-graph\">{\"@context\":\"https:\/\/schema.org\",\"@graph\":[{\"@type\":\"Article\",\"@id\":\"https:\/\/new.ahrweilerbc.de\/uncategorized\/der-vorstand-informiert\/#article\",\"isPartOf\":{\"@id\":\"https:\/\/new.ahrweilerbc.de\/uncategorized\/der-vorstand-informiert\/\"},\"author\":{\"name\":\"Martin Brand\",\"@id\":\"https:\/\/new.ahrweilerbc.de\/#\/schema\/person\/bdbb38d43a0d63b77e7ecb3c6afc8f0e\"},\"headline\":\"++DER VORSTAND INFORMIERT++\",\"datePublished\":\"2021-12-25T10:09:58+00:00\",\"mainEntityOfPage\":{\"@id\":\"https:\/\/new.ahrweilerbc.de\/uncategorized\/der-vorstand-informiert\/\"},\"wordCount\":612,\"publisher\":{\"@id\":\"https:\/\/new.ahrweilerbc.de\/#organization\"},\"image\":{\"@id\":\"https:\/\/new.ahrweilerbc.de\/uncategorized\/der-vorstand-informiert\/#primaryimage\"},\"thumbnailUrl\":\"https:\/\/new.ahrweilerbc.de\/wp-content\/uploads\/2021\/12\/Vorstand.jpeg\",\"articleSection\":[\"Allgemein\"],\"inLanguage\":\"en-US\"},{\"@type\":\"WebPage\",\"@id\":\"https:\/\/new.ahrweilerbc.de\/uncategorized\/der-vorstand-informiert\/\",\"url\":\"https:\/\/new.ahrweilerbc.de\/uncategorized\/der-vorstand-informiert\/\",\"name\":\"++DER VORSTAND INFORMIERT++ - Ahrweiler BC\",\"isPartOf\":{\"@id\":\"https:\/\/new.ahrweilerbc.de\/#website\"},\"primaryImageOfPage\":{\"@id\":\"https:\/\/new.ahrweilerbc.de\/uncategorized\/der-vorstand-informiert\/#primaryimage\"},\"image\":{\"@id\":\"https:\/\/new.ahrweilerbc.de\/uncategorized\/der-vorstand-informiert\/#primaryimage\"},\"thumbnailUrl\":\"https:\/\/new.ahrweilerbc.de\/wp-content\/uploads\/2021\/12\/Vorstand.jpeg\",\"datePublished\":\"2021-12-25T10:09:58+00:00\",\"breadcrumb\":{\"@id\":\"https:\/\/new.ahrweilerbc.de\/uncategorized\/der-vorstand-informiert\/#breadcrumb\"},\"inLanguage\":\"en-US\",\"potentialAction\":[{\"@type\":\"ReadAction\",\"target\":[\"https:\/\/new.ahrweilerbc.de\/uncategorized\/der-vorstand-informiert\/\"]}]},{\"@type\":\"ImageObject\",\"inLanguage\":\"en-US\",\"@id\":\"https:\/\/new.ahrweilerbc.de\/uncategorized\/der-vorstand-informiert\/#primaryimage\",\"url\":\"https:\/\/new.ahrweilerbc.de\/wp-content\/uploads\/2021\/12\/Vorstand.jpeg\",\"contentUrl\":\"https:\/\/new.ahrweilerbc.de\/wp-content\/uploads\/2021\/12\/Vorstand.jpeg\",\"width\":2429,\"height\":1822,\"caption\":\"default\"},{\"@type\":\"BreadcrumbList\",\"@id\":\"https:\/\/new.ahrweilerbc.de\/uncategorized\/der-vorstand-informiert\/#breadcrumb\",\"itemListElement\":[{\"@type\":\"ListItem\",\"position\":1,\"name\":\"Startseite\",\"item\":\"https:\/\/new.ahrweilerbc.de\/\"},{\"@type\":\"ListItem\",\"position\":2,\"name\":\"++DER VORSTAND INFORMIERT++\"}]},{\"@type\":\"WebSite\",\"@id\":\"https:\/\/new.ahrweilerbc.de\/#website\",\"url\":\"https:\/\/new.ahrweilerbc.de\/\",\"name\":\"Ahrweiler BC\",\"description\":\"\",\"publisher\":{\"@id\":\"https:\/\/new.ahrweilerbc.de\/#organization\"},\"potentialAction\":[{\"@type\":\"SearchAction\",\"target\":{\"@type\":\"EntryPoint\",\"urlTemplate\":\"https:\/\/new.ahrweilerbc.de\/?s={search_term_string}\"},\"query-input\":{\"@type\":\"PropertyValueSpecification\",\"valueRequired\":true,\"valueName\":\"search_term_string\"}}],\"inLanguage\":\"en-US\"},{\"@type\":\"Organization\",\"@id\":\"https:\/\/new.ahrweilerbc.de\/#organization\",\"name\":\"Ahrweiler BC\",\"url\":\"https:\/\/new.ahrweilerbc.de\/\",\"logo\":{\"@type\":\"ImageObject\",\"inLanguage\":\"en-US\",\"@id\":\"https:\/\/new.ahrweilerbc.de\/#\/schema\/logo\/image\/\",\"url\":\"https:\/\/new.ahrweilerbc.de\/wp-content\/uploads\/2025\/10\/download.svg\",\"contentUrl\":\"https:\/\/new.ahrweilerbc.de\/wp-content\/uploads\/2025\/10\/download.svg\",\"width\":960,\"height\":960,\"caption\":\"Ahrweiler BC\"},\"image\":{\"@id\":\"https:\/\/new.ahrweilerbc.de\/#\/schema\/logo\/image\/\"}},{\"@type\":\"Person\",\"@id\":\"https:\/\/new.ahrweilerbc.de\/#\/schema\/person\/bdbb38d43a0d63b77e7ecb3c6afc8f0e\",\"name\":\"Martin Brand\",\"image\":{\"@type\":\"ImageObject\",\"inLanguage\":\"en-US\",\"@id\":\"https:\/\/new.ahrweilerbc.de\/#\/schema\/person\/image\/\",\"url\":\"https:\/\/secure.gravatar.com\/avatar\/?s=96&d=mm&r=g\",\"contentUrl\":\"https:\/\/secure.gravatar.com\/avatar\/?s=96&d=mm&r=g\",\"caption\":\"Martin Brand\"},\"url\":\"https:\/\/new.ahrweilerbc.de\/en\/author\/martin-brand\/\"}]}<\/script>\n<!-- \/ Yoast SEO plugin. -->","yoast_head_json":{"title":"++DER VORSTAND INFORMIERT++ - Ahrweiler BC","robots":{"index":"index","follow":"follow","max-snippet":"max-snippet:-1","max-image-preview":"max-image-preview:large","max-video-preview":"max-video-preview:-1"},"canonical":"https:\/\/new.ahrweilerbc.de\/en\/uncategorized\/der-vorstand-informiert\/","og_locale":"en_US","og_type":"article","og_title":"++DER VORSTAND INFORMIERT++ - Ahrweiler BC","og_description":"++DER VORSTAND INFORMIERT++ Aufgeben ist keine Option \u2013 Blick nach vorne F\u00fcr den Traditionsverein Ahrweiler BC und seine Mitglieder liegt seit der Gr\u00fcndung vor \u00fcber 100 Jahren mit dem Jahr 2021 sicherlich eines der schwersten Jahre der Vereinsgeschichte hinter sich. Die f\u00fcrchterliche Trag\u00f6die der Flutkatastrophe vom 14. Juli, die das gesamte Ahrtal schlichtweg verw\u00fcstet und [&hellip;]","og_url":"https:\/\/new.ahrweilerbc.de\/en\/uncategorized\/der-vorstand-informiert\/","og_site_name":"Ahrweiler BC","article_published_time":"2021-12-25T10:09:58+00:00","author":"Martin Brand","twitter_card":"summary_large_image","twitter_misc":{"Written by":"Martin Brand","Est. reading time":"3 minutes"},"schema":{"@context":"https:\/\/schema.org","@graph":[{"@type":"Article","@id":"https:\/\/new.ahrweilerbc.de\/uncategorized\/der-vorstand-informiert\/#article","isPartOf":{"@id":"https:\/\/new.ahrweilerbc.de\/uncategorized\/der-vorstand-informiert\/"},"author":{"name":"Martin Brand","@id":"https:\/\/new.ahrweilerbc.de\/#\/schema\/person\/bdbb38d43a0d63b77e7ecb3c6afc8f0e"},"headline":"++DER VORSTAND INFORMIERT++","datePublished":"2021-12-25T10:09:58+00:00","mainEntityOfPage":{"@id":"https:\/\/new.ahrweilerbc.de\/uncategorized\/der-vorstand-informiert\/"},"wordCount":612,"publisher":{"@id":"https:\/\/new.ahrweilerbc.de\/#organization"},"image":{"@id":"https:\/\/new.ahrweilerbc.de\/uncategorized\/der-vorstand-informiert\/#primaryimage"},"thumbnailUrl":"https:\/\/new.ahrweilerbc.de\/wp-content\/uploads\/2021\/12\/Vorstand.jpeg","articleSection":["Allgemein"],"inLanguage":"en-US"},{"@type":"WebPage","@id":"https:\/\/new.ahrweilerbc.de\/uncategorized\/der-vorstand-informiert\/","url":"https:\/\/new.ahrweilerbc.de\/uncategorized\/der-vorstand-informiert\/","name":"++DER VORSTAND INFORMIERT++ - Ahrweiler BC","isPartOf":{"@id":"https:\/\/new.ahrweilerbc.de\/#website"},"primaryImageOfPage":{"@id":"https:\/\/new.ahrweilerbc.de\/uncategorized\/der-vorstand-informiert\/#primaryimage"},"image":{"@id":"https:\/\/new.ahrweilerbc.de\/uncategorized\/der-vorstand-informiert\/#primaryimage"},"thumbnailUrl":"https:\/\/new.ahrweilerbc.de\/wp-content\/uploads\/2021\/12\/Vorstand.jpeg","datePublished":"2021-12-25T10:09:58+00:00","breadcrumb":{"@id":"https:\/\/new.ahrweilerbc.de\/uncategorized\/der-vorstand-informiert\/#breadcrumb"},"inLanguage":"en-US","potentialAction":[{"@type":"ReadAction","target":["https:\/\/new.ahrweilerbc.de\/uncategorized\/der-vorstand-informiert\/"]}]},{"@type":"ImageObject","inLanguage":"en-US","@id":"https:\/\/new.ahrweilerbc.de\/uncategorized\/der-vorstand-informiert\/#primaryimage","url":"https:\/\/new.ahrweilerbc.de\/wp-content\/uploads\/2021\/12\/Vorstand.jpeg","contentUrl":"https:\/\/new.ahrweilerbc.de\/wp-content\/uploads\/2021\/12\/Vorstand.jpeg","width":2429,"height":1822,"caption":"default"},{"@type":"BreadcrumbList","@id":"https:\/\/new.ahrweilerbc.de\/uncategorized\/der-vorstand-informiert\/#breadcrumb","itemListElement":[{"@type":"ListItem","position":1,"name":"Startseite","item":"https:\/\/new.ahrweilerbc.de\/"},{"@type":"ListItem","position":2,"name":"++DER VORSTAND INFORMIERT++"}]},{"@type":"WebSite","@id":"https:\/\/new.ahrweilerbc.de\/#website","url":"https:\/\/new.ahrweilerbc.de\/","name":"Ahrweiler BC","description":"","publisher":{"@id":"https:\/\/new.ahrweilerbc.de\/#organization"},"potentialAction":[{"@type":"SearchAction","target":{"@type":"EntryPoint","urlTemplate":"https:\/\/new.ahrweilerbc.de\/?s={search_term_string}"},"query-input":{"@type":"PropertyValueSpecification","valueRequired":true,"valueName":"search_term_string"}}],"inLanguage":"en-US"},{"@type":"Organization","@id":"https:\/\/new.ahrweilerbc.de\/#organization","name":"Ahrweiler BC","url":"https:\/\/new.ahrweilerbc.de\/","logo":{"@type":"ImageObject","inLanguage":"en-US","@id":"https:\/\/new.ahrweilerbc.de\/#\/schema\/logo\/image\/","url":"https:\/\/new.ahrweilerbc.de\/wp-content\/uploads\/2025\/10\/download.svg","contentUrl":"https:\/\/new.ahrweilerbc.de\/wp-content\/uploads\/2025\/10\/download.svg","width":960,"height":960,"caption":"Ahrweiler BC"},"image":{"@id":"https:\/\/new.ahrweilerbc.de\/#\/schema\/logo\/image\/"}},{"@type":"Person","@id":"https:\/\/new.ahrweilerbc.de\/#\/schema\/person\/bdbb38d43a0d63b77e7ecb3c6afc8f0e","name":"Martin Brand","image":{"@type":"ImageObject","inLanguage":"en-US","@id":"https:\/\/new.ahrweilerbc.de\/#\/schema\/person\/image\/","url":"https:\/\/secure.gravatar.com\/avatar\/?s=96&d=mm&r=g","contentUrl":"https:\/\/secure.gravatar.com\/avatar\/?s=96&d=mm&r=g","caption":"Martin Brand"},"url":"https:\/\/new.ahrweilerbc.de\/en\/author\/martin-brand\/"}]}},"_links":{"self":[{"href":"https:\/\/new.ahrweilerbc.de\/en\/wp-json\/wp\/v2\/posts\/16015","targetHints":{"allow":["GET"]}}],"collection":[{"href":"https:\/\/new.ahrweilerbc.de\/en\/wp-json\/wp\/v2\/posts"}],"about":[{"href":"https:\/\/new.ahrweilerbc.de\/en\/wp-json\/wp\/v2\/types\/post"}],"author":[{"embeddable":true,"href":"https:\/\/new.ahrweilerbc.de\/en\/wp-json\/wp\/v2\/users\/2"}],"replies":[{"embeddable":true,"href":"https:\/\/new.ahrweilerbc.de\/en\/wp-json\/wp\/v2\/comments?post=16015"}],"version-history":[{"count":0,"href":"https:\/\/new.ahrweilerbc.de\/en\/wp-json\/wp\/v2\/posts\/16015\/revisions"}],"wp:featuredmedia":[{"embeddable":true,"href":"https:\/\/new.ahrweilerbc.de\/en\/wp-json\/wp\/v2\/media\/16016"}],"wp:attachment":[{"href":"https:\/\/new.ahrweilerbc.de\/en\/wp-json\/wp\/v2\/media?parent=16015"}],"wp:term":[{"taxonomy":"category","embeddable":true,"href":"https:\/\/new.ahrweilerbc.de\/en\/wp-json\/wp\/v2\/categories?post=16015"},{"taxonomy":"post_tag","embeddable":true,"href":"https:\/\/new.ahrweilerbc.de\/en\/wp-json\/wp\/v2\/tags?post=16015"}],"curies":[{"name":"wp","href":"https:\/\/api.w.org\/{rel}","templated":true}]}}