{"id":16064,"date":"2022-01-10T13:24:05","date_gmt":"2022-01-10T12:24:05","guid":{"rendered":"https:\/\/ahrweilerbc.com\/?p=16064"},"modified":"2022-01-10T13:24:05","modified_gmt":"2022-01-10T12:24:05","slug":"die-ersten-schritte-in-die-normalitaet","status":"publish","type":"post","link":"https:\/\/new.ahrweilerbc.de\/en\/allgemein\/die-ersten-schritte-in-die-normalitaet\/","title":{"rendered":"++DIE ERSTEN SCHRITTE IN DIE NORMALIT\u00c4T++"},"content":{"rendered":"<p>Trocken und in der Vorwoche von Torj\u00e4ger Almir Porca frisch gestrichen. Der Keller des Vereinsheims ist in den n\u00e4chster Zeit wieder als Lagerraum nutzbar. Im Vereinsheim selber muss der Trockenvorgang nach einer erneuten Messung nur noch wenige Wochen fortgesetzt werden. Alles keine News, die Jubelst\u00fcrme hervorrufen, aber als kleine Hoffnungsschimmer in Richtung Normalit\u00e4t verdammt gut tun.<\/p>","protected":false},"excerpt":{"rendered":"<p>Trocken und in der Vorwoche von Torj\u00e4ger Almir Porca frisch gestrichen. Der Keller des Vereinsheims ist in den n\u00e4chster Zeit wieder als Lagerraum nutzbar. Im Vereinsheim selber muss der Trockenvorgang nach einer erneuten Messung nur noch wenige Wochen fortgesetzt werden. Alles keine News, die Jubelst\u00fcrme hervorrufen, aber als kleine Hoffnungsschimmer in Richtung Normalit\u00e4t verdammt gut [&hellip;]<\/p>","protected":false},"author":2,"featured_media":16065,"comment_status":"closed","ping_status":"open","sticky":false,"template":"","format":"standard","meta":{"footnotes":""},"categories":[18],"tags":[],"class_list":["post-16064","post","type-post","status-publish","format-standard","has-post-thumbnail","hentry","category-allgemein"],"yoast_head":"<!-- This site is optimized with the Yoast SEO plugin v26.1.1 - https:\/\/yoast.com\/wordpress\/plugins\/seo\/ -->\n<title>++DIE ERSTEN SCHRITTE IN DIE NORMALIT\u00c4T++ - Ahrweiler BC<\/title>\n<meta name=\"robots\" content=\"index, follow, max-snippet:-1, max-image-preview:large, max-video-preview:-1\" \/>\n<link rel=\"canonical\" href=\"https:\/\/new.ahrweilerbc.de\/en\/uncategorized\/die-ersten-schritte-in-die-normalitaet\/\" \/>\n<meta property=\"og:locale\" content=\"en_US\" \/>\n<meta property=\"og:type\" content=\"article\" \/>\n<meta property=\"og:title\" content=\"++DIE ERSTEN SCHRITTE IN DIE NORMALIT\u00c4T++ - Ahrweiler BC\" \/>\n<meta property=\"og:description\" content=\"Trocken und in der Vorwoche von Torj\u00e4ger Almir Porca frisch gestrichen. Der Keller des Vereinsheims ist in den n\u00e4chster Zeit wieder als Lagerraum nutzbar. Im Vereinsheim selber muss der Trockenvorgang nach einer erneuten Messung nur noch wenige Wochen fortgesetzt werden. Alles keine News, die Jubelst\u00fcrme hervorrufen, aber als kleine Hoffnungsschimmer in Richtung Normalit\u00e4t verdammt gut [&hellip;]\" \/>\n<meta property=\"og:url\" content=\"https:\/\/new.ahrweilerbc.de\/en\/uncategorized\/die-ersten-schritte-in-die-normalitaet\/\" \/>\n<meta property=\"og:site_name\" content=\"Ahrweiler BC\" \/>\n<meta property=\"article:published_time\" content=\"2022-01-10T12:24:05+00:00\" \/>\n<meta name=\"author\" content=\"Martin Brand\" \/>\n<meta name=\"twitter:card\" content=\"summary_large_image\" \/>\n<meta name=\"twitter:label1\" content=\"Written by\" \/>\n\t<meta name=\"twitter:data1\" content=\"Martin Brand\" \/>\n<script type=\"application\/ld+json\" class=\"yoast-schema-graph\">{\"@context\":\"https:\/\/schema.org\",\"@graph\":[{\"@type\":\"Article\",\"@id\":\"https:\/\/new.ahrweilerbc.de\/uncategorized\/die-ersten-schritte-in-die-normalitaet\/#article\",\"isPartOf\":{\"@id\":\"https:\/\/new.ahrweilerbc.de\/uncategorized\/die-ersten-schritte-in-die-normalitaet\/\"},\"author\":{\"name\":\"Martin Brand\",\"@id\":\"https:\/\/new.ahrweilerbc.de\/#\/schema\/person\/bdbb38d43a0d63b77e7ecb3c6afc8f0e\"},\"headline\":\"++DIE ERSTEN SCHRITTE IN DIE NORMALIT\u00c4T++\",\"datePublished\":\"2022-01-10T12:24:05+00:00\",\"mainEntityOfPage\":{\"@id\":\"https:\/\/new.ahrweilerbc.de\/uncategorized\/die-ersten-schritte-in-die-normalitaet\/\"},\"wordCount\":67,\"publisher\":{\"@id\":\"https:\/\/new.ahrweilerbc.de\/#organization\"},\"image\":{\"@id\":\"https:\/\/new.ahrweilerbc.de\/uncategorized\/die-ersten-schritte-in-die-normalitaet\/#primaryimage\"},\"thumbnailUrl\":\"https:\/\/new.ahrweilerbc.de\/wp-content\/uploads\/2022\/01\/271301266_1259973077845216_5057814122184823541_n.jpg\",\"articleSection\":[\"Allgemein\"],\"inLanguage\":\"en-US\"},{\"@type\":\"WebPage\",\"@id\":\"https:\/\/new.ahrweilerbc.de\/uncategorized\/die-ersten-schritte-in-die-normalitaet\/\",\"url\":\"https:\/\/new.ahrweilerbc.de\/uncategorized\/die-ersten-schritte-in-die-normalitaet\/\",\"name\":\"++DIE ERSTEN SCHRITTE IN DIE NORMALIT\u00c4T++ - Ahrweiler BC\",\"isPartOf\":{\"@id\":\"https:\/\/new.ahrweilerbc.de\/#website\"},\"primaryImageOfPage\":{\"@id\":\"https:\/\/new.ahrweilerbc.de\/uncategorized\/die-ersten-schritte-in-die-normalitaet\/#primaryimage\"},\"image\":{\"@id\":\"https:\/\/new.ahrweilerbc.de\/uncategorized\/die-ersten-schritte-in-die-normalitaet\/#primaryimage\"},\"thumbnailUrl\":\"https:\/\/new.ahrweilerbc.de\/wp-content\/uploads\/2022\/01\/271301266_1259973077845216_5057814122184823541_n.jpg\",\"datePublished\":\"2022-01-10T12:24:05+00:00\",\"breadcrumb\":{\"@id\":\"https:\/\/new.ahrweilerbc.de\/uncategorized\/die-ersten-schritte-in-die-normalitaet\/#breadcrumb\"},\"inLanguage\":\"en-US\",\"potentialAction\":[{\"@type\":\"ReadAction\",\"target\":[\"https:\/\/new.ahrweilerbc.de\/uncategorized\/die-ersten-schritte-in-die-normalitaet\/\"]}]},{\"@type\":\"ImageObject\",\"inLanguage\":\"en-US\",\"@id\":\"https:\/\/new.ahrweilerbc.de\/uncategorized\/die-ersten-schritte-in-die-normalitaet\/#primaryimage\",\"url\":\"https:\/\/new.ahrweilerbc.de\/wp-content\/uploads\/2022\/01\/271301266_1259973077845216_5057814122184823541_n.jpg\",\"contentUrl\":\"https:\/\/new.ahrweilerbc.de\/wp-content\/uploads\/2022\/01\/271301266_1259973077845216_5057814122184823541_n.jpg\",\"width\":1440,\"height\":1080},{\"@type\":\"BreadcrumbList\",\"@id\":\"https:\/\/new.ahrweilerbc.de\/uncategorized\/die-ersten-schritte-in-die-normalitaet\/#breadcrumb\",\"itemListElement\":[{\"@type\":\"ListItem\",\"position\":1,\"name\":\"Startseite\",\"item\":\"https:\/\/new.ahrweilerbc.de\/\"},{\"@type\":\"ListItem\",\"position\":2,\"name\":\"++DIE ERSTEN SCHRITTE IN DIE NORMALIT\u00c4T++\"}]},{\"@type\":\"WebSite\",\"@id\":\"https:\/\/new.ahrweilerbc.de\/#website\",\"url\":\"https:\/\/new.ahrweilerbc.de\/\",\"name\":\"Ahrweiler BC\",\"description\":\"\",\"publisher\":{\"@id\":\"https:\/\/new.ahrweilerbc.de\/#organization\"},\"potentialAction\":[{\"@type\":\"SearchAction\",\"target\":{\"@type\":\"EntryPoint\",\"urlTemplate\":\"https:\/\/new.ahrweilerbc.de\/?s={search_term_string}\"},\"query-input\":{\"@type\":\"PropertyValueSpecification\",\"valueRequired\":true,\"valueName\":\"search_term_string\"}}],\"inLanguage\":\"en-US\"},{\"@type\":\"Organization\",\"@id\":\"https:\/\/new.ahrweilerbc.de\/#organization\",\"name\":\"Ahrweiler BC\",\"url\":\"https:\/\/new.ahrweilerbc.de\/\",\"logo\":{\"@type\":\"ImageObject\",\"inLanguage\":\"en-US\",\"@id\":\"https:\/\/new.ahrweilerbc.de\/#\/schema\/logo\/image\/\",\"url\":\"https:\/\/new.ahrweilerbc.de\/wp-content\/uploads\/2025\/10\/download.svg\",\"contentUrl\":\"https:\/\/new.ahrweilerbc.de\/wp-content\/uploads\/2025\/10\/download.svg\",\"width\":960,\"height\":960,\"caption\":\"Ahrweiler BC\"},\"image\":{\"@id\":\"https:\/\/new.ahrweilerbc.de\/#\/schema\/logo\/image\/\"}},{\"@type\":\"Person\",\"@id\":\"https:\/\/new.ahrweilerbc.de\/#\/schema\/person\/bdbb38d43a0d63b77e7ecb3c6afc8f0e\",\"name\":\"Martin Brand\",\"image\":{\"@type\":\"ImageObject\",\"inLanguage\":\"en-US\",\"@id\":\"https:\/\/new.ahrweilerbc.de\/#\/schema\/person\/image\/\",\"url\":\"https:\/\/secure.gravatar.com\/avatar\/?s=96&d=mm&r=g\",\"contentUrl\":\"https:\/\/secure.gravatar.com\/avatar\/?s=96&d=mm&r=g\",\"caption\":\"Martin Brand\"},\"url\":\"https:\/\/new.ahrweilerbc.de\/en\/author\/martin-brand\/\"}]}<\/script>\n<!-- \/ Yoast SEO plugin. -->","yoast_head_json":{"title":"++DIE ERSTEN SCHRITTE IN DIE NORMALIT\u00c4T++ - Ahrweiler BC","robots":{"index":"index","follow":"follow","max-snippet":"max-snippet:-1","max-image-preview":"max-image-preview:large","max-video-preview":"max-video-preview:-1"},"canonical":"https:\/\/new.ahrweilerbc.de\/en\/uncategorized\/die-ersten-schritte-in-die-normalitaet\/","og_locale":"en_US","og_type":"article","og_title":"++DIE ERSTEN SCHRITTE IN DIE NORMALIT\u00c4T++ - Ahrweiler BC","og_description":"Trocken und in der Vorwoche von Torj\u00e4ger Almir Porca frisch gestrichen. Der Keller des Vereinsheims ist in den n\u00e4chster Zeit wieder als Lagerraum nutzbar. Im Vereinsheim selber muss der Trockenvorgang nach einer erneuten Messung nur noch wenige Wochen fortgesetzt werden. Alles keine News, die Jubelst\u00fcrme hervorrufen, aber als kleine Hoffnungsschimmer in Richtung Normalit\u00e4t verdammt gut [&hellip;]","og_url":"https:\/\/new.ahrweilerbc.de\/en\/uncategorized\/die-ersten-schritte-in-die-normalitaet\/","og_site_name":"Ahrweiler BC","article_published_time":"2022-01-10T12:24:05+00:00","author":"Martin Brand","twitter_card":"summary_large_image","twitter_misc":{"Written by":"Martin Brand"},"schema":{"@context":"https:\/\/schema.org","@graph":[{"@type":"Article","@id":"https:\/\/new.ahrweilerbc.de\/uncategorized\/die-ersten-schritte-in-die-normalitaet\/#article","isPartOf":{"@id":"https:\/\/new.ahrweilerbc.de\/uncategorized\/die-ersten-schritte-in-die-normalitaet\/"},"author":{"name":"Martin Brand","@id":"https:\/\/new.ahrweilerbc.de\/#\/schema\/person\/bdbb38d43a0d63b77e7ecb3c6afc8f0e"},"headline":"++DIE ERSTEN SCHRITTE IN DIE NORMALIT\u00c4T++","datePublished":"2022-01-10T12:24:05+00:00","mainEntityOfPage":{"@id":"https:\/\/new.ahrweilerbc.de\/uncategorized\/die-ersten-schritte-in-die-normalitaet\/"},"wordCount":67,"publisher":{"@id":"https:\/\/new.ahrweilerbc.de\/#organization"},"image":{"@id":"https:\/\/new.ahrweilerbc.de\/uncategorized\/die-ersten-schritte-in-die-normalitaet\/#primaryimage"},"thumbnailUrl":"https:\/\/new.ahrweilerbc.de\/wp-content\/uploads\/2022\/01\/271301266_1259973077845216_5057814122184823541_n.jpg","articleSection":["Allgemein"],"inLanguage":"en-US"},{"@type":"WebPage","@id":"https:\/\/new.ahrweilerbc.de\/uncategorized\/die-ersten-schritte-in-die-normalitaet\/","url":"https:\/\/new.ahrweilerbc.de\/uncategorized\/die-ersten-schritte-in-die-normalitaet\/","name":"++DIE ERSTEN SCHRITTE IN DIE NORMALIT\u00c4T++ - Ahrweiler BC","isPartOf":{"@id":"https:\/\/new.ahrweilerbc.de\/#website"},"primaryImageOfPage":{"@id":"https:\/\/new.ahrweilerbc.de\/uncategorized\/die-ersten-schritte-in-die-normalitaet\/#primaryimage"},"image":{"@id":"https:\/\/new.ahrweilerbc.de\/uncategorized\/die-ersten-schritte-in-die-normalitaet\/#primaryimage"},"thumbnailUrl":"https:\/\/new.ahrweilerbc.de\/wp-content\/uploads\/2022\/01\/271301266_1259973077845216_5057814122184823541_n.jpg","datePublished":"2022-01-10T12:24:05+00:00","breadcrumb":{"@id":"https:\/\/new.ahrweilerbc.de\/uncategorized\/die-ersten-schritte-in-die-normalitaet\/#breadcrumb"},"inLanguage":"en-US","potentialAction":[{"@type":"ReadAction","target":["https:\/\/new.ahrweilerbc.de\/uncategorized\/die-ersten-schritte-in-die-normalitaet\/"]}]},{"@type":"ImageObject","inLanguage":"en-US","@id":"https:\/\/new.ahrweilerbc.de\/uncategorized\/die-ersten-schritte-in-die-normalitaet\/#primaryimage","url":"https:\/\/new.ahrweilerbc.de\/wp-content\/uploads\/2022\/01\/271301266_1259973077845216_5057814122184823541_n.jpg","contentUrl":"https:\/\/new.ahrweilerbc.de\/wp-content\/uploads\/2022\/01\/271301266_1259973077845216_5057814122184823541_n.jpg","width":1440,"height":1080},{"@type":"BreadcrumbList","@id":"https:\/\/new.ahrweilerbc.de\/uncategorized\/die-ersten-schritte-in-die-normalitaet\/#breadcrumb","itemListElement":[{"@type":"ListItem","position":1,"name":"Startseite","item":"https:\/\/new.ahrweilerbc.de\/"},{"@type":"ListItem","position":2,"name":"++DIE ERSTEN SCHRITTE IN DIE NORMALIT\u00c4T++"}]},{"@type":"WebSite","@id":"https:\/\/new.ahrweilerbc.de\/#website","url":"https:\/\/new.ahrweilerbc.de\/","name":"Ahrweiler BC","description":"","publisher":{"@id":"https:\/\/new.ahrweilerbc.de\/#organization"},"potentialAction":[{"@type":"SearchAction","target":{"@type":"EntryPoint","urlTemplate":"https:\/\/new.ahrweilerbc.de\/?s={search_term_string}"},"query-input":{"@type":"PropertyValueSpecification","valueRequired":true,"valueName":"search_term_string"}}],"inLanguage":"en-US"},{"@type":"Organization","@id":"https:\/\/new.ahrweilerbc.de\/#organization","name":"Ahrweiler BC","url":"https:\/\/new.ahrweilerbc.de\/","logo":{"@type":"ImageObject","inLanguage":"en-US","@id":"https:\/\/new.ahrweilerbc.de\/#\/schema\/logo\/image\/","url":"https:\/\/new.ahrweilerbc.de\/wp-content\/uploads\/2025\/10\/download.svg","contentUrl":"https:\/\/new.ahrweilerbc.de\/wp-content\/uploads\/2025\/10\/download.svg","width":960,"height":960,"caption":"Ahrweiler BC"},"image":{"@id":"https:\/\/new.ahrweilerbc.de\/#\/schema\/logo\/image\/"}},{"@type":"Person","@id":"https:\/\/new.ahrweilerbc.de\/#\/schema\/person\/bdbb38d43a0d63b77e7ecb3c6afc8f0e","name":"Martin Brand","image":{"@type":"ImageObject","inLanguage":"en-US","@id":"https:\/\/new.ahrweilerbc.de\/#\/schema\/person\/image\/","url":"https:\/\/secure.gravatar.com\/avatar\/?s=96&d=mm&r=g","contentUrl":"https:\/\/secure.gravatar.com\/avatar\/?s=96&d=mm&r=g","caption":"Martin Brand"},"url":"https:\/\/new.ahrweilerbc.de\/en\/author\/martin-brand\/"}]}},"_links":{"self":[{"href":"https:\/\/new.ahrweilerbc.de\/en\/wp-json\/wp\/v2\/posts\/16064","targetHints":{"allow":["GET"]}}],"collection":[{"href":"https:\/\/new.ahrweilerbc.de\/en\/wp-json\/wp\/v2\/posts"}],"about":[{"href":"https:\/\/new.ahrweilerbc.de\/en\/wp-json\/wp\/v2\/types\/post"}],"author":[{"embeddable":true,"href":"https:\/\/new.ahrweilerbc.de\/en\/wp-json\/wp\/v2\/users\/2"}],"replies":[{"embeddable":true,"href":"https:\/\/new.ahrweilerbc.de\/en\/wp-json\/wp\/v2\/comments?post=16064"}],"version-history":[{"count":0,"href":"https:\/\/new.ahrweilerbc.de\/en\/wp-json\/wp\/v2\/posts\/16064\/revisions"}],"wp:featuredmedia":[{"embeddable":true,"href":"https:\/\/new.ahrweilerbc.de\/en\/wp-json\/wp\/v2\/media\/16065"}],"wp:attachment":[{"href":"https:\/\/new.ahrweilerbc.de\/en\/wp-json\/wp\/v2\/media?parent=16064"}],"wp:term":[{"taxonomy":"category","embeddable":true,"href":"https:\/\/new.ahrweilerbc.de\/en\/wp-json\/wp\/v2\/categories?post=16064"},{"taxonomy":"post_tag","embeddable":true,"href":"https:\/\/new.ahrweilerbc.de\/en\/wp-json\/wp\/v2\/tags?post=16064"}],"curies":[{"name":"wp","href":"https:\/\/api.w.org\/{rel}","templated":true}]}}