{"id":16086,"date":"2022-01-14T11:39:19","date_gmt":"2022-01-14T10:39:19","guid":{"rendered":"https:\/\/ahrweilerbc.com\/?p=16086"},"modified":"2022-01-14T11:39:19","modified_gmt":"2022-01-14T10:39:19","slug":"weihnachtsbaum-verkauf-und-bescherung-in-ramersbach","status":"publish","type":"post","link":"https:\/\/new.ahrweilerbc.de\/en\/allgemein\/weihnachtsbaum-verkauf-und-bescherung-in-ramersbach\/","title":{"rendered":"++WEIHNACHTS-BAUM-VERKAUF UND BESCHERUNG IN RAMERSBACH++"},"content":{"rendered":"<p>Wie bereits in den beiden Jahren zuvor, gab es auch in 2021 eine gemeinsame Weihnachtsbaum-Aktion von der \u201eWerner Armitter GbR, Kaminholz- und Weihnachtsbaumverkauf Ramersbach\u201c und \u00a0des Ahrweiler BC zu Gunsten der Nachwuchsabteilung. So ging bei jedem verkauften Baum wieder ein Teil des Kaufpreises in die Jugendkasse des Ahrweiler BC. Erneut nutzten viele Vereinsmitglieder und Freunde des Kreisstadtklubs dieses Angebot, sodass auch diesmal ein stattlicher Betrag zustande kam.<\/p>\n<p>Und f\u00fcr die ebenfalls erschienenen Kids sollte der Weg nach Ramersbach nicht umsonst gewesen sein. Felix Erhardt und David Strandt, unsere Flutengel und Unterst\u00fctzer aus dem hessischen Idstein, brachten samt Unterst\u00fctzerteam Geschenke mit und verteilten diese vor Ort wie auch sp\u00e4ter noch auf dem Marktplatz von Ahrweiler. Wieder mal eine tolle Idee des nimmerm\u00fcden Felix.<\/p>\n<p>Der Ahrweiler BC bedankt sich ganz herzlich bei Werner Armitter, \u00a0der diese tolle \u00a0Aktion erneut m\u00f6glich machte und tatkr\u00e4ftig unterst\u00fctze.<\/p>\n<p>&nbsp;<\/p>","protected":false},"excerpt":{"rendered":"<p>Wie bereits in den beiden Jahren zuvor, gab es auch in 2021 eine gemeinsame Weihnachtsbaum-Aktion von der \u201eWerner Armitter GbR, Kaminholz- und Weihnachtsbaumverkauf Ramersbach\u201c und \u00a0des Ahrweiler BC zu Gunsten der Nachwuchsabteilung. So ging bei jedem verkauften Baum wieder ein Teil des Kaufpreises in die Jugendkasse des Ahrweiler BC. Erneut nutzten viele Vereinsmitglieder und Freunde [&hellip;]<\/p>","protected":false},"author":2,"featured_media":16087,"comment_status":"closed","ping_status":"open","sticky":false,"template":"","format":"standard","meta":{"footnotes":""},"categories":[18],"tags":[],"class_list":["post-16086","post","type-post","status-publish","format-standard","has-post-thumbnail","hentry","category-allgemein"],"yoast_head":"<!-- This site is optimized with the Yoast SEO plugin v26.1.1 - https:\/\/yoast.com\/wordpress\/plugins\/seo\/ -->\n<title>++WEIHNACHTS-BAUM-VERKAUF UND BESCHERUNG IN RAMERSBACH++ - Ahrweiler BC<\/title>\n<meta name=\"robots\" content=\"index, follow, max-snippet:-1, max-image-preview:large, max-video-preview:-1\" \/>\n<link rel=\"canonical\" href=\"https:\/\/new.ahrweilerbc.de\/en\/uncategorized\/weihnachtsbaum-verkauf-und-bescherung-in-ramersbach\/\" \/>\n<meta property=\"og:locale\" content=\"en_US\" \/>\n<meta property=\"og:type\" content=\"article\" \/>\n<meta property=\"og:title\" content=\"++WEIHNACHTS-BAUM-VERKAUF UND BESCHERUNG IN RAMERSBACH++ - Ahrweiler BC\" \/>\n<meta property=\"og:description\" content=\"Wie bereits in den beiden Jahren zuvor, gab es auch in 2021 eine gemeinsame Weihnachtsbaum-Aktion von der \u201eWerner Armitter GbR, Kaminholz- und Weihnachtsbaumverkauf Ramersbach\u201c und \u00a0des Ahrweiler BC zu Gunsten der Nachwuchsabteilung. So ging bei jedem verkauften Baum wieder ein Teil des Kaufpreises in die Jugendkasse des Ahrweiler BC. Erneut nutzten viele Vereinsmitglieder und Freunde [&hellip;]\" \/>\n<meta property=\"og:url\" content=\"https:\/\/new.ahrweilerbc.de\/en\/uncategorized\/weihnachtsbaum-verkauf-und-bescherung-in-ramersbach\/\" \/>\n<meta property=\"og:site_name\" content=\"Ahrweiler BC\" \/>\n<meta property=\"article:published_time\" content=\"2022-01-14T10:39:19+00:00\" \/>\n<meta name=\"author\" content=\"Martin Brand\" \/>\n<meta name=\"twitter:card\" content=\"summary_large_image\" \/>\n<meta name=\"twitter:label1\" content=\"Written by\" \/>\n\t<meta name=\"twitter:data1\" content=\"Martin Brand\" \/>\n\t<meta name=\"twitter:label2\" content=\"Est. reading time\" \/>\n\t<meta name=\"twitter:data2\" content=\"1 minute\" \/>\n<script type=\"application\/ld+json\" class=\"yoast-schema-graph\">{\"@context\":\"https:\/\/schema.org\",\"@graph\":[{\"@type\":\"Article\",\"@id\":\"https:\/\/new.ahrweilerbc.de\/uncategorized\/weihnachtsbaum-verkauf-und-bescherung-in-ramersbach\/#article\",\"isPartOf\":{\"@id\":\"https:\/\/new.ahrweilerbc.de\/uncategorized\/weihnachtsbaum-verkauf-und-bescherung-in-ramersbach\/\"},\"author\":{\"name\":\"Martin Brand\",\"@id\":\"https:\/\/new.ahrweilerbc.de\/#\/schema\/person\/bdbb38d43a0d63b77e7ecb3c6afc8f0e\"},\"headline\":\"++WEIHNACHTS-BAUM-VERKAUF UND BESCHERUNG IN RAMERSBACH++\",\"datePublished\":\"2022-01-14T10:39:19+00:00\",\"mainEntityOfPage\":{\"@id\":\"https:\/\/new.ahrweilerbc.de\/uncategorized\/weihnachtsbaum-verkauf-und-bescherung-in-ramersbach\/\"},\"wordCount\":155,\"publisher\":{\"@id\":\"https:\/\/new.ahrweilerbc.de\/#organization\"},\"image\":{\"@id\":\"https:\/\/new.ahrweilerbc.de\/uncategorized\/weihnachtsbaum-verkauf-und-bescherung-in-ramersbach\/#primaryimage\"},\"thumbnailUrl\":\"https:\/\/new.ahrweilerbc.de\/wp-content\/uploads\/2022\/01\/1.jpg\",\"articleSection\":[\"Allgemein\"],\"inLanguage\":\"en-US\"},{\"@type\":\"WebPage\",\"@id\":\"https:\/\/new.ahrweilerbc.de\/uncategorized\/weihnachtsbaum-verkauf-und-bescherung-in-ramersbach\/\",\"url\":\"https:\/\/new.ahrweilerbc.de\/uncategorized\/weihnachtsbaum-verkauf-und-bescherung-in-ramersbach\/\",\"name\":\"++WEIHNACHTS-BAUM-VERKAUF UND BESCHERUNG IN RAMERSBACH++ - Ahrweiler BC\",\"isPartOf\":{\"@id\":\"https:\/\/new.ahrweilerbc.de\/#website\"},\"primaryImageOfPage\":{\"@id\":\"https:\/\/new.ahrweilerbc.de\/uncategorized\/weihnachtsbaum-verkauf-und-bescherung-in-ramersbach\/#primaryimage\"},\"image\":{\"@id\":\"https:\/\/new.ahrweilerbc.de\/uncategorized\/weihnachtsbaum-verkauf-und-bescherung-in-ramersbach\/#primaryimage\"},\"thumbnailUrl\":\"https:\/\/new.ahrweilerbc.de\/wp-content\/uploads\/2022\/01\/1.jpg\",\"datePublished\":\"2022-01-14T10:39:19+00:00\",\"breadcrumb\":{\"@id\":\"https:\/\/new.ahrweilerbc.de\/uncategorized\/weihnachtsbaum-verkauf-und-bescherung-in-ramersbach\/#breadcrumb\"},\"inLanguage\":\"en-US\",\"potentialAction\":[{\"@type\":\"ReadAction\",\"target\":[\"https:\/\/new.ahrweilerbc.de\/uncategorized\/weihnachtsbaum-verkauf-und-bescherung-in-ramersbach\/\"]}]},{\"@type\":\"ImageObject\",\"inLanguage\":\"en-US\",\"@id\":\"https:\/\/new.ahrweilerbc.de\/uncategorized\/weihnachtsbaum-verkauf-und-bescherung-in-ramersbach\/#primaryimage\",\"url\":\"https:\/\/new.ahrweilerbc.de\/wp-content\/uploads\/2022\/01\/1.jpg\",\"contentUrl\":\"https:\/\/new.ahrweilerbc.de\/wp-content\/uploads\/2022\/01\/1.jpg\",\"width\":1078,\"height\":659},{\"@type\":\"BreadcrumbList\",\"@id\":\"https:\/\/new.ahrweilerbc.de\/uncategorized\/weihnachtsbaum-verkauf-und-bescherung-in-ramersbach\/#breadcrumb\",\"itemListElement\":[{\"@type\":\"ListItem\",\"position\":1,\"name\":\"Startseite\",\"item\":\"https:\/\/new.ahrweilerbc.de\/\"},{\"@type\":\"ListItem\",\"position\":2,\"name\":\"++WEIHNACHTS-BAUM-VERKAUF UND BESCHERUNG IN RAMERSBACH++\"}]},{\"@type\":\"WebSite\",\"@id\":\"https:\/\/new.ahrweilerbc.de\/#website\",\"url\":\"https:\/\/new.ahrweilerbc.de\/\",\"name\":\"Ahrweiler BC\",\"description\":\"\",\"publisher\":{\"@id\":\"https:\/\/new.ahrweilerbc.de\/#organization\"},\"potentialAction\":[{\"@type\":\"SearchAction\",\"target\":{\"@type\":\"EntryPoint\",\"urlTemplate\":\"https:\/\/new.ahrweilerbc.de\/?s={search_term_string}\"},\"query-input\":{\"@type\":\"PropertyValueSpecification\",\"valueRequired\":true,\"valueName\":\"search_term_string\"}}],\"inLanguage\":\"en-US\"},{\"@type\":\"Organization\",\"@id\":\"https:\/\/new.ahrweilerbc.de\/#organization\",\"name\":\"Ahrweiler BC\",\"url\":\"https:\/\/new.ahrweilerbc.de\/\",\"logo\":{\"@type\":\"ImageObject\",\"inLanguage\":\"en-US\",\"@id\":\"https:\/\/new.ahrweilerbc.de\/#\/schema\/logo\/image\/\",\"url\":\"https:\/\/new.ahrweilerbc.de\/wp-content\/uploads\/2025\/10\/download.svg\",\"contentUrl\":\"https:\/\/new.ahrweilerbc.de\/wp-content\/uploads\/2025\/10\/download.svg\",\"width\":960,\"height\":960,\"caption\":\"Ahrweiler BC\"},\"image\":{\"@id\":\"https:\/\/new.ahrweilerbc.de\/#\/schema\/logo\/image\/\"}},{\"@type\":\"Person\",\"@id\":\"https:\/\/new.ahrweilerbc.de\/#\/schema\/person\/bdbb38d43a0d63b77e7ecb3c6afc8f0e\",\"name\":\"Martin Brand\",\"image\":{\"@type\":\"ImageObject\",\"inLanguage\":\"en-US\",\"@id\":\"https:\/\/new.ahrweilerbc.de\/#\/schema\/person\/image\/\",\"url\":\"https:\/\/secure.gravatar.com\/avatar\/?s=96&d=mm&r=g\",\"contentUrl\":\"https:\/\/secure.gravatar.com\/avatar\/?s=96&d=mm&r=g\",\"caption\":\"Martin Brand\"},\"url\":\"https:\/\/new.ahrweilerbc.de\/en\/author\/martin-brand\/\"}]}<\/script>\n<!-- \/ Yoast SEO plugin. -->","yoast_head_json":{"title":"++WEIHNACHTS-BAUM-VERKAUF UND BESCHERUNG IN RAMERSBACH++ - Ahrweiler BC","robots":{"index":"index","follow":"follow","max-snippet":"max-snippet:-1","max-image-preview":"max-image-preview:large","max-video-preview":"max-video-preview:-1"},"canonical":"https:\/\/new.ahrweilerbc.de\/en\/uncategorized\/weihnachtsbaum-verkauf-und-bescherung-in-ramersbach\/","og_locale":"en_US","og_type":"article","og_title":"++WEIHNACHTS-BAUM-VERKAUF UND BESCHERUNG IN RAMERSBACH++ - Ahrweiler BC","og_description":"Wie bereits in den beiden Jahren zuvor, gab es auch in 2021 eine gemeinsame Weihnachtsbaum-Aktion von der \u201eWerner Armitter GbR, Kaminholz- und Weihnachtsbaumverkauf Ramersbach\u201c und \u00a0des Ahrweiler BC zu Gunsten der Nachwuchsabteilung. So ging bei jedem verkauften Baum wieder ein Teil des Kaufpreises in die Jugendkasse des Ahrweiler BC. Erneut nutzten viele Vereinsmitglieder und Freunde [&hellip;]","og_url":"https:\/\/new.ahrweilerbc.de\/en\/uncategorized\/weihnachtsbaum-verkauf-und-bescherung-in-ramersbach\/","og_site_name":"Ahrweiler BC","article_published_time":"2022-01-14T10:39:19+00:00","author":"Martin Brand","twitter_card":"summary_large_image","twitter_misc":{"Written by":"Martin Brand","Est. reading time":"1 minute"},"schema":{"@context":"https:\/\/schema.org","@graph":[{"@type":"Article","@id":"https:\/\/new.ahrweilerbc.de\/uncategorized\/weihnachtsbaum-verkauf-und-bescherung-in-ramersbach\/#article","isPartOf":{"@id":"https:\/\/new.ahrweilerbc.de\/uncategorized\/weihnachtsbaum-verkauf-und-bescherung-in-ramersbach\/"},"author":{"name":"Martin Brand","@id":"https:\/\/new.ahrweilerbc.de\/#\/schema\/person\/bdbb38d43a0d63b77e7ecb3c6afc8f0e"},"headline":"++WEIHNACHTS-BAUM-VERKAUF UND BESCHERUNG IN RAMERSBACH++","datePublished":"2022-01-14T10:39:19+00:00","mainEntityOfPage":{"@id":"https:\/\/new.ahrweilerbc.de\/uncategorized\/weihnachtsbaum-verkauf-und-bescherung-in-ramersbach\/"},"wordCount":155,"publisher":{"@id":"https:\/\/new.ahrweilerbc.de\/#organization"},"image":{"@id":"https:\/\/new.ahrweilerbc.de\/uncategorized\/weihnachtsbaum-verkauf-und-bescherung-in-ramersbach\/#primaryimage"},"thumbnailUrl":"https:\/\/new.ahrweilerbc.de\/wp-content\/uploads\/2022\/01\/1.jpg","articleSection":["Allgemein"],"inLanguage":"en-US"},{"@type":"WebPage","@id":"https:\/\/new.ahrweilerbc.de\/uncategorized\/weihnachtsbaum-verkauf-und-bescherung-in-ramersbach\/","url":"https:\/\/new.ahrweilerbc.de\/uncategorized\/weihnachtsbaum-verkauf-und-bescherung-in-ramersbach\/","name":"++WEIHNACHTS-BAUM-VERKAUF UND BESCHERUNG IN RAMERSBACH++ - Ahrweiler BC","isPartOf":{"@id":"https:\/\/new.ahrweilerbc.de\/#website"},"primaryImageOfPage":{"@id":"https:\/\/new.ahrweilerbc.de\/uncategorized\/weihnachtsbaum-verkauf-und-bescherung-in-ramersbach\/#primaryimage"},"image":{"@id":"https:\/\/new.ahrweilerbc.de\/uncategorized\/weihnachtsbaum-verkauf-und-bescherung-in-ramersbach\/#primaryimage"},"thumbnailUrl":"https:\/\/new.ahrweilerbc.de\/wp-content\/uploads\/2022\/01\/1.jpg","datePublished":"2022-01-14T10:39:19+00:00","breadcrumb":{"@id":"https:\/\/new.ahrweilerbc.de\/uncategorized\/weihnachtsbaum-verkauf-und-bescherung-in-ramersbach\/#breadcrumb"},"inLanguage":"en-US","potentialAction":[{"@type":"ReadAction","target":["https:\/\/new.ahrweilerbc.de\/uncategorized\/weihnachtsbaum-verkauf-und-bescherung-in-ramersbach\/"]}]},{"@type":"ImageObject","inLanguage":"en-US","@id":"https:\/\/new.ahrweilerbc.de\/uncategorized\/weihnachtsbaum-verkauf-und-bescherung-in-ramersbach\/#primaryimage","url":"https:\/\/new.ahrweilerbc.de\/wp-content\/uploads\/2022\/01\/1.jpg","contentUrl":"https:\/\/new.ahrweilerbc.de\/wp-content\/uploads\/2022\/01\/1.jpg","width":1078,"height":659},{"@type":"BreadcrumbList","@id":"https:\/\/new.ahrweilerbc.de\/uncategorized\/weihnachtsbaum-verkauf-und-bescherung-in-ramersbach\/#breadcrumb","itemListElement":[{"@type":"ListItem","position":1,"name":"Startseite","item":"https:\/\/new.ahrweilerbc.de\/"},{"@type":"ListItem","position":2,"name":"++WEIHNACHTS-BAUM-VERKAUF UND BESCHERUNG IN RAMERSBACH++"}]},{"@type":"WebSite","@id":"https:\/\/new.ahrweilerbc.de\/#website","url":"https:\/\/new.ahrweilerbc.de\/","name":"Ahrweiler BC","description":"","publisher":{"@id":"https:\/\/new.ahrweilerbc.de\/#organization"},"potentialAction":[{"@type":"SearchAction","target":{"@type":"EntryPoint","urlTemplate":"https:\/\/new.ahrweilerbc.de\/?s={search_term_string}"},"query-input":{"@type":"PropertyValueSpecification","valueRequired":true,"valueName":"search_term_string"}}],"inLanguage":"en-US"},{"@type":"Organization","@id":"https:\/\/new.ahrweilerbc.de\/#organization","name":"Ahrweiler BC","url":"https:\/\/new.ahrweilerbc.de\/","logo":{"@type":"ImageObject","inLanguage":"en-US","@id":"https:\/\/new.ahrweilerbc.de\/#\/schema\/logo\/image\/","url":"https:\/\/new.ahrweilerbc.de\/wp-content\/uploads\/2025\/10\/download.svg","contentUrl":"https:\/\/new.ahrweilerbc.de\/wp-content\/uploads\/2025\/10\/download.svg","width":960,"height":960,"caption":"Ahrweiler BC"},"image":{"@id":"https:\/\/new.ahrweilerbc.de\/#\/schema\/logo\/image\/"}},{"@type":"Person","@id":"https:\/\/new.ahrweilerbc.de\/#\/schema\/person\/bdbb38d43a0d63b77e7ecb3c6afc8f0e","name":"Martin Brand","image":{"@type":"ImageObject","inLanguage":"en-US","@id":"https:\/\/new.ahrweilerbc.de\/#\/schema\/person\/image\/","url":"https:\/\/secure.gravatar.com\/avatar\/?s=96&d=mm&r=g","contentUrl":"https:\/\/secure.gravatar.com\/avatar\/?s=96&d=mm&r=g","caption":"Martin Brand"},"url":"https:\/\/new.ahrweilerbc.de\/en\/author\/martin-brand\/"}]}},"_links":{"self":[{"href":"https:\/\/new.ahrweilerbc.de\/en\/wp-json\/wp\/v2\/posts\/16086","targetHints":{"allow":["GET"]}}],"collection":[{"href":"https:\/\/new.ahrweilerbc.de\/en\/wp-json\/wp\/v2\/posts"}],"about":[{"href":"https:\/\/new.ahrweilerbc.de\/en\/wp-json\/wp\/v2\/types\/post"}],"author":[{"embeddable":true,"href":"https:\/\/new.ahrweilerbc.de\/en\/wp-json\/wp\/v2\/users\/2"}],"replies":[{"embeddable":true,"href":"https:\/\/new.ahrweilerbc.de\/en\/wp-json\/wp\/v2\/comments?post=16086"}],"version-history":[{"count":0,"href":"https:\/\/new.ahrweilerbc.de\/en\/wp-json\/wp\/v2\/posts\/16086\/revisions"}],"wp:featuredmedia":[{"embeddable":true,"href":"https:\/\/new.ahrweilerbc.de\/en\/wp-json\/wp\/v2\/media\/16087"}],"wp:attachment":[{"href":"https:\/\/new.ahrweilerbc.de\/en\/wp-json\/wp\/v2\/media?parent=16086"}],"wp:term":[{"taxonomy":"category","embeddable":true,"href":"https:\/\/new.ahrweilerbc.de\/en\/wp-json\/wp\/v2\/categories?post=16086"},{"taxonomy":"post_tag","embeddable":true,"href":"https:\/\/new.ahrweilerbc.de\/en\/wp-json\/wp\/v2\/tags?post=16086"}],"curies":[{"name":"wp","href":"https:\/\/api.w.org\/{rel}","templated":true}]}}