{"id":16315,"date":"2022-03-04T08:56:13","date_gmt":"2022-03-04T07:56:13","guid":{"rendered":"https:\/\/ahrweilerbc.com\/?p=16315"},"modified":"2022-03-04T08:56:13","modified_gmt":"2022-03-04T07:56:13","slug":"wir-wuenschen-euch-ein-wunder-schoenes-wochen-ende","status":"publish","type":"post","link":"https:\/\/new.ahrweilerbc.de\/en\/allgemein\/wir-wuenschen-euch-ein-wunder-schoenes-wochen-ende\/","title":{"rendered":"++WIR W\u00dcNSCHEN EUCH EIN WUNDER-SCH\u00d6NES WOCHEN-ENDE++"},"content":{"rendered":"<p>Auch wenn es derzeit schwerf\u00e4llt: Genie\u00dft zumindest in eurem Kosmos das Wochenende.<\/p>\n<p>Unsere Nachwuchsteams kehren aus der Winterpause in den Spielbetrieb zur\u00fcck. E I- (Foto),E II-, D- und B II-Junioren starten mit den ersten Punktspielen in die Fr\u00fchjahrssaison.<\/p>\n<p>Auch f\u00fcr die 3. Mannschaft geht im Nachholspiel in Wassenach wieder um Punkte. Und hier noch ein kleiner Ausflugstipp f\u00fcr Sonntagnachmittag: Die 1. Mannschaft spielt ab 15:00 Uhr in Heimersheim gegen den FC Bitburg und kann mit einem Sieg die Tabellenf\u00fchrung in der Rheinlandliga \u00fcbernehmen. Kommt vorbei und unterst\u00fctzt das Team! Nur mit euch schaffen wir den dritten Sieg im dritten Spiel nach der Winterpause.<\/p>\n<p>Weitere Infos auf dieser Seite und unserer Nachwuchsseite:<\/p>\n<p>https:\/\/www.facebook.com\/ahrweilerbc1920<\/p>\n<p>In diesem Sinne w\u00fcnschen wir Euch allen ein sonniges Wochenende und ein wenig Zerstreuung und Ablenkung von den aktuell schrecklichen Ereignissen in der Ukraine.<\/p>","protected":false},"excerpt":{"rendered":"<p>Auch wenn es derzeit schwerf\u00e4llt: Genie\u00dft zumindest in eurem Kosmos das Wochenende. Unsere Nachwuchsteams kehren aus der Winterpause in den Spielbetrieb zur\u00fcck. E I- (Foto),E II-, D- und B II-Junioren starten mit den ersten Punktspielen in die Fr\u00fchjahrssaison. Auch f\u00fcr die 3. Mannschaft geht im Nachholspiel in Wassenach wieder um Punkte. Und hier noch ein [&hellip;]<\/p>","protected":false},"author":2,"featured_media":16316,"comment_status":"closed","ping_status":"open","sticky":false,"template":"","format":"standard","meta":{"footnotes":""},"categories":[18],"tags":[],"class_list":["post-16315","post","type-post","status-publish","format-standard","has-post-thumbnail","hentry","category-allgemein"],"yoast_head":"<!-- This site is optimized with the Yoast SEO plugin v26.1.1 - https:\/\/yoast.com\/wordpress\/plugins\/seo\/ -->\n<title>++WIR W\u00dcNSCHEN EUCH EIN WUNDER-SCH\u00d6NES WOCHEN-ENDE++ - Ahrweiler BC<\/title>\n<meta name=\"robots\" content=\"index, follow, max-snippet:-1, max-image-preview:large, max-video-preview:-1\" \/>\n<link rel=\"canonical\" href=\"https:\/\/new.ahrweilerbc.de\/en\/uncategorized\/wir-wuenschen-euch-ein-wunder-schoenes-wochen-ende\/\" \/>\n<meta property=\"og:locale\" content=\"en_US\" \/>\n<meta property=\"og:type\" content=\"article\" \/>\n<meta property=\"og:title\" content=\"++WIR W\u00dcNSCHEN EUCH EIN WUNDER-SCH\u00d6NES WOCHEN-ENDE++ - Ahrweiler BC\" \/>\n<meta property=\"og:description\" content=\"Auch wenn es derzeit schwerf\u00e4llt: Genie\u00dft zumindest in eurem Kosmos das Wochenende. Unsere Nachwuchsteams kehren aus der Winterpause in den Spielbetrieb zur\u00fcck. E I- (Foto),E II-, D- und B II-Junioren starten mit den ersten Punktspielen in die Fr\u00fchjahrssaison. Auch f\u00fcr die 3. Mannschaft geht im Nachholspiel in Wassenach wieder um Punkte. Und hier noch ein [&hellip;]\" \/>\n<meta property=\"og:url\" content=\"https:\/\/new.ahrweilerbc.de\/en\/uncategorized\/wir-wuenschen-euch-ein-wunder-schoenes-wochen-ende\/\" \/>\n<meta property=\"og:site_name\" content=\"Ahrweiler BC\" \/>\n<meta property=\"article:published_time\" content=\"2022-03-04T07:56:13+00:00\" \/>\n<meta name=\"author\" content=\"Martin Brand\" \/>\n<meta name=\"twitter:card\" content=\"summary_large_image\" \/>\n<meta name=\"twitter:label1\" content=\"Written by\" \/>\n\t<meta name=\"twitter:data1\" content=\"Martin Brand\" \/>\n\t<meta name=\"twitter:label2\" content=\"Est. reading time\" \/>\n\t<meta name=\"twitter:data2\" content=\"1 minute\" \/>\n<script type=\"application\/ld+json\" class=\"yoast-schema-graph\">{\"@context\":\"https:\/\/schema.org\",\"@graph\":[{\"@type\":\"Article\",\"@id\":\"https:\/\/new.ahrweilerbc.de\/uncategorized\/wir-wuenschen-euch-ein-wunder-schoenes-wochen-ende\/#article\",\"isPartOf\":{\"@id\":\"https:\/\/new.ahrweilerbc.de\/uncategorized\/wir-wuenschen-euch-ein-wunder-schoenes-wochen-ende\/\"},\"author\":{\"name\":\"Martin Brand\",\"@id\":\"https:\/\/new.ahrweilerbc.de\/#\/schema\/person\/bdbb38d43a0d63b77e7ecb3c6afc8f0e\"},\"headline\":\"++WIR W\u00dcNSCHEN EUCH EIN WUNDER-SCH\u00d6NES WOCHEN-ENDE++\",\"datePublished\":\"2022-03-04T07:56:13+00:00\",\"mainEntityOfPage\":{\"@id\":\"https:\/\/new.ahrweilerbc.de\/uncategorized\/wir-wuenschen-euch-ein-wunder-schoenes-wochen-ende\/\"},\"wordCount\":155,\"publisher\":{\"@id\":\"https:\/\/new.ahrweilerbc.de\/#organization\"},\"image\":{\"@id\":\"https:\/\/new.ahrweilerbc.de\/uncategorized\/wir-wuenschen-euch-ein-wunder-schoenes-wochen-ende\/#primaryimage\"},\"thumbnailUrl\":\"https:\/\/new.ahrweilerbc.de\/wp-content\/uploads\/2022\/03\/274988711_4929420887134144_4843292530551401799_n.jpg\",\"articleSection\":[\"Allgemein\"],\"inLanguage\":\"en-US\"},{\"@type\":\"WebPage\",\"@id\":\"https:\/\/new.ahrweilerbc.de\/uncategorized\/wir-wuenschen-euch-ein-wunder-schoenes-wochen-ende\/\",\"url\":\"https:\/\/new.ahrweilerbc.de\/uncategorized\/wir-wuenschen-euch-ein-wunder-schoenes-wochen-ende\/\",\"name\":\"++WIR W\u00dcNSCHEN EUCH EIN WUNDER-SCH\u00d6NES WOCHEN-ENDE++ - Ahrweiler BC\",\"isPartOf\":{\"@id\":\"https:\/\/new.ahrweilerbc.de\/#website\"},\"primaryImageOfPage\":{\"@id\":\"https:\/\/new.ahrweilerbc.de\/uncategorized\/wir-wuenschen-euch-ein-wunder-schoenes-wochen-ende\/#primaryimage\"},\"image\":{\"@id\":\"https:\/\/new.ahrweilerbc.de\/uncategorized\/wir-wuenschen-euch-ein-wunder-schoenes-wochen-ende\/#primaryimage\"},\"thumbnailUrl\":\"https:\/\/new.ahrweilerbc.de\/wp-content\/uploads\/2022\/03\/274988711_4929420887134144_4843292530551401799_n.jpg\",\"datePublished\":\"2022-03-04T07:56:13+00:00\",\"breadcrumb\":{\"@id\":\"https:\/\/new.ahrweilerbc.de\/uncategorized\/wir-wuenschen-euch-ein-wunder-schoenes-wochen-ende\/#breadcrumb\"},\"inLanguage\":\"en-US\",\"potentialAction\":[{\"@type\":\"ReadAction\",\"target\":[\"https:\/\/new.ahrweilerbc.de\/uncategorized\/wir-wuenschen-euch-ein-wunder-schoenes-wochen-ende\/\"]}]},{\"@type\":\"ImageObject\",\"inLanguage\":\"en-US\",\"@id\":\"https:\/\/new.ahrweilerbc.de\/uncategorized\/wir-wuenschen-euch-ein-wunder-schoenes-wochen-ende\/#primaryimage\",\"url\":\"https:\/\/new.ahrweilerbc.de\/wp-content\/uploads\/2022\/03\/274988711_4929420887134144_4843292530551401799_n.jpg\",\"contentUrl\":\"https:\/\/new.ahrweilerbc.de\/wp-content\/uploads\/2022\/03\/274988711_4929420887134144_4843292530551401799_n.jpg\",\"width\":980,\"height\":614},{\"@type\":\"BreadcrumbList\",\"@id\":\"https:\/\/new.ahrweilerbc.de\/uncategorized\/wir-wuenschen-euch-ein-wunder-schoenes-wochen-ende\/#breadcrumb\",\"itemListElement\":[{\"@type\":\"ListItem\",\"position\":1,\"name\":\"Startseite\",\"item\":\"https:\/\/new.ahrweilerbc.de\/\"},{\"@type\":\"ListItem\",\"position\":2,\"name\":\"++WIR W\u00dcNSCHEN EUCH EIN WUNDER-SCH\u00d6NES WOCHEN-ENDE++\"}]},{\"@type\":\"WebSite\",\"@id\":\"https:\/\/new.ahrweilerbc.de\/#website\",\"url\":\"https:\/\/new.ahrweilerbc.de\/\",\"name\":\"Ahrweiler BC\",\"description\":\"\",\"publisher\":{\"@id\":\"https:\/\/new.ahrweilerbc.de\/#organization\"},\"potentialAction\":[{\"@type\":\"SearchAction\",\"target\":{\"@type\":\"EntryPoint\",\"urlTemplate\":\"https:\/\/new.ahrweilerbc.de\/?s={search_term_string}\"},\"query-input\":{\"@type\":\"PropertyValueSpecification\",\"valueRequired\":true,\"valueName\":\"search_term_string\"}}],\"inLanguage\":\"en-US\"},{\"@type\":\"Organization\",\"@id\":\"https:\/\/new.ahrweilerbc.de\/#organization\",\"name\":\"Ahrweiler BC\",\"url\":\"https:\/\/new.ahrweilerbc.de\/\",\"logo\":{\"@type\":\"ImageObject\",\"inLanguage\":\"en-US\",\"@id\":\"https:\/\/new.ahrweilerbc.de\/#\/schema\/logo\/image\/\",\"url\":\"https:\/\/new.ahrweilerbc.de\/wp-content\/uploads\/2025\/10\/download.svg\",\"contentUrl\":\"https:\/\/new.ahrweilerbc.de\/wp-content\/uploads\/2025\/10\/download.svg\",\"width\":960,\"height\":960,\"caption\":\"Ahrweiler BC\"},\"image\":{\"@id\":\"https:\/\/new.ahrweilerbc.de\/#\/schema\/logo\/image\/\"}},{\"@type\":\"Person\",\"@id\":\"https:\/\/new.ahrweilerbc.de\/#\/schema\/person\/bdbb38d43a0d63b77e7ecb3c6afc8f0e\",\"name\":\"Martin Brand\",\"image\":{\"@type\":\"ImageObject\",\"inLanguage\":\"en-US\",\"@id\":\"https:\/\/new.ahrweilerbc.de\/#\/schema\/person\/image\/\",\"url\":\"https:\/\/secure.gravatar.com\/avatar\/?s=96&d=mm&r=g\",\"contentUrl\":\"https:\/\/secure.gravatar.com\/avatar\/?s=96&d=mm&r=g\",\"caption\":\"Martin Brand\"},\"url\":\"https:\/\/new.ahrweilerbc.de\/en\/author\/martin-brand\/\"}]}<\/script>\n<!-- \/ Yoast SEO plugin. -->","yoast_head_json":{"title":"++WIR W\u00dcNSCHEN EUCH EIN WUNDER-SCH\u00d6NES WOCHEN-ENDE++ - Ahrweiler BC","robots":{"index":"index","follow":"follow","max-snippet":"max-snippet:-1","max-image-preview":"max-image-preview:large","max-video-preview":"max-video-preview:-1"},"canonical":"https:\/\/new.ahrweilerbc.de\/en\/uncategorized\/wir-wuenschen-euch-ein-wunder-schoenes-wochen-ende\/","og_locale":"en_US","og_type":"article","og_title":"++WIR W\u00dcNSCHEN EUCH EIN WUNDER-SCH\u00d6NES WOCHEN-ENDE++ - Ahrweiler BC","og_description":"Auch wenn es derzeit schwerf\u00e4llt: Genie\u00dft zumindest in eurem Kosmos das Wochenende. Unsere Nachwuchsteams kehren aus der Winterpause in den Spielbetrieb zur\u00fcck. E I- (Foto),E II-, D- und B II-Junioren starten mit den ersten Punktspielen in die Fr\u00fchjahrssaison. Auch f\u00fcr die 3. Mannschaft geht im Nachholspiel in Wassenach wieder um Punkte. Und hier noch ein [&hellip;]","og_url":"https:\/\/new.ahrweilerbc.de\/en\/uncategorized\/wir-wuenschen-euch-ein-wunder-schoenes-wochen-ende\/","og_site_name":"Ahrweiler BC","article_published_time":"2022-03-04T07:56:13+00:00","author":"Martin Brand","twitter_card":"summary_large_image","twitter_misc":{"Written by":"Martin Brand","Est. reading time":"1 minute"},"schema":{"@context":"https:\/\/schema.org","@graph":[{"@type":"Article","@id":"https:\/\/new.ahrweilerbc.de\/uncategorized\/wir-wuenschen-euch-ein-wunder-schoenes-wochen-ende\/#article","isPartOf":{"@id":"https:\/\/new.ahrweilerbc.de\/uncategorized\/wir-wuenschen-euch-ein-wunder-schoenes-wochen-ende\/"},"author":{"name":"Martin Brand","@id":"https:\/\/new.ahrweilerbc.de\/#\/schema\/person\/bdbb38d43a0d63b77e7ecb3c6afc8f0e"},"headline":"++WIR W\u00dcNSCHEN EUCH EIN WUNDER-SCH\u00d6NES WOCHEN-ENDE++","datePublished":"2022-03-04T07:56:13+00:00","mainEntityOfPage":{"@id":"https:\/\/new.ahrweilerbc.de\/uncategorized\/wir-wuenschen-euch-ein-wunder-schoenes-wochen-ende\/"},"wordCount":155,"publisher":{"@id":"https:\/\/new.ahrweilerbc.de\/#organization"},"image":{"@id":"https:\/\/new.ahrweilerbc.de\/uncategorized\/wir-wuenschen-euch-ein-wunder-schoenes-wochen-ende\/#primaryimage"},"thumbnailUrl":"https:\/\/new.ahrweilerbc.de\/wp-content\/uploads\/2022\/03\/274988711_4929420887134144_4843292530551401799_n.jpg","articleSection":["Allgemein"],"inLanguage":"en-US"},{"@type":"WebPage","@id":"https:\/\/new.ahrweilerbc.de\/uncategorized\/wir-wuenschen-euch-ein-wunder-schoenes-wochen-ende\/","url":"https:\/\/new.ahrweilerbc.de\/uncategorized\/wir-wuenschen-euch-ein-wunder-schoenes-wochen-ende\/","name":"++WIR W\u00dcNSCHEN EUCH EIN WUNDER-SCH\u00d6NES WOCHEN-ENDE++ - Ahrweiler BC","isPartOf":{"@id":"https:\/\/new.ahrweilerbc.de\/#website"},"primaryImageOfPage":{"@id":"https:\/\/new.ahrweilerbc.de\/uncategorized\/wir-wuenschen-euch-ein-wunder-schoenes-wochen-ende\/#primaryimage"},"image":{"@id":"https:\/\/new.ahrweilerbc.de\/uncategorized\/wir-wuenschen-euch-ein-wunder-schoenes-wochen-ende\/#primaryimage"},"thumbnailUrl":"https:\/\/new.ahrweilerbc.de\/wp-content\/uploads\/2022\/03\/274988711_4929420887134144_4843292530551401799_n.jpg","datePublished":"2022-03-04T07:56:13+00:00","breadcrumb":{"@id":"https:\/\/new.ahrweilerbc.de\/uncategorized\/wir-wuenschen-euch-ein-wunder-schoenes-wochen-ende\/#breadcrumb"},"inLanguage":"en-US","potentialAction":[{"@type":"ReadAction","target":["https:\/\/new.ahrweilerbc.de\/uncategorized\/wir-wuenschen-euch-ein-wunder-schoenes-wochen-ende\/"]}]},{"@type":"ImageObject","inLanguage":"en-US","@id":"https:\/\/new.ahrweilerbc.de\/uncategorized\/wir-wuenschen-euch-ein-wunder-schoenes-wochen-ende\/#primaryimage","url":"https:\/\/new.ahrweilerbc.de\/wp-content\/uploads\/2022\/03\/274988711_4929420887134144_4843292530551401799_n.jpg","contentUrl":"https:\/\/new.ahrweilerbc.de\/wp-content\/uploads\/2022\/03\/274988711_4929420887134144_4843292530551401799_n.jpg","width":980,"height":614},{"@type":"BreadcrumbList","@id":"https:\/\/new.ahrweilerbc.de\/uncategorized\/wir-wuenschen-euch-ein-wunder-schoenes-wochen-ende\/#breadcrumb","itemListElement":[{"@type":"ListItem","position":1,"name":"Startseite","item":"https:\/\/new.ahrweilerbc.de\/"},{"@type":"ListItem","position":2,"name":"++WIR W\u00dcNSCHEN EUCH EIN WUNDER-SCH\u00d6NES WOCHEN-ENDE++"}]},{"@type":"WebSite","@id":"https:\/\/new.ahrweilerbc.de\/#website","url":"https:\/\/new.ahrweilerbc.de\/","name":"Ahrweiler BC","description":"","publisher":{"@id":"https:\/\/new.ahrweilerbc.de\/#organization"},"potentialAction":[{"@type":"SearchAction","target":{"@type":"EntryPoint","urlTemplate":"https:\/\/new.ahrweilerbc.de\/?s={search_term_string}"},"query-input":{"@type":"PropertyValueSpecification","valueRequired":true,"valueName":"search_term_string"}}],"inLanguage":"en-US"},{"@type":"Organization","@id":"https:\/\/new.ahrweilerbc.de\/#organization","name":"Ahrweiler BC","url":"https:\/\/new.ahrweilerbc.de\/","logo":{"@type":"ImageObject","inLanguage":"en-US","@id":"https:\/\/new.ahrweilerbc.de\/#\/schema\/logo\/image\/","url":"https:\/\/new.ahrweilerbc.de\/wp-content\/uploads\/2025\/10\/download.svg","contentUrl":"https:\/\/new.ahrweilerbc.de\/wp-content\/uploads\/2025\/10\/download.svg","width":960,"height":960,"caption":"Ahrweiler BC"},"image":{"@id":"https:\/\/new.ahrweilerbc.de\/#\/schema\/logo\/image\/"}},{"@type":"Person","@id":"https:\/\/new.ahrweilerbc.de\/#\/schema\/person\/bdbb38d43a0d63b77e7ecb3c6afc8f0e","name":"Martin Brand","image":{"@type":"ImageObject","inLanguage":"en-US","@id":"https:\/\/new.ahrweilerbc.de\/#\/schema\/person\/image\/","url":"https:\/\/secure.gravatar.com\/avatar\/?s=96&d=mm&r=g","contentUrl":"https:\/\/secure.gravatar.com\/avatar\/?s=96&d=mm&r=g","caption":"Martin Brand"},"url":"https:\/\/new.ahrweilerbc.de\/en\/author\/martin-brand\/"}]}},"_links":{"self":[{"href":"https:\/\/new.ahrweilerbc.de\/en\/wp-json\/wp\/v2\/posts\/16315","targetHints":{"allow":["GET"]}}],"collection":[{"href":"https:\/\/new.ahrweilerbc.de\/en\/wp-json\/wp\/v2\/posts"}],"about":[{"href":"https:\/\/new.ahrweilerbc.de\/en\/wp-json\/wp\/v2\/types\/post"}],"author":[{"embeddable":true,"href":"https:\/\/new.ahrweilerbc.de\/en\/wp-json\/wp\/v2\/users\/2"}],"replies":[{"embeddable":true,"href":"https:\/\/new.ahrweilerbc.de\/en\/wp-json\/wp\/v2\/comments?post=16315"}],"version-history":[{"count":0,"href":"https:\/\/new.ahrweilerbc.de\/en\/wp-json\/wp\/v2\/posts\/16315\/revisions"}],"wp:featuredmedia":[{"embeddable":true,"href":"https:\/\/new.ahrweilerbc.de\/en\/wp-json\/wp\/v2\/media\/16316"}],"wp:attachment":[{"href":"https:\/\/new.ahrweilerbc.de\/en\/wp-json\/wp\/v2\/media?parent=16315"}],"wp:term":[{"taxonomy":"category","embeddable":true,"href":"https:\/\/new.ahrweilerbc.de\/en\/wp-json\/wp\/v2\/categories?post=16315"},{"taxonomy":"post_tag","embeddable":true,"href":"https:\/\/new.ahrweilerbc.de\/en\/wp-json\/wp\/v2\/tags?post=16315"}],"curies":[{"name":"wp","href":"https:\/\/api.w.org\/{rel}","templated":true}]}}