{"id":16375,"date":"2022-03-16T14:31:48","date_gmt":"2022-03-16T13:31:48","guid":{"rendered":"https:\/\/ahrweilerbc.com\/?p=16375"},"modified":"2022-03-16T14:31:48","modified_gmt":"2022-03-16T13:31:48","slug":"a-junioren-01-niederlage-im-abstiegskampf","status":"publish","type":"post","link":"https:\/\/new.ahrweilerbc.de\/en\/allgemein\/a-junioren-01-niederlage-im-abstiegskampf\/","title":{"rendered":"++A-JUNIOREN: 0:1-NIEDERLAGE IM ABSTIEGSKAMPF++"},"content":{"rendered":"<p>Nach der 0:1 (0:1)-Niederlage am letzten Samstag stecken die A-Junioren weiterhin mitten im Abstiegskampf. Nach dem ersten Spieltag der Platzierungsstaffel hat das Team gegen\u00fcber dem siebten und zugleich ersten Abstiegsplatz\u00a0 lediglich die bessere Tordifferenz aufzuweisen.<\/p>\n<p>Es war das erwartet harte Kampfspiel gegen TuS Mayen, die einen Traumstart hinlegten und durch einen sch\u00f6nen Kopfballtreffer bereits in der f\u00fcnften Minute in F\u00fchrung gehen konnten. Die insgesamt h\u00f6hepunktarme Partie wurde zumeist zwischen den Strafr\u00e4umen durch einen harten Abnutzungskampf gepr\u00e4gt. In der Folgezeit der ersten H\u00e4lfte verpasste Faruk Tunc eine scharfe Flanke von Felix Burkhardt nur knapp und ein Distanzschuss von Gabriel W\u00fcst verfehlte ebenso knapp sein Ziel. Kurz vor dem Seitenwechsel hatten die G\u00e4ste den zweiten Treffer auf dem Fu\u00df, doch der Torabschluss aus 12 Metern landete neben dem Tor.<\/p>\n<p>Im zweiten Spielabschnitt war der ABC-Nachwuchs bem\u00fcht die Spielkontrolle zu erlangen und es gelang dem Team von Jeffrey Yankey auch mehr Ballbesitz zu generieren, ohne dass dabei Gefahr f\u00fcr das Tor der Mayener entstand. Der gute Spielaufbau aus der Defensive konnte in der gegnerischen H\u00e4lfte zumeist gestoppt werden. Eine klare Torchance ergab sich nicht mehr f\u00fcr die Kreisst\u00e4dter. Lediglich ein 30-Meter-Freisto\u00df von Benjamin Ibrahimovic landete auf dem Querbalken. Kein unverdienter Sieg f\u00fcr die zweikampfstarken und konsequenten G\u00e4ste aus der Eifel.<\/p>\n<p>F\u00fcr den ABC, der somit vier Punktspiele in Folge verloren hat, geht es am Samstag nach Betzdorf zum Tabellenletzten. Das Hinspiel ging mit 3:2 an die Jung-ABCler.<\/p>\n<p>Symbolfoto von Wolfgang Schade:<\/p>\n<p>F\u00fcr Faruk Tunc und die A-Junioren am kommenden Wochenende zum Tabellenletzten nach Betzdorf.<\/p>","protected":false},"excerpt":{"rendered":"<p>Nach der 0:1 (0:1)-Niederlage am letzten Samstag stecken die A-Junioren weiterhin mitten im Abstiegskampf. Nach dem ersten Spieltag der Platzierungsstaffel hat das Team gegen\u00fcber dem siebten und zugleich ersten Abstiegsplatz\u00a0 lediglich die bessere Tordifferenz aufzuweisen. Es war das erwartet harte Kampfspiel gegen TuS Mayen, die einen Traumstart hinlegten und durch einen sch\u00f6nen Kopfballtreffer bereits in [&hellip;]<\/p>","protected":false},"author":2,"featured_media":16376,"comment_status":"closed","ping_status":"open","sticky":false,"template":"","format":"standard","meta":{"footnotes":""},"categories":[18],"tags":[],"class_list":["post-16375","post","type-post","status-publish","format-standard","has-post-thumbnail","hentry","category-allgemein"],"yoast_head":"<!-- This site is optimized with the Yoast SEO plugin v26.1.1 - https:\/\/yoast.com\/wordpress\/plugins\/seo\/ -->\n<title>++A-JUNIOREN: 0:1-NIEDERLAGE IM ABSTIEGSKAMPF++ - Ahrweiler BC<\/title>\n<meta name=\"robots\" content=\"index, follow, max-snippet:-1, max-image-preview:large, max-video-preview:-1\" \/>\n<link rel=\"canonical\" href=\"https:\/\/new.ahrweilerbc.de\/en\/uncategorized\/a-junioren-01-niederlage-im-abstiegskampf\/\" \/>\n<meta property=\"og:locale\" content=\"en_US\" \/>\n<meta property=\"og:type\" content=\"article\" \/>\n<meta property=\"og:title\" content=\"++A-JUNIOREN: 0:1-NIEDERLAGE IM ABSTIEGSKAMPF++ - Ahrweiler BC\" \/>\n<meta property=\"og:description\" content=\"Nach der 0:1 (0:1)-Niederlage am letzten Samstag stecken die A-Junioren weiterhin mitten im Abstiegskampf. Nach dem ersten Spieltag der Platzierungsstaffel hat das Team gegen\u00fcber dem siebten und zugleich ersten Abstiegsplatz\u00a0 lediglich die bessere Tordifferenz aufzuweisen. Es war das erwartet harte Kampfspiel gegen TuS Mayen, die einen Traumstart hinlegten und durch einen sch\u00f6nen Kopfballtreffer bereits in [&hellip;]\" \/>\n<meta property=\"og:url\" content=\"https:\/\/new.ahrweilerbc.de\/en\/uncategorized\/a-junioren-01-niederlage-im-abstiegskampf\/\" \/>\n<meta property=\"og:site_name\" content=\"Ahrweiler BC\" \/>\n<meta property=\"article:published_time\" content=\"2022-03-16T13:31:48+00:00\" \/>\n<meta name=\"author\" content=\"Martin Brand\" \/>\n<meta name=\"twitter:card\" content=\"summary_large_image\" \/>\n<meta name=\"twitter:label1\" content=\"Written by\" \/>\n\t<meta name=\"twitter:data1\" content=\"Martin Brand\" \/>\n\t<meta name=\"twitter:label2\" content=\"Est. reading time\" \/>\n\t<meta name=\"twitter:data2\" content=\"1 minute\" \/>\n<script type=\"application\/ld+json\" class=\"yoast-schema-graph\">{\"@context\":\"https:\/\/schema.org\",\"@graph\":[{\"@type\":\"Article\",\"@id\":\"https:\/\/new.ahrweilerbc.de\/uncategorized\/a-junioren-01-niederlage-im-abstiegskampf\/#article\",\"isPartOf\":{\"@id\":\"https:\/\/new.ahrweilerbc.de\/uncategorized\/a-junioren-01-niederlage-im-abstiegskampf\/\"},\"author\":{\"name\":\"Martin Brand\",\"@id\":\"https:\/\/new.ahrweilerbc.de\/#\/schema\/person\/bdbb38d43a0d63b77e7ecb3c6afc8f0e\"},\"headline\":\"++A-JUNIOREN: 0:1-NIEDERLAGE IM ABSTIEGSKAMPF++\",\"datePublished\":\"2022-03-16T13:31:48+00:00\",\"mainEntityOfPage\":{\"@id\":\"https:\/\/new.ahrweilerbc.de\/uncategorized\/a-junioren-01-niederlage-im-abstiegskampf\/\"},\"wordCount\":271,\"publisher\":{\"@id\":\"https:\/\/new.ahrweilerbc.de\/#organization\"},\"image\":{\"@id\":\"https:\/\/new.ahrweilerbc.de\/uncategorized\/a-junioren-01-niederlage-im-abstiegskampf\/#primaryimage\"},\"thumbnailUrl\":\"https:\/\/new.ahrweilerbc.de\/wp-content\/uploads\/2022\/03\/DSC_2208.jpg\",\"articleSection\":[\"Allgemein\"],\"inLanguage\":\"en-US\"},{\"@type\":\"WebPage\",\"@id\":\"https:\/\/new.ahrweilerbc.de\/uncategorized\/a-junioren-01-niederlage-im-abstiegskampf\/\",\"url\":\"https:\/\/new.ahrweilerbc.de\/uncategorized\/a-junioren-01-niederlage-im-abstiegskampf\/\",\"name\":\"++A-JUNIOREN: 0:1-NIEDERLAGE IM ABSTIEGSKAMPF++ - Ahrweiler BC\",\"isPartOf\":{\"@id\":\"https:\/\/new.ahrweilerbc.de\/#website\"},\"primaryImageOfPage\":{\"@id\":\"https:\/\/new.ahrweilerbc.de\/uncategorized\/a-junioren-01-niederlage-im-abstiegskampf\/#primaryimage\"},\"image\":{\"@id\":\"https:\/\/new.ahrweilerbc.de\/uncategorized\/a-junioren-01-niederlage-im-abstiegskampf\/#primaryimage\"},\"thumbnailUrl\":\"https:\/\/new.ahrweilerbc.de\/wp-content\/uploads\/2022\/03\/DSC_2208.jpg\",\"datePublished\":\"2022-03-16T13:31:48+00:00\",\"breadcrumb\":{\"@id\":\"https:\/\/new.ahrweilerbc.de\/uncategorized\/a-junioren-01-niederlage-im-abstiegskampf\/#breadcrumb\"},\"inLanguage\":\"en-US\",\"potentialAction\":[{\"@type\":\"ReadAction\",\"target\":[\"https:\/\/new.ahrweilerbc.de\/uncategorized\/a-junioren-01-niederlage-im-abstiegskampf\/\"]}]},{\"@type\":\"ImageObject\",\"inLanguage\":\"en-US\",\"@id\":\"https:\/\/new.ahrweilerbc.de\/uncategorized\/a-junioren-01-niederlage-im-abstiegskampf\/#primaryimage\",\"url\":\"https:\/\/new.ahrweilerbc.de\/wp-content\/uploads\/2022\/03\/DSC_2208.jpg\",\"contentUrl\":\"https:\/\/new.ahrweilerbc.de\/wp-content\/uploads\/2022\/03\/DSC_2208.jpg\",\"width\":1816,\"height\":1143,\"caption\":\"????????????????????????????????????\"},{\"@type\":\"BreadcrumbList\",\"@id\":\"https:\/\/new.ahrweilerbc.de\/uncategorized\/a-junioren-01-niederlage-im-abstiegskampf\/#breadcrumb\",\"itemListElement\":[{\"@type\":\"ListItem\",\"position\":1,\"name\":\"Startseite\",\"item\":\"https:\/\/new.ahrweilerbc.de\/\"},{\"@type\":\"ListItem\",\"position\":2,\"name\":\"++A-JUNIOREN: 0:1-NIEDERLAGE IM ABSTIEGSKAMPF++\"}]},{\"@type\":\"WebSite\",\"@id\":\"https:\/\/new.ahrweilerbc.de\/#website\",\"url\":\"https:\/\/new.ahrweilerbc.de\/\",\"name\":\"Ahrweiler BC\",\"description\":\"\",\"publisher\":{\"@id\":\"https:\/\/new.ahrweilerbc.de\/#organization\"},\"potentialAction\":[{\"@type\":\"SearchAction\",\"target\":{\"@type\":\"EntryPoint\",\"urlTemplate\":\"https:\/\/new.ahrweilerbc.de\/?s={search_term_string}\"},\"query-input\":{\"@type\":\"PropertyValueSpecification\",\"valueRequired\":true,\"valueName\":\"search_term_string\"}}],\"inLanguage\":\"en-US\"},{\"@type\":\"Organization\",\"@id\":\"https:\/\/new.ahrweilerbc.de\/#organization\",\"name\":\"Ahrweiler BC\",\"url\":\"https:\/\/new.ahrweilerbc.de\/\",\"logo\":{\"@type\":\"ImageObject\",\"inLanguage\":\"en-US\",\"@id\":\"https:\/\/new.ahrweilerbc.de\/#\/schema\/logo\/image\/\",\"url\":\"https:\/\/new.ahrweilerbc.de\/wp-content\/uploads\/2025\/10\/download.svg\",\"contentUrl\":\"https:\/\/new.ahrweilerbc.de\/wp-content\/uploads\/2025\/10\/download.svg\",\"width\":960,\"height\":960,\"caption\":\"Ahrweiler BC\"},\"image\":{\"@id\":\"https:\/\/new.ahrweilerbc.de\/#\/schema\/logo\/image\/\"}},{\"@type\":\"Person\",\"@id\":\"https:\/\/new.ahrweilerbc.de\/#\/schema\/person\/bdbb38d43a0d63b77e7ecb3c6afc8f0e\",\"name\":\"Martin Brand\",\"image\":{\"@type\":\"ImageObject\",\"inLanguage\":\"en-US\",\"@id\":\"https:\/\/new.ahrweilerbc.de\/#\/schema\/person\/image\/\",\"url\":\"https:\/\/secure.gravatar.com\/avatar\/?s=96&d=mm&r=g\",\"contentUrl\":\"https:\/\/secure.gravatar.com\/avatar\/?s=96&d=mm&r=g\",\"caption\":\"Martin Brand\"},\"url\":\"https:\/\/new.ahrweilerbc.de\/en\/author\/martin-brand\/\"}]}<\/script>\n<!-- \/ Yoast SEO plugin. -->","yoast_head_json":{"title":"++A-JUNIOREN: 0:1-NIEDERLAGE IM ABSTIEGSKAMPF++ - Ahrweiler BC","robots":{"index":"index","follow":"follow","max-snippet":"max-snippet:-1","max-image-preview":"max-image-preview:large","max-video-preview":"max-video-preview:-1"},"canonical":"https:\/\/new.ahrweilerbc.de\/en\/uncategorized\/a-junioren-01-niederlage-im-abstiegskampf\/","og_locale":"en_US","og_type":"article","og_title":"++A-JUNIOREN: 0:1-NIEDERLAGE IM ABSTIEGSKAMPF++ - Ahrweiler BC","og_description":"Nach der 0:1 (0:1)-Niederlage am letzten Samstag stecken die A-Junioren weiterhin mitten im Abstiegskampf. Nach dem ersten Spieltag der Platzierungsstaffel hat das Team gegen\u00fcber dem siebten und zugleich ersten Abstiegsplatz\u00a0 lediglich die bessere Tordifferenz aufzuweisen. Es war das erwartet harte Kampfspiel gegen TuS Mayen, die einen Traumstart hinlegten und durch einen sch\u00f6nen Kopfballtreffer bereits in [&hellip;]","og_url":"https:\/\/new.ahrweilerbc.de\/en\/uncategorized\/a-junioren-01-niederlage-im-abstiegskampf\/","og_site_name":"Ahrweiler BC","article_published_time":"2022-03-16T13:31:48+00:00","author":"Martin Brand","twitter_card":"summary_large_image","twitter_misc":{"Written by":"Martin Brand","Est. reading time":"1 minute"},"schema":{"@context":"https:\/\/schema.org","@graph":[{"@type":"Article","@id":"https:\/\/new.ahrweilerbc.de\/uncategorized\/a-junioren-01-niederlage-im-abstiegskampf\/#article","isPartOf":{"@id":"https:\/\/new.ahrweilerbc.de\/uncategorized\/a-junioren-01-niederlage-im-abstiegskampf\/"},"author":{"name":"Martin Brand","@id":"https:\/\/new.ahrweilerbc.de\/#\/schema\/person\/bdbb38d43a0d63b77e7ecb3c6afc8f0e"},"headline":"++A-JUNIOREN: 0:1-NIEDERLAGE IM ABSTIEGSKAMPF++","datePublished":"2022-03-16T13:31:48+00:00","mainEntityOfPage":{"@id":"https:\/\/new.ahrweilerbc.de\/uncategorized\/a-junioren-01-niederlage-im-abstiegskampf\/"},"wordCount":271,"publisher":{"@id":"https:\/\/new.ahrweilerbc.de\/#organization"},"image":{"@id":"https:\/\/new.ahrweilerbc.de\/uncategorized\/a-junioren-01-niederlage-im-abstiegskampf\/#primaryimage"},"thumbnailUrl":"https:\/\/new.ahrweilerbc.de\/wp-content\/uploads\/2022\/03\/DSC_2208.jpg","articleSection":["Allgemein"],"inLanguage":"en-US"},{"@type":"WebPage","@id":"https:\/\/new.ahrweilerbc.de\/uncategorized\/a-junioren-01-niederlage-im-abstiegskampf\/","url":"https:\/\/new.ahrweilerbc.de\/uncategorized\/a-junioren-01-niederlage-im-abstiegskampf\/","name":"++A-JUNIOREN: 0:1-NIEDERLAGE IM ABSTIEGSKAMPF++ - Ahrweiler BC","isPartOf":{"@id":"https:\/\/new.ahrweilerbc.de\/#website"},"primaryImageOfPage":{"@id":"https:\/\/new.ahrweilerbc.de\/uncategorized\/a-junioren-01-niederlage-im-abstiegskampf\/#primaryimage"},"image":{"@id":"https:\/\/new.ahrweilerbc.de\/uncategorized\/a-junioren-01-niederlage-im-abstiegskampf\/#primaryimage"},"thumbnailUrl":"https:\/\/new.ahrweilerbc.de\/wp-content\/uploads\/2022\/03\/DSC_2208.jpg","datePublished":"2022-03-16T13:31:48+00:00","breadcrumb":{"@id":"https:\/\/new.ahrweilerbc.de\/uncategorized\/a-junioren-01-niederlage-im-abstiegskampf\/#breadcrumb"},"inLanguage":"en-US","potentialAction":[{"@type":"ReadAction","target":["https:\/\/new.ahrweilerbc.de\/uncategorized\/a-junioren-01-niederlage-im-abstiegskampf\/"]}]},{"@type":"ImageObject","inLanguage":"en-US","@id":"https:\/\/new.ahrweilerbc.de\/uncategorized\/a-junioren-01-niederlage-im-abstiegskampf\/#primaryimage","url":"https:\/\/new.ahrweilerbc.de\/wp-content\/uploads\/2022\/03\/DSC_2208.jpg","contentUrl":"https:\/\/new.ahrweilerbc.de\/wp-content\/uploads\/2022\/03\/DSC_2208.jpg","width":1816,"height":1143,"caption":"????????????????????????????????????"},{"@type":"BreadcrumbList","@id":"https:\/\/new.ahrweilerbc.de\/uncategorized\/a-junioren-01-niederlage-im-abstiegskampf\/#breadcrumb","itemListElement":[{"@type":"ListItem","position":1,"name":"Startseite","item":"https:\/\/new.ahrweilerbc.de\/"},{"@type":"ListItem","position":2,"name":"++A-JUNIOREN: 0:1-NIEDERLAGE IM ABSTIEGSKAMPF++"}]},{"@type":"WebSite","@id":"https:\/\/new.ahrweilerbc.de\/#website","url":"https:\/\/new.ahrweilerbc.de\/","name":"Ahrweiler BC","description":"","publisher":{"@id":"https:\/\/new.ahrweilerbc.de\/#organization"},"potentialAction":[{"@type":"SearchAction","target":{"@type":"EntryPoint","urlTemplate":"https:\/\/new.ahrweilerbc.de\/?s={search_term_string}"},"query-input":{"@type":"PropertyValueSpecification","valueRequired":true,"valueName":"search_term_string"}}],"inLanguage":"en-US"},{"@type":"Organization","@id":"https:\/\/new.ahrweilerbc.de\/#organization","name":"Ahrweiler BC","url":"https:\/\/new.ahrweilerbc.de\/","logo":{"@type":"ImageObject","inLanguage":"en-US","@id":"https:\/\/new.ahrweilerbc.de\/#\/schema\/logo\/image\/","url":"https:\/\/new.ahrweilerbc.de\/wp-content\/uploads\/2025\/10\/download.svg","contentUrl":"https:\/\/new.ahrweilerbc.de\/wp-content\/uploads\/2025\/10\/download.svg","width":960,"height":960,"caption":"Ahrweiler BC"},"image":{"@id":"https:\/\/new.ahrweilerbc.de\/#\/schema\/logo\/image\/"}},{"@type":"Person","@id":"https:\/\/new.ahrweilerbc.de\/#\/schema\/person\/bdbb38d43a0d63b77e7ecb3c6afc8f0e","name":"Martin Brand","image":{"@type":"ImageObject","inLanguage":"en-US","@id":"https:\/\/new.ahrweilerbc.de\/#\/schema\/person\/image\/","url":"https:\/\/secure.gravatar.com\/avatar\/?s=96&d=mm&r=g","contentUrl":"https:\/\/secure.gravatar.com\/avatar\/?s=96&d=mm&r=g","caption":"Martin Brand"},"url":"https:\/\/new.ahrweilerbc.de\/en\/author\/martin-brand\/"}]}},"_links":{"self":[{"href":"https:\/\/new.ahrweilerbc.de\/en\/wp-json\/wp\/v2\/posts\/16375","targetHints":{"allow":["GET"]}}],"collection":[{"href":"https:\/\/new.ahrweilerbc.de\/en\/wp-json\/wp\/v2\/posts"}],"about":[{"href":"https:\/\/new.ahrweilerbc.de\/en\/wp-json\/wp\/v2\/types\/post"}],"author":[{"embeddable":true,"href":"https:\/\/new.ahrweilerbc.de\/en\/wp-json\/wp\/v2\/users\/2"}],"replies":[{"embeddable":true,"href":"https:\/\/new.ahrweilerbc.de\/en\/wp-json\/wp\/v2\/comments?post=16375"}],"version-history":[{"count":0,"href":"https:\/\/new.ahrweilerbc.de\/en\/wp-json\/wp\/v2\/posts\/16375\/revisions"}],"wp:featuredmedia":[{"embeddable":true,"href":"https:\/\/new.ahrweilerbc.de\/en\/wp-json\/wp\/v2\/media\/16376"}],"wp:attachment":[{"href":"https:\/\/new.ahrweilerbc.de\/en\/wp-json\/wp\/v2\/media?parent=16375"}],"wp:term":[{"taxonomy":"category","embeddable":true,"href":"https:\/\/new.ahrweilerbc.de\/en\/wp-json\/wp\/v2\/categories?post=16375"},{"taxonomy":"post_tag","embeddable":true,"href":"https:\/\/new.ahrweilerbc.de\/en\/wp-json\/wp\/v2\/tags?post=16375"}],"curies":[{"name":"wp","href":"https:\/\/api.w.org\/{rel}","templated":true}]}}