{"id":16405,"date":"2022-03-22T08:49:44","date_gmt":"2022-03-22T07:49:44","guid":{"rendered":"https:\/\/ahrweilerbc.com\/?p=16405"},"modified":"2022-03-22T08:49:44","modified_gmt":"2022-03-22T07:49:44","slug":"e-junioren-des-ahrweiler-bc-beim-bundesliga-spiel-in-mainz","status":"publish","type":"post","link":"https:\/\/new.ahrweilerbc.de\/en\/allgemein\/e-junioren-des-ahrweiler-bc-beim-bundesliga-spiel-in-mainz\/","title":{"rendered":"++E-JUNIOREN DES AHRWEILER BC BEIM BUNDESLIGA-SPIEL IN MAINZ++"},"content":{"rendered":"<p>Was mit vier freien Pl\u00e4tzen begann, endete mit \u00fcber 50 Teilnehmern.\u00a0 Michael Sch\u00e4ble aus Hennef vermittelte eine Einladung der Firma Sch\u00fcnke Bauzentrum Rhein Main GmbH zum Spiel der Fu\u00dfballbundesliga zwischen dem FSV Mainz 05 und Arminia Bielefeld. \u00a0Sch\u00e4ble oragnisierte und koordinierte alles rund um die Veranstaltung, so auch den Transport via Reisebus. Auch andere Vereine sollten an diesem Event teilnehmen sagten aber leider kurzfristig ab bzw. erst gar nicht zu. Beim Ahrweiler BC haben zahlreiche E-Junioren samt Elternteile das Angebot gerne angenommen und einen wundersch\u00f6nen und gemeinsamen Nachmittag in der Mainzer MEWA ARENA verbracht. Neben der kostenfreien Busfahrt sowie der Eintrittskarte gab es vor Ort auch noch einen Verzehrgutschein in H\u00f6he von 10,00\u20ac. Am Ende gab es f\u00fcr jeden einzelnen der Nachwuchskicker auch noch einen 05er-Fanschal, welche kurzfristig noch von einem privaten Spender im Fanshop erworben wurden. ABC-Jugendleiter Gerd Treffer: \u201eEs war ein toller Nachmittag f\u00fcr \u00fcber 30 unserer Kids sowie die mitgereisten Eltern. Es muss auch mal erw\u00e4hnt werden, wie nett und gastfreundlich sich der FSV Mainz 05 jedes Mal pr\u00e4sentiert. Da k\u00f6nnten sich einige, wom\u00f6glich alle anderen Bundesligavereine eine Scheibe von abschneiden. Es war insgesamt ein toller Tag. Vielen Dank an alle, die uns das erm\u00f6glichten.\u201c<\/p>","protected":false},"excerpt":{"rendered":"<p>Was mit vier freien Pl\u00e4tzen begann, endete mit \u00fcber 50 Teilnehmern.\u00a0 Michael Sch\u00e4ble aus Hennef vermittelte eine Einladung der Firma Sch\u00fcnke Bauzentrum Rhein Main GmbH zum Spiel der Fu\u00dfballbundesliga zwischen dem FSV Mainz 05 und Arminia Bielefeld. \u00a0Sch\u00e4ble oragnisierte und koordinierte alles rund um die Veranstaltung, so auch den Transport via Reisebus. Auch andere Vereine [&hellip;]<\/p>","protected":false},"author":2,"featured_media":16406,"comment_status":"closed","ping_status":"open","sticky":false,"template":"","format":"standard","meta":{"footnotes":""},"categories":[18],"tags":[],"class_list":["post-16405","post","type-post","status-publish","format-standard","has-post-thumbnail","hentry","category-allgemein"],"yoast_head":"<!-- This site is optimized with the Yoast SEO plugin v26.1.1 - https:\/\/yoast.com\/wordpress\/plugins\/seo\/ -->\n<title>++E-JUNIOREN DES AHRWEILER BC BEIM BUNDESLIGA-SPIEL IN MAINZ++ - Ahrweiler BC<\/title>\n<meta name=\"robots\" content=\"index, follow, max-snippet:-1, max-image-preview:large, max-video-preview:-1\" \/>\n<link rel=\"canonical\" href=\"https:\/\/new.ahrweilerbc.de\/en\/uncategorized\/e-junioren-des-ahrweiler-bc-beim-bundesliga-spiel-in-mainz\/\" \/>\n<meta property=\"og:locale\" content=\"en_US\" \/>\n<meta property=\"og:type\" content=\"article\" \/>\n<meta property=\"og:title\" content=\"++E-JUNIOREN DES AHRWEILER BC BEIM BUNDESLIGA-SPIEL IN MAINZ++ - Ahrweiler BC\" \/>\n<meta property=\"og:description\" content=\"Was mit vier freien Pl\u00e4tzen begann, endete mit \u00fcber 50 Teilnehmern.\u00a0 Michael Sch\u00e4ble aus Hennef vermittelte eine Einladung der Firma Sch\u00fcnke Bauzentrum Rhein Main GmbH zum Spiel der Fu\u00dfballbundesliga zwischen dem FSV Mainz 05 und Arminia Bielefeld. \u00a0Sch\u00e4ble oragnisierte und koordinierte alles rund um die Veranstaltung, so auch den Transport via Reisebus. Auch andere Vereine [&hellip;]\" \/>\n<meta property=\"og:url\" content=\"https:\/\/new.ahrweilerbc.de\/en\/uncategorized\/e-junioren-des-ahrweiler-bc-beim-bundesliga-spiel-in-mainz\/\" \/>\n<meta property=\"og:site_name\" content=\"Ahrweiler BC\" \/>\n<meta property=\"article:published_time\" content=\"2022-03-22T07:49:44+00:00\" \/>\n<meta name=\"author\" content=\"Martin Brand\" \/>\n<meta name=\"twitter:card\" content=\"summary_large_image\" \/>\n<meta name=\"twitter:label1\" content=\"Written by\" \/>\n\t<meta name=\"twitter:data1\" content=\"Martin Brand\" \/>\n\t<meta name=\"twitter:label2\" content=\"Est. reading time\" \/>\n\t<meta name=\"twitter:data2\" content=\"1 minute\" \/>\n<script type=\"application\/ld+json\" class=\"yoast-schema-graph\">{\"@context\":\"https:\/\/schema.org\",\"@graph\":[{\"@type\":\"Article\",\"@id\":\"https:\/\/new.ahrweilerbc.de\/uncategorized\/e-junioren-des-ahrweiler-bc-beim-bundesliga-spiel-in-mainz\/#article\",\"isPartOf\":{\"@id\":\"https:\/\/new.ahrweilerbc.de\/uncategorized\/e-junioren-des-ahrweiler-bc-beim-bundesliga-spiel-in-mainz\/\"},\"author\":{\"name\":\"Martin Brand\",\"@id\":\"https:\/\/new.ahrweilerbc.de\/#\/schema\/person\/bdbb38d43a0d63b77e7ecb3c6afc8f0e\"},\"headline\":\"++E-JUNIOREN DES AHRWEILER BC BEIM BUNDESLIGA-SPIEL IN MAINZ++\",\"datePublished\":\"2022-03-22T07:49:44+00:00\",\"mainEntityOfPage\":{\"@id\":\"https:\/\/new.ahrweilerbc.de\/uncategorized\/e-junioren-des-ahrweiler-bc-beim-bundesliga-spiel-in-mainz\/\"},\"wordCount\":215,\"publisher\":{\"@id\":\"https:\/\/new.ahrweilerbc.de\/#organization\"},\"image\":{\"@id\":\"https:\/\/new.ahrweilerbc.de\/uncategorized\/e-junioren-des-ahrweiler-bc-beim-bundesliga-spiel-in-mainz\/#primaryimage\"},\"thumbnailUrl\":\"https:\/\/new.ahrweilerbc.de\/wp-content\/uploads\/2022\/03\/E.jpg\",\"articleSection\":[\"Allgemein\"],\"inLanguage\":\"en-US\"},{\"@type\":\"WebPage\",\"@id\":\"https:\/\/new.ahrweilerbc.de\/uncategorized\/e-junioren-des-ahrweiler-bc-beim-bundesliga-spiel-in-mainz\/\",\"url\":\"https:\/\/new.ahrweilerbc.de\/uncategorized\/e-junioren-des-ahrweiler-bc-beim-bundesliga-spiel-in-mainz\/\",\"name\":\"++E-JUNIOREN DES AHRWEILER BC BEIM BUNDESLIGA-SPIEL IN MAINZ++ - Ahrweiler BC\",\"isPartOf\":{\"@id\":\"https:\/\/new.ahrweilerbc.de\/#website\"},\"primaryImageOfPage\":{\"@id\":\"https:\/\/new.ahrweilerbc.de\/uncategorized\/e-junioren-des-ahrweiler-bc-beim-bundesliga-spiel-in-mainz\/#primaryimage\"},\"image\":{\"@id\":\"https:\/\/new.ahrweilerbc.de\/uncategorized\/e-junioren-des-ahrweiler-bc-beim-bundesliga-spiel-in-mainz\/#primaryimage\"},\"thumbnailUrl\":\"https:\/\/new.ahrweilerbc.de\/wp-content\/uploads\/2022\/03\/E.jpg\",\"datePublished\":\"2022-03-22T07:49:44+00:00\",\"breadcrumb\":{\"@id\":\"https:\/\/new.ahrweilerbc.de\/uncategorized\/e-junioren-des-ahrweiler-bc-beim-bundesliga-spiel-in-mainz\/#breadcrumb\"},\"inLanguage\":\"en-US\",\"potentialAction\":[{\"@type\":\"ReadAction\",\"target\":[\"https:\/\/new.ahrweilerbc.de\/uncategorized\/e-junioren-des-ahrweiler-bc-beim-bundesliga-spiel-in-mainz\/\"]}]},{\"@type\":\"ImageObject\",\"inLanguage\":\"en-US\",\"@id\":\"https:\/\/new.ahrweilerbc.de\/uncategorized\/e-junioren-des-ahrweiler-bc-beim-bundesliga-spiel-in-mainz\/#primaryimage\",\"url\":\"https:\/\/new.ahrweilerbc.de\/wp-content\/uploads\/2022\/03\/E.jpg\",\"contentUrl\":\"https:\/\/new.ahrweilerbc.de\/wp-content\/uploads\/2022\/03\/E.jpg\",\"width\":1280,\"height\":722},{\"@type\":\"BreadcrumbList\",\"@id\":\"https:\/\/new.ahrweilerbc.de\/uncategorized\/e-junioren-des-ahrweiler-bc-beim-bundesliga-spiel-in-mainz\/#breadcrumb\",\"itemListElement\":[{\"@type\":\"ListItem\",\"position\":1,\"name\":\"Startseite\",\"item\":\"https:\/\/new.ahrweilerbc.de\/\"},{\"@type\":\"ListItem\",\"position\":2,\"name\":\"++E-JUNIOREN DES AHRWEILER BC BEIM BUNDESLIGA-SPIEL IN MAINZ++\"}]},{\"@type\":\"WebSite\",\"@id\":\"https:\/\/new.ahrweilerbc.de\/#website\",\"url\":\"https:\/\/new.ahrweilerbc.de\/\",\"name\":\"Ahrweiler BC\",\"description\":\"\",\"publisher\":{\"@id\":\"https:\/\/new.ahrweilerbc.de\/#organization\"},\"potentialAction\":[{\"@type\":\"SearchAction\",\"target\":{\"@type\":\"EntryPoint\",\"urlTemplate\":\"https:\/\/new.ahrweilerbc.de\/?s={search_term_string}\"},\"query-input\":{\"@type\":\"PropertyValueSpecification\",\"valueRequired\":true,\"valueName\":\"search_term_string\"}}],\"inLanguage\":\"en-US\"},{\"@type\":\"Organization\",\"@id\":\"https:\/\/new.ahrweilerbc.de\/#organization\",\"name\":\"Ahrweiler BC\",\"url\":\"https:\/\/new.ahrweilerbc.de\/\",\"logo\":{\"@type\":\"ImageObject\",\"inLanguage\":\"en-US\",\"@id\":\"https:\/\/new.ahrweilerbc.de\/#\/schema\/logo\/image\/\",\"url\":\"https:\/\/new.ahrweilerbc.de\/wp-content\/uploads\/2025\/10\/download.svg\",\"contentUrl\":\"https:\/\/new.ahrweilerbc.de\/wp-content\/uploads\/2025\/10\/download.svg\",\"width\":960,\"height\":960,\"caption\":\"Ahrweiler BC\"},\"image\":{\"@id\":\"https:\/\/new.ahrweilerbc.de\/#\/schema\/logo\/image\/\"}},{\"@type\":\"Person\",\"@id\":\"https:\/\/new.ahrweilerbc.de\/#\/schema\/person\/bdbb38d43a0d63b77e7ecb3c6afc8f0e\",\"name\":\"Martin Brand\",\"image\":{\"@type\":\"ImageObject\",\"inLanguage\":\"en-US\",\"@id\":\"https:\/\/new.ahrweilerbc.de\/#\/schema\/person\/image\/\",\"url\":\"https:\/\/secure.gravatar.com\/avatar\/?s=96&d=mm&r=g\",\"contentUrl\":\"https:\/\/secure.gravatar.com\/avatar\/?s=96&d=mm&r=g\",\"caption\":\"Martin Brand\"},\"url\":\"https:\/\/new.ahrweilerbc.de\/en\/author\/martin-brand\/\"}]}<\/script>\n<!-- \/ Yoast SEO plugin. -->","yoast_head_json":{"title":"++E-JUNIOREN DES AHRWEILER BC BEIM BUNDESLIGA-SPIEL IN MAINZ++ - Ahrweiler BC","robots":{"index":"index","follow":"follow","max-snippet":"max-snippet:-1","max-image-preview":"max-image-preview:large","max-video-preview":"max-video-preview:-1"},"canonical":"https:\/\/new.ahrweilerbc.de\/en\/uncategorized\/e-junioren-des-ahrweiler-bc-beim-bundesliga-spiel-in-mainz\/","og_locale":"en_US","og_type":"article","og_title":"++E-JUNIOREN DES AHRWEILER BC BEIM BUNDESLIGA-SPIEL IN MAINZ++ - Ahrweiler BC","og_description":"Was mit vier freien Pl\u00e4tzen begann, endete mit \u00fcber 50 Teilnehmern.\u00a0 Michael Sch\u00e4ble aus Hennef vermittelte eine Einladung der Firma Sch\u00fcnke Bauzentrum Rhein Main GmbH zum Spiel der Fu\u00dfballbundesliga zwischen dem FSV Mainz 05 und Arminia Bielefeld. \u00a0Sch\u00e4ble oragnisierte und koordinierte alles rund um die Veranstaltung, so auch den Transport via Reisebus. Auch andere Vereine [&hellip;]","og_url":"https:\/\/new.ahrweilerbc.de\/en\/uncategorized\/e-junioren-des-ahrweiler-bc-beim-bundesliga-spiel-in-mainz\/","og_site_name":"Ahrweiler BC","article_published_time":"2022-03-22T07:49:44+00:00","author":"Martin Brand","twitter_card":"summary_large_image","twitter_misc":{"Written by":"Martin Brand","Est. reading time":"1 minute"},"schema":{"@context":"https:\/\/schema.org","@graph":[{"@type":"Article","@id":"https:\/\/new.ahrweilerbc.de\/uncategorized\/e-junioren-des-ahrweiler-bc-beim-bundesliga-spiel-in-mainz\/#article","isPartOf":{"@id":"https:\/\/new.ahrweilerbc.de\/uncategorized\/e-junioren-des-ahrweiler-bc-beim-bundesliga-spiel-in-mainz\/"},"author":{"name":"Martin Brand","@id":"https:\/\/new.ahrweilerbc.de\/#\/schema\/person\/bdbb38d43a0d63b77e7ecb3c6afc8f0e"},"headline":"++E-JUNIOREN DES AHRWEILER BC BEIM BUNDESLIGA-SPIEL IN MAINZ++","datePublished":"2022-03-22T07:49:44+00:00","mainEntityOfPage":{"@id":"https:\/\/new.ahrweilerbc.de\/uncategorized\/e-junioren-des-ahrweiler-bc-beim-bundesliga-spiel-in-mainz\/"},"wordCount":215,"publisher":{"@id":"https:\/\/new.ahrweilerbc.de\/#organization"},"image":{"@id":"https:\/\/new.ahrweilerbc.de\/uncategorized\/e-junioren-des-ahrweiler-bc-beim-bundesliga-spiel-in-mainz\/#primaryimage"},"thumbnailUrl":"https:\/\/new.ahrweilerbc.de\/wp-content\/uploads\/2022\/03\/E.jpg","articleSection":["Allgemein"],"inLanguage":"en-US"},{"@type":"WebPage","@id":"https:\/\/new.ahrweilerbc.de\/uncategorized\/e-junioren-des-ahrweiler-bc-beim-bundesliga-spiel-in-mainz\/","url":"https:\/\/new.ahrweilerbc.de\/uncategorized\/e-junioren-des-ahrweiler-bc-beim-bundesliga-spiel-in-mainz\/","name":"++E-JUNIOREN DES AHRWEILER BC BEIM BUNDESLIGA-SPIEL IN MAINZ++ - Ahrweiler BC","isPartOf":{"@id":"https:\/\/new.ahrweilerbc.de\/#website"},"primaryImageOfPage":{"@id":"https:\/\/new.ahrweilerbc.de\/uncategorized\/e-junioren-des-ahrweiler-bc-beim-bundesliga-spiel-in-mainz\/#primaryimage"},"image":{"@id":"https:\/\/new.ahrweilerbc.de\/uncategorized\/e-junioren-des-ahrweiler-bc-beim-bundesliga-spiel-in-mainz\/#primaryimage"},"thumbnailUrl":"https:\/\/new.ahrweilerbc.de\/wp-content\/uploads\/2022\/03\/E.jpg","datePublished":"2022-03-22T07:49:44+00:00","breadcrumb":{"@id":"https:\/\/new.ahrweilerbc.de\/uncategorized\/e-junioren-des-ahrweiler-bc-beim-bundesliga-spiel-in-mainz\/#breadcrumb"},"inLanguage":"en-US","potentialAction":[{"@type":"ReadAction","target":["https:\/\/new.ahrweilerbc.de\/uncategorized\/e-junioren-des-ahrweiler-bc-beim-bundesliga-spiel-in-mainz\/"]}]},{"@type":"ImageObject","inLanguage":"en-US","@id":"https:\/\/new.ahrweilerbc.de\/uncategorized\/e-junioren-des-ahrweiler-bc-beim-bundesliga-spiel-in-mainz\/#primaryimage","url":"https:\/\/new.ahrweilerbc.de\/wp-content\/uploads\/2022\/03\/E.jpg","contentUrl":"https:\/\/new.ahrweilerbc.de\/wp-content\/uploads\/2022\/03\/E.jpg","width":1280,"height":722},{"@type":"BreadcrumbList","@id":"https:\/\/new.ahrweilerbc.de\/uncategorized\/e-junioren-des-ahrweiler-bc-beim-bundesliga-spiel-in-mainz\/#breadcrumb","itemListElement":[{"@type":"ListItem","position":1,"name":"Startseite","item":"https:\/\/new.ahrweilerbc.de\/"},{"@type":"ListItem","position":2,"name":"++E-JUNIOREN DES AHRWEILER BC BEIM BUNDESLIGA-SPIEL IN MAINZ++"}]},{"@type":"WebSite","@id":"https:\/\/new.ahrweilerbc.de\/#website","url":"https:\/\/new.ahrweilerbc.de\/","name":"Ahrweiler BC","description":"","publisher":{"@id":"https:\/\/new.ahrweilerbc.de\/#organization"},"potentialAction":[{"@type":"SearchAction","target":{"@type":"EntryPoint","urlTemplate":"https:\/\/new.ahrweilerbc.de\/?s={search_term_string}"},"query-input":{"@type":"PropertyValueSpecification","valueRequired":true,"valueName":"search_term_string"}}],"inLanguage":"en-US"},{"@type":"Organization","@id":"https:\/\/new.ahrweilerbc.de\/#organization","name":"Ahrweiler BC","url":"https:\/\/new.ahrweilerbc.de\/","logo":{"@type":"ImageObject","inLanguage":"en-US","@id":"https:\/\/new.ahrweilerbc.de\/#\/schema\/logo\/image\/","url":"https:\/\/new.ahrweilerbc.de\/wp-content\/uploads\/2025\/10\/download.svg","contentUrl":"https:\/\/new.ahrweilerbc.de\/wp-content\/uploads\/2025\/10\/download.svg","width":960,"height":960,"caption":"Ahrweiler BC"},"image":{"@id":"https:\/\/new.ahrweilerbc.de\/#\/schema\/logo\/image\/"}},{"@type":"Person","@id":"https:\/\/new.ahrweilerbc.de\/#\/schema\/person\/bdbb38d43a0d63b77e7ecb3c6afc8f0e","name":"Martin Brand","image":{"@type":"ImageObject","inLanguage":"en-US","@id":"https:\/\/new.ahrweilerbc.de\/#\/schema\/person\/image\/","url":"https:\/\/secure.gravatar.com\/avatar\/?s=96&d=mm&r=g","contentUrl":"https:\/\/secure.gravatar.com\/avatar\/?s=96&d=mm&r=g","caption":"Martin Brand"},"url":"https:\/\/new.ahrweilerbc.de\/en\/author\/martin-brand\/"}]}},"_links":{"self":[{"href":"https:\/\/new.ahrweilerbc.de\/en\/wp-json\/wp\/v2\/posts\/16405","targetHints":{"allow":["GET"]}}],"collection":[{"href":"https:\/\/new.ahrweilerbc.de\/en\/wp-json\/wp\/v2\/posts"}],"about":[{"href":"https:\/\/new.ahrweilerbc.de\/en\/wp-json\/wp\/v2\/types\/post"}],"author":[{"embeddable":true,"href":"https:\/\/new.ahrweilerbc.de\/en\/wp-json\/wp\/v2\/users\/2"}],"replies":[{"embeddable":true,"href":"https:\/\/new.ahrweilerbc.de\/en\/wp-json\/wp\/v2\/comments?post=16405"}],"version-history":[{"count":0,"href":"https:\/\/new.ahrweilerbc.de\/en\/wp-json\/wp\/v2\/posts\/16405\/revisions"}],"wp:featuredmedia":[{"embeddable":true,"href":"https:\/\/new.ahrweilerbc.de\/en\/wp-json\/wp\/v2\/media\/16406"}],"wp:attachment":[{"href":"https:\/\/new.ahrweilerbc.de\/en\/wp-json\/wp\/v2\/media?parent=16405"}],"wp:term":[{"taxonomy":"category","embeddable":true,"href":"https:\/\/new.ahrweilerbc.de\/en\/wp-json\/wp\/v2\/categories?post=16405"},{"taxonomy":"post_tag","embeddable":true,"href":"https:\/\/new.ahrweilerbc.de\/en\/wp-json\/wp\/v2\/tags?post=16405"}],"curies":[{"name":"wp","href":"https:\/\/api.w.org\/{rel}","templated":true}]}}