{"id":16690,"date":"2022-05-20T18:20:42","date_gmt":"2022-05-20T16:20:42","guid":{"rendered":"https:\/\/ahrweilerbc.com\/?p=16690"},"modified":"2022-05-20T18:20:42","modified_gmt":"2022-05-20T16:20:42","slug":"get-together-in-der-adenbachhuette","status":"publish","type":"post","link":"https:\/\/new.ahrweilerbc.de\/en\/allgemein\/get-together-in-der-adenbachhuette\/","title":{"rendered":"++\u201eGET TOGETHER\u201c IN DER ADENBACH-H\u00dcTTE++"},"content":{"rendered":"<p>Am gestrigen Donnerstagabend trafen sich Freunde, Partner, Trainer und Betreuer des Ahrweiler BC zum \u201eGet Together\u201c in der Adenbachh\u00fctte. Eine kleine Zusammenkunft, ein gemeinsames WIR mit Infos zum aktuellen Stand des Wiederaufbaus der Sportpl\u00e4tze, des Vereinsheims sowie den gegenw\u00e4rtigen und zuk\u00fcnftigen Planungen im Junioren- und Seniorenbereich. Moderiert wurde dieser Teil des Abends von unserem Stadionsprecher und selbstst\u00e4ndigen Moderator und Speaker Andreas Rietz. F\u00fcr das leibliche Wohl in Form einen Buffets sorgte die Metzgerei\u00a0und Partyservice Ralf\u00a0Effert aus Heimersheim. Sp\u00e4testens um kurz vor Mitternacht, als die letzten G\u00e4ste die Adenachh\u00fctte verlie\u00dfen, war klar, dass man auf eine gelungene Veranstaltung zur\u00fcckschauen konnte.<\/p>","protected":false},"excerpt":{"rendered":"<p>Am gestrigen Donnerstagabend trafen sich Freunde, Partner, Trainer und Betreuer des Ahrweiler BC zum \u201eGet Together\u201c in der Adenbachh\u00fctte. Eine kleine Zusammenkunft, ein gemeinsames WIR mit Infos zum aktuellen Stand des Wiederaufbaus der Sportpl\u00e4tze, des Vereinsheims sowie den gegenw\u00e4rtigen und zuk\u00fcnftigen Planungen im Junioren- und Seniorenbereich. Moderiert wurde dieser Teil des Abends von unserem Stadionsprecher [&hellip;]<\/p>","protected":false},"author":2,"featured_media":16691,"comment_status":"closed","ping_status":"open","sticky":false,"template":"","format":"standard","meta":{"footnotes":""},"categories":[18],"tags":[],"class_list":["post-16690","post","type-post","status-publish","format-standard","has-post-thumbnail","hentry","category-allgemein"],"yoast_head":"<!-- This site is optimized with the Yoast SEO plugin v26.1.1 - https:\/\/yoast.com\/wordpress\/plugins\/seo\/ -->\n<title>++\u201eGET TOGETHER\u201c IN DER ADENBACH-H\u00dcTTE++ - Ahrweiler BC<\/title>\n<meta name=\"robots\" content=\"index, follow, max-snippet:-1, max-image-preview:large, max-video-preview:-1\" \/>\n<link rel=\"canonical\" href=\"https:\/\/new.ahrweilerbc.de\/en\/uncategorized\/get-together-in-der-adenbachhuette\/\" \/>\n<meta property=\"og:locale\" content=\"en_US\" \/>\n<meta property=\"og:type\" content=\"article\" \/>\n<meta property=\"og:title\" content=\"++\u201eGET TOGETHER\u201c IN DER ADENBACH-H\u00dcTTE++ - Ahrweiler BC\" \/>\n<meta property=\"og:description\" content=\"Am gestrigen Donnerstagabend trafen sich Freunde, Partner, Trainer und Betreuer des Ahrweiler BC zum \u201eGet Together\u201c in der Adenbachh\u00fctte. Eine kleine Zusammenkunft, ein gemeinsames WIR mit Infos zum aktuellen Stand des Wiederaufbaus der Sportpl\u00e4tze, des Vereinsheims sowie den gegenw\u00e4rtigen und zuk\u00fcnftigen Planungen im Junioren- und Seniorenbereich. Moderiert wurde dieser Teil des Abends von unserem Stadionsprecher [&hellip;]\" \/>\n<meta property=\"og:url\" content=\"https:\/\/new.ahrweilerbc.de\/en\/uncategorized\/get-together-in-der-adenbachhuette\/\" \/>\n<meta property=\"og:site_name\" content=\"Ahrweiler BC\" \/>\n<meta property=\"article:published_time\" content=\"2022-05-20T16:20:42+00:00\" \/>\n<meta name=\"author\" content=\"Martin Brand\" \/>\n<meta name=\"twitter:card\" content=\"summary_large_image\" \/>\n<meta name=\"twitter:label1\" content=\"Written by\" \/>\n\t<meta name=\"twitter:data1\" content=\"Martin Brand\" \/>\n\t<meta name=\"twitter:label2\" content=\"Est. reading time\" \/>\n\t<meta name=\"twitter:data2\" content=\"1 minute\" \/>\n<script type=\"application\/ld+json\" class=\"yoast-schema-graph\">{\"@context\":\"https:\/\/schema.org\",\"@graph\":[{\"@type\":\"Article\",\"@id\":\"https:\/\/new.ahrweilerbc.de\/uncategorized\/get-together-in-der-adenbachhuette\/#article\",\"isPartOf\":{\"@id\":\"https:\/\/new.ahrweilerbc.de\/uncategorized\/get-together-in-der-adenbachhuette\/\"},\"author\":{\"name\":\"Martin Brand\",\"@id\":\"https:\/\/new.ahrweilerbc.de\/#\/schema\/person\/bdbb38d43a0d63b77e7ecb3c6afc8f0e\"},\"headline\":\"++\u201eGET TOGETHER\u201c IN DER ADENBACH-H\u00dcTTE++\",\"datePublished\":\"2022-05-20T16:20:42+00:00\",\"mainEntityOfPage\":{\"@id\":\"https:\/\/new.ahrweilerbc.de\/uncategorized\/get-together-in-der-adenbachhuette\/\"},\"wordCount\":118,\"publisher\":{\"@id\":\"https:\/\/new.ahrweilerbc.de\/#organization\"},\"image\":{\"@id\":\"https:\/\/new.ahrweilerbc.de\/uncategorized\/get-together-in-der-adenbachhuette\/#primaryimage\"},\"thumbnailUrl\":\"https:\/\/new.ahrweilerbc.de\/wp-content\/uploads\/2022\/05\/280950767_582390156422804_3200672404176608561_n.jpg\",\"articleSection\":[\"Allgemein\"],\"inLanguage\":\"en-US\"},{\"@type\":\"WebPage\",\"@id\":\"https:\/\/new.ahrweilerbc.de\/uncategorized\/get-together-in-der-adenbachhuette\/\",\"url\":\"https:\/\/new.ahrweilerbc.de\/uncategorized\/get-together-in-der-adenbachhuette\/\",\"name\":\"++\u201eGET TOGETHER\u201c IN DER ADENBACH-H\u00dcTTE++ - Ahrweiler BC\",\"isPartOf\":{\"@id\":\"https:\/\/new.ahrweilerbc.de\/#website\"},\"primaryImageOfPage\":{\"@id\":\"https:\/\/new.ahrweilerbc.de\/uncategorized\/get-together-in-der-adenbachhuette\/#primaryimage\"},\"image\":{\"@id\":\"https:\/\/new.ahrweilerbc.de\/uncategorized\/get-together-in-der-adenbachhuette\/#primaryimage\"},\"thumbnailUrl\":\"https:\/\/new.ahrweilerbc.de\/wp-content\/uploads\/2022\/05\/280950767_582390156422804_3200672404176608561_n.jpg\",\"datePublished\":\"2022-05-20T16:20:42+00:00\",\"breadcrumb\":{\"@id\":\"https:\/\/new.ahrweilerbc.de\/uncategorized\/get-together-in-der-adenbachhuette\/#breadcrumb\"},\"inLanguage\":\"en-US\",\"potentialAction\":[{\"@type\":\"ReadAction\",\"target\":[\"https:\/\/new.ahrweilerbc.de\/uncategorized\/get-together-in-der-adenbachhuette\/\"]}]},{\"@type\":\"ImageObject\",\"inLanguage\":\"en-US\",\"@id\":\"https:\/\/new.ahrweilerbc.de\/uncategorized\/get-together-in-der-adenbachhuette\/#primaryimage\",\"url\":\"https:\/\/new.ahrweilerbc.de\/wp-content\/uploads\/2022\/05\/280950767_582390156422804_3200672404176608561_n.jpg\",\"contentUrl\":\"https:\/\/new.ahrweilerbc.de\/wp-content\/uploads\/2022\/05\/280950767_582390156422804_3200672404176608561_n.jpg\",\"width\":1156,\"height\":867},{\"@type\":\"BreadcrumbList\",\"@id\":\"https:\/\/new.ahrweilerbc.de\/uncategorized\/get-together-in-der-adenbachhuette\/#breadcrumb\",\"itemListElement\":[{\"@type\":\"ListItem\",\"position\":1,\"name\":\"Startseite\",\"item\":\"https:\/\/new.ahrweilerbc.de\/\"},{\"@type\":\"ListItem\",\"position\":2,\"name\":\"++\u201eGET TOGETHER\u201c IN DER ADENBACH-H\u00dcTTE++\"}]},{\"@type\":\"WebSite\",\"@id\":\"https:\/\/new.ahrweilerbc.de\/#website\",\"url\":\"https:\/\/new.ahrweilerbc.de\/\",\"name\":\"Ahrweiler BC\",\"description\":\"\",\"publisher\":{\"@id\":\"https:\/\/new.ahrweilerbc.de\/#organization\"},\"potentialAction\":[{\"@type\":\"SearchAction\",\"target\":{\"@type\":\"EntryPoint\",\"urlTemplate\":\"https:\/\/new.ahrweilerbc.de\/?s={search_term_string}\"},\"query-input\":{\"@type\":\"PropertyValueSpecification\",\"valueRequired\":true,\"valueName\":\"search_term_string\"}}],\"inLanguage\":\"en-US\"},{\"@type\":\"Organization\",\"@id\":\"https:\/\/new.ahrweilerbc.de\/#organization\",\"name\":\"Ahrweiler BC\",\"url\":\"https:\/\/new.ahrweilerbc.de\/\",\"logo\":{\"@type\":\"ImageObject\",\"inLanguage\":\"en-US\",\"@id\":\"https:\/\/new.ahrweilerbc.de\/#\/schema\/logo\/image\/\",\"url\":\"https:\/\/new.ahrweilerbc.de\/wp-content\/uploads\/2025\/10\/download.svg\",\"contentUrl\":\"https:\/\/new.ahrweilerbc.de\/wp-content\/uploads\/2025\/10\/download.svg\",\"width\":960,\"height\":960,\"caption\":\"Ahrweiler BC\"},\"image\":{\"@id\":\"https:\/\/new.ahrweilerbc.de\/#\/schema\/logo\/image\/\"}},{\"@type\":\"Person\",\"@id\":\"https:\/\/new.ahrweilerbc.de\/#\/schema\/person\/bdbb38d43a0d63b77e7ecb3c6afc8f0e\",\"name\":\"Martin Brand\",\"image\":{\"@type\":\"ImageObject\",\"inLanguage\":\"en-US\",\"@id\":\"https:\/\/new.ahrweilerbc.de\/#\/schema\/person\/image\/\",\"url\":\"https:\/\/secure.gravatar.com\/avatar\/?s=96&d=mm&r=g\",\"contentUrl\":\"https:\/\/secure.gravatar.com\/avatar\/?s=96&d=mm&r=g\",\"caption\":\"Martin Brand\"},\"url\":\"https:\/\/new.ahrweilerbc.de\/en\/author\/martin-brand\/\"}]}<\/script>\n<!-- \/ Yoast SEO plugin. -->","yoast_head_json":{"title":"++\u201eGET TOGETHER\u201c IN DER ADENBACH-H\u00dcTTE++ - Ahrweiler BC","robots":{"index":"index","follow":"follow","max-snippet":"max-snippet:-1","max-image-preview":"max-image-preview:large","max-video-preview":"max-video-preview:-1"},"canonical":"https:\/\/new.ahrweilerbc.de\/en\/uncategorized\/get-together-in-der-adenbachhuette\/","og_locale":"en_US","og_type":"article","og_title":"++\u201eGET TOGETHER\u201c IN DER ADENBACH-H\u00dcTTE++ - Ahrweiler BC","og_description":"Am gestrigen Donnerstagabend trafen sich Freunde, Partner, Trainer und Betreuer des Ahrweiler BC zum \u201eGet Together\u201c in der Adenbachh\u00fctte. Eine kleine Zusammenkunft, ein gemeinsames WIR mit Infos zum aktuellen Stand des Wiederaufbaus der Sportpl\u00e4tze, des Vereinsheims sowie den gegenw\u00e4rtigen und zuk\u00fcnftigen Planungen im Junioren- und Seniorenbereich. Moderiert wurde dieser Teil des Abends von unserem Stadionsprecher [&hellip;]","og_url":"https:\/\/new.ahrweilerbc.de\/en\/uncategorized\/get-together-in-der-adenbachhuette\/","og_site_name":"Ahrweiler BC","article_published_time":"2022-05-20T16:20:42+00:00","author":"Martin Brand","twitter_card":"summary_large_image","twitter_misc":{"Written by":"Martin Brand","Est. reading time":"1 minute"},"schema":{"@context":"https:\/\/schema.org","@graph":[{"@type":"Article","@id":"https:\/\/new.ahrweilerbc.de\/uncategorized\/get-together-in-der-adenbachhuette\/#article","isPartOf":{"@id":"https:\/\/new.ahrweilerbc.de\/uncategorized\/get-together-in-der-adenbachhuette\/"},"author":{"name":"Martin Brand","@id":"https:\/\/new.ahrweilerbc.de\/#\/schema\/person\/bdbb38d43a0d63b77e7ecb3c6afc8f0e"},"headline":"++\u201eGET TOGETHER\u201c IN DER ADENBACH-H\u00dcTTE++","datePublished":"2022-05-20T16:20:42+00:00","mainEntityOfPage":{"@id":"https:\/\/new.ahrweilerbc.de\/uncategorized\/get-together-in-der-adenbachhuette\/"},"wordCount":118,"publisher":{"@id":"https:\/\/new.ahrweilerbc.de\/#organization"},"image":{"@id":"https:\/\/new.ahrweilerbc.de\/uncategorized\/get-together-in-der-adenbachhuette\/#primaryimage"},"thumbnailUrl":"https:\/\/new.ahrweilerbc.de\/wp-content\/uploads\/2022\/05\/280950767_582390156422804_3200672404176608561_n.jpg","articleSection":["Allgemein"],"inLanguage":"en-US"},{"@type":"WebPage","@id":"https:\/\/new.ahrweilerbc.de\/uncategorized\/get-together-in-der-adenbachhuette\/","url":"https:\/\/new.ahrweilerbc.de\/uncategorized\/get-together-in-der-adenbachhuette\/","name":"++\u201eGET TOGETHER\u201c IN DER ADENBACH-H\u00dcTTE++ - Ahrweiler BC","isPartOf":{"@id":"https:\/\/new.ahrweilerbc.de\/#website"},"primaryImageOfPage":{"@id":"https:\/\/new.ahrweilerbc.de\/uncategorized\/get-together-in-der-adenbachhuette\/#primaryimage"},"image":{"@id":"https:\/\/new.ahrweilerbc.de\/uncategorized\/get-together-in-der-adenbachhuette\/#primaryimage"},"thumbnailUrl":"https:\/\/new.ahrweilerbc.de\/wp-content\/uploads\/2022\/05\/280950767_582390156422804_3200672404176608561_n.jpg","datePublished":"2022-05-20T16:20:42+00:00","breadcrumb":{"@id":"https:\/\/new.ahrweilerbc.de\/uncategorized\/get-together-in-der-adenbachhuette\/#breadcrumb"},"inLanguage":"en-US","potentialAction":[{"@type":"ReadAction","target":["https:\/\/new.ahrweilerbc.de\/uncategorized\/get-together-in-der-adenbachhuette\/"]}]},{"@type":"ImageObject","inLanguage":"en-US","@id":"https:\/\/new.ahrweilerbc.de\/uncategorized\/get-together-in-der-adenbachhuette\/#primaryimage","url":"https:\/\/new.ahrweilerbc.de\/wp-content\/uploads\/2022\/05\/280950767_582390156422804_3200672404176608561_n.jpg","contentUrl":"https:\/\/new.ahrweilerbc.de\/wp-content\/uploads\/2022\/05\/280950767_582390156422804_3200672404176608561_n.jpg","width":1156,"height":867},{"@type":"BreadcrumbList","@id":"https:\/\/new.ahrweilerbc.de\/uncategorized\/get-together-in-der-adenbachhuette\/#breadcrumb","itemListElement":[{"@type":"ListItem","position":1,"name":"Startseite","item":"https:\/\/new.ahrweilerbc.de\/"},{"@type":"ListItem","position":2,"name":"++\u201eGET TOGETHER\u201c IN DER ADENBACH-H\u00dcTTE++"}]},{"@type":"WebSite","@id":"https:\/\/new.ahrweilerbc.de\/#website","url":"https:\/\/new.ahrweilerbc.de\/","name":"Ahrweiler BC","description":"","publisher":{"@id":"https:\/\/new.ahrweilerbc.de\/#organization"},"potentialAction":[{"@type":"SearchAction","target":{"@type":"EntryPoint","urlTemplate":"https:\/\/new.ahrweilerbc.de\/?s={search_term_string}"},"query-input":{"@type":"PropertyValueSpecification","valueRequired":true,"valueName":"search_term_string"}}],"inLanguage":"en-US"},{"@type":"Organization","@id":"https:\/\/new.ahrweilerbc.de\/#organization","name":"Ahrweiler BC","url":"https:\/\/new.ahrweilerbc.de\/","logo":{"@type":"ImageObject","inLanguage":"en-US","@id":"https:\/\/new.ahrweilerbc.de\/#\/schema\/logo\/image\/","url":"https:\/\/new.ahrweilerbc.de\/wp-content\/uploads\/2025\/10\/download.svg","contentUrl":"https:\/\/new.ahrweilerbc.de\/wp-content\/uploads\/2025\/10\/download.svg","width":960,"height":960,"caption":"Ahrweiler BC"},"image":{"@id":"https:\/\/new.ahrweilerbc.de\/#\/schema\/logo\/image\/"}},{"@type":"Person","@id":"https:\/\/new.ahrweilerbc.de\/#\/schema\/person\/bdbb38d43a0d63b77e7ecb3c6afc8f0e","name":"Martin Brand","image":{"@type":"ImageObject","inLanguage":"en-US","@id":"https:\/\/new.ahrweilerbc.de\/#\/schema\/person\/image\/","url":"https:\/\/secure.gravatar.com\/avatar\/?s=96&d=mm&r=g","contentUrl":"https:\/\/secure.gravatar.com\/avatar\/?s=96&d=mm&r=g","caption":"Martin Brand"},"url":"https:\/\/new.ahrweilerbc.de\/en\/author\/martin-brand\/"}]}},"_links":{"self":[{"href":"https:\/\/new.ahrweilerbc.de\/en\/wp-json\/wp\/v2\/posts\/16690","targetHints":{"allow":["GET"]}}],"collection":[{"href":"https:\/\/new.ahrweilerbc.de\/en\/wp-json\/wp\/v2\/posts"}],"about":[{"href":"https:\/\/new.ahrweilerbc.de\/en\/wp-json\/wp\/v2\/types\/post"}],"author":[{"embeddable":true,"href":"https:\/\/new.ahrweilerbc.de\/en\/wp-json\/wp\/v2\/users\/2"}],"replies":[{"embeddable":true,"href":"https:\/\/new.ahrweilerbc.de\/en\/wp-json\/wp\/v2\/comments?post=16690"}],"version-history":[{"count":0,"href":"https:\/\/new.ahrweilerbc.de\/en\/wp-json\/wp\/v2\/posts\/16690\/revisions"}],"wp:featuredmedia":[{"embeddable":true,"href":"https:\/\/new.ahrweilerbc.de\/en\/wp-json\/wp\/v2\/media\/16691"}],"wp:attachment":[{"href":"https:\/\/new.ahrweilerbc.de\/en\/wp-json\/wp\/v2\/media?parent=16690"}],"wp:term":[{"taxonomy":"category","embeddable":true,"href":"https:\/\/new.ahrweilerbc.de\/en\/wp-json\/wp\/v2\/categories?post=16690"},{"taxonomy":"post_tag","embeddable":true,"href":"https:\/\/new.ahrweilerbc.de\/en\/wp-json\/wp\/v2\/tags?post=16690"}],"curies":[{"name":"wp","href":"https:\/\/api.w.org\/{rel}","templated":true}]}}