{"id":16893,"date":"2022-06-15T08:36:35","date_gmt":"2022-06-15T06:36:35","guid":{"rendered":"https:\/\/ahrweilerbc.com\/?p=16893"},"modified":"2022-06-15T08:36:35","modified_gmt":"2022-06-15T06:36:35","slug":"haupt-sponsor-bmw-baum-automobile-verlaengert-die-partnerschaft-mit-dem-ahrweiler-bc","status":"publish","type":"post","link":"https:\/\/new.ahrweilerbc.de\/en\/allgemein\/haupt-sponsor-bmw-baum-automobile-verlaengert-die-partnerschaft-mit-dem-ahrweiler-bc\/","title":{"rendered":"++HAUPT-SPONSOR BMW BAUM AUTOMOBILE VERL\u00c4NGERT DIE PARTNERSCHAFT MIT DEM AHRWEILER BC++"},"content":{"rendered":"<p>Der Ahrweiler BC kann kurz nach dem bisher gr\u00f6\u00dften Highlight der Vereinsgeschichte -dem Aufstieg in die Oberliga- einen weiteren Erfolg vermelden. Haupt- und Trikotsponsor BMW Baum Automobile wird sein Engagement zumindest um zwei weitere Jahre fortsetzen.<\/p>\n<p>Das Traditionsunternehmen aus der Kreisstadt ist seit 2015 einer der wichtigsten Partner des ABC und hat ma\u00dfgeblichen Anteil am sportlichen Aufschwung des Vereins. \u201eDer ABC befindet sich seit sieben Jahren auf allen Ebenen in einem positiven Entwicklungsprozess, wozu das Engagement von BMW Baum Automobile ma\u00dfgeblich dazu beigetragen hat. Mit der Ausweitung der vertrauensvollen Partnerschaft hat der Verein Planungssicherheit, um den n\u00e4chsten Schritt gehen zu k\u00f6nnen. F\u00fcr dieses sehr starke und sehr positive Zeichen sind wir sehr dankbar.\u201c, erkl\u00e4rt ABC-Vorstandsmitglied Michael Lorca.<\/p>\n<p>BMW Baum Automobile-Gesch\u00e4ftsf\u00fchrer und Inhaber Michael Baum: \u201eWir freuen uns, die seit Jahren dynamischen Entwicklung des Vereins auch weiterhin zu unterst\u00fctzen. Wir sehen es in Zeiten des Wiederaufbaus auch als klares Bekenntnis zum gr\u00f6\u00dften Verein der Region und als Zeichen f\u00fcr andere Sponsoren, den Fu\u00dfballstandort Bad Neuenahr-Ahrweiler zu unterst\u00fctzen. Der Ahrweiler BC ist zudem auch eine Herzensangelegenheit f\u00fcr uns.\u201c<\/p>\n<p>Foto:<\/p>\n<p>Michael Lorca (l.) und Michael Baum (r.).<\/p>","protected":false},"excerpt":{"rendered":"<p>Der Ahrweiler BC kann kurz nach dem bisher gr\u00f6\u00dften Highlight der Vereinsgeschichte -dem Aufstieg in die Oberliga- einen weiteren Erfolg vermelden. Haupt- und Trikotsponsor BMW Baum Automobile wird sein Engagement zumindest um zwei weitere Jahre fortsetzen. Das Traditionsunternehmen aus der Kreisstadt ist seit 2015 einer der wichtigsten Partner des ABC und hat ma\u00dfgeblichen Anteil am [&hellip;]<\/p>","protected":false},"author":2,"featured_media":16894,"comment_status":"closed","ping_status":"open","sticky":false,"template":"","format":"standard","meta":{"footnotes":""},"categories":[18],"tags":[],"class_list":["post-16893","post","type-post","status-publish","format-standard","has-post-thumbnail","hentry","category-allgemein"],"yoast_head":"<!-- This site is optimized with the Yoast SEO plugin v26.1.1 - https:\/\/yoast.com\/wordpress\/plugins\/seo\/ -->\n<title>++HAUPT-SPONSOR BMW BAUM AUTOMOBILE VERL\u00c4NGERT DIE PARTNERSCHAFT MIT DEM AHRWEILER BC++ - Ahrweiler BC<\/title>\n<meta name=\"robots\" content=\"index, follow, max-snippet:-1, max-image-preview:large, max-video-preview:-1\" \/>\n<link rel=\"canonical\" href=\"https:\/\/new.ahrweilerbc.de\/en\/uncategorized\/haupt-sponsor-bmw-baum-automobile-verlaengert-die-partnerschaft-mit-dem-ahrweiler-bc\/\" \/>\n<meta property=\"og:locale\" content=\"en_US\" \/>\n<meta property=\"og:type\" content=\"article\" \/>\n<meta property=\"og:title\" content=\"++HAUPT-SPONSOR BMW BAUM AUTOMOBILE VERL\u00c4NGERT DIE PARTNERSCHAFT MIT DEM AHRWEILER BC++ - Ahrweiler BC\" \/>\n<meta property=\"og:description\" content=\"Der Ahrweiler BC kann kurz nach dem bisher gr\u00f6\u00dften Highlight der Vereinsgeschichte -dem Aufstieg in die Oberliga- einen weiteren Erfolg vermelden. Haupt- und Trikotsponsor BMW Baum Automobile wird sein Engagement zumindest um zwei weitere Jahre fortsetzen. Das Traditionsunternehmen aus der Kreisstadt ist seit 2015 einer der wichtigsten Partner des ABC und hat ma\u00dfgeblichen Anteil am [&hellip;]\" \/>\n<meta property=\"og:url\" content=\"https:\/\/new.ahrweilerbc.de\/en\/uncategorized\/haupt-sponsor-bmw-baum-automobile-verlaengert-die-partnerschaft-mit-dem-ahrweiler-bc\/\" \/>\n<meta property=\"og:site_name\" content=\"Ahrweiler BC\" \/>\n<meta property=\"article:published_time\" content=\"2022-06-15T06:36:35+00:00\" \/>\n<meta name=\"author\" content=\"Martin Brand\" \/>\n<meta name=\"twitter:card\" content=\"summary_large_image\" \/>\n<meta name=\"twitter:label1\" content=\"Written by\" \/>\n\t<meta name=\"twitter:data1\" content=\"Martin Brand\" \/>\n\t<meta name=\"twitter:label2\" content=\"Est. reading time\" \/>\n\t<meta name=\"twitter:data2\" content=\"1 minute\" \/>\n<script type=\"application\/ld+json\" class=\"yoast-schema-graph\">{\"@context\":\"https:\/\/schema.org\",\"@graph\":[{\"@type\":\"Article\",\"@id\":\"https:\/\/new.ahrweilerbc.de\/uncategorized\/haupt-sponsor-bmw-baum-automobile-verlaengert-die-partnerschaft-mit-dem-ahrweiler-bc\/#article\",\"isPartOf\":{\"@id\":\"https:\/\/new.ahrweilerbc.de\/uncategorized\/haupt-sponsor-bmw-baum-automobile-verlaengert-die-partnerschaft-mit-dem-ahrweiler-bc\/\"},\"author\":{\"name\":\"Martin Brand\",\"@id\":\"https:\/\/new.ahrweilerbc.de\/#\/schema\/person\/bdbb38d43a0d63b77e7ecb3c6afc8f0e\"},\"headline\":\"++HAUPT-SPONSOR BMW BAUM AUTOMOBILE VERL\u00c4NGERT DIE PARTNERSCHAFT MIT DEM AHRWEILER BC++\",\"datePublished\":\"2022-06-15T06:36:35+00:00\",\"mainEntityOfPage\":{\"@id\":\"https:\/\/new.ahrweilerbc.de\/uncategorized\/haupt-sponsor-bmw-baum-automobile-verlaengert-die-partnerschaft-mit-dem-ahrweiler-bc\/\"},\"wordCount\":210,\"publisher\":{\"@id\":\"https:\/\/new.ahrweilerbc.de\/#organization\"},\"image\":{\"@id\":\"https:\/\/new.ahrweilerbc.de\/uncategorized\/haupt-sponsor-bmw-baum-automobile-verlaengert-die-partnerschaft-mit-dem-ahrweiler-bc\/#primaryimage\"},\"thumbnailUrl\":\"https:\/\/new.ahrweilerbc.de\/wp-content\/uploads\/2022\/06\/287139057_1161738798014063_2019038552798398495_n.jpg\",\"articleSection\":[\"Allgemein\"],\"inLanguage\":\"en-US\"},{\"@type\":\"WebPage\",\"@id\":\"https:\/\/new.ahrweilerbc.de\/uncategorized\/haupt-sponsor-bmw-baum-automobile-verlaengert-die-partnerschaft-mit-dem-ahrweiler-bc\/\",\"url\":\"https:\/\/new.ahrweilerbc.de\/uncategorized\/haupt-sponsor-bmw-baum-automobile-verlaengert-die-partnerschaft-mit-dem-ahrweiler-bc\/\",\"name\":\"++HAUPT-SPONSOR BMW BAUM AUTOMOBILE VERL\u00c4NGERT DIE PARTNERSCHAFT MIT DEM AHRWEILER BC++ - Ahrweiler BC\",\"isPartOf\":{\"@id\":\"https:\/\/new.ahrweilerbc.de\/#website\"},\"primaryImageOfPage\":{\"@id\":\"https:\/\/new.ahrweilerbc.de\/uncategorized\/haupt-sponsor-bmw-baum-automobile-verlaengert-die-partnerschaft-mit-dem-ahrweiler-bc\/#primaryimage\"},\"image\":{\"@id\":\"https:\/\/new.ahrweilerbc.de\/uncategorized\/haupt-sponsor-bmw-baum-automobile-verlaengert-die-partnerschaft-mit-dem-ahrweiler-bc\/#primaryimage\"},\"thumbnailUrl\":\"https:\/\/new.ahrweilerbc.de\/wp-content\/uploads\/2022\/06\/287139057_1161738798014063_2019038552798398495_n.jpg\",\"datePublished\":\"2022-06-15T06:36:35+00:00\",\"breadcrumb\":{\"@id\":\"https:\/\/new.ahrweilerbc.de\/uncategorized\/haupt-sponsor-bmw-baum-automobile-verlaengert-die-partnerschaft-mit-dem-ahrweiler-bc\/#breadcrumb\"},\"inLanguage\":\"en-US\",\"potentialAction\":[{\"@type\":\"ReadAction\",\"target\":[\"https:\/\/new.ahrweilerbc.de\/uncategorized\/haupt-sponsor-bmw-baum-automobile-verlaengert-die-partnerschaft-mit-dem-ahrweiler-bc\/\"]}]},{\"@type\":\"ImageObject\",\"inLanguage\":\"en-US\",\"@id\":\"https:\/\/new.ahrweilerbc.de\/uncategorized\/haupt-sponsor-bmw-baum-automobile-verlaengert-die-partnerschaft-mit-dem-ahrweiler-bc\/#primaryimage\",\"url\":\"https:\/\/new.ahrweilerbc.de\/wp-content\/uploads\/2022\/06\/287139057_1161738798014063_2019038552798398495_n.jpg\",\"contentUrl\":\"https:\/\/new.ahrweilerbc.de\/wp-content\/uploads\/2022\/06\/287139057_1161738798014063_2019038552798398495_n.jpg\",\"width\":1404,\"height\":881},{\"@type\":\"BreadcrumbList\",\"@id\":\"https:\/\/new.ahrweilerbc.de\/uncategorized\/haupt-sponsor-bmw-baum-automobile-verlaengert-die-partnerschaft-mit-dem-ahrweiler-bc\/#breadcrumb\",\"itemListElement\":[{\"@type\":\"ListItem\",\"position\":1,\"name\":\"Startseite\",\"item\":\"https:\/\/new.ahrweilerbc.de\/\"},{\"@type\":\"ListItem\",\"position\":2,\"name\":\"++HAUPT-SPONSOR BMW BAUM AUTOMOBILE VERL\u00c4NGERT DIE PARTNERSCHAFT MIT DEM AHRWEILER BC++\"}]},{\"@type\":\"WebSite\",\"@id\":\"https:\/\/new.ahrweilerbc.de\/#website\",\"url\":\"https:\/\/new.ahrweilerbc.de\/\",\"name\":\"Ahrweiler BC\",\"description\":\"\",\"publisher\":{\"@id\":\"https:\/\/new.ahrweilerbc.de\/#organization\"},\"potentialAction\":[{\"@type\":\"SearchAction\",\"target\":{\"@type\":\"EntryPoint\",\"urlTemplate\":\"https:\/\/new.ahrweilerbc.de\/?s={search_term_string}\"},\"query-input\":{\"@type\":\"PropertyValueSpecification\",\"valueRequired\":true,\"valueName\":\"search_term_string\"}}],\"inLanguage\":\"en-US\"},{\"@type\":\"Organization\",\"@id\":\"https:\/\/new.ahrweilerbc.de\/#organization\",\"name\":\"Ahrweiler BC\",\"url\":\"https:\/\/new.ahrweilerbc.de\/\",\"logo\":{\"@type\":\"ImageObject\",\"inLanguage\":\"en-US\",\"@id\":\"https:\/\/new.ahrweilerbc.de\/#\/schema\/logo\/image\/\",\"url\":\"https:\/\/new.ahrweilerbc.de\/wp-content\/uploads\/2025\/10\/download.svg\",\"contentUrl\":\"https:\/\/new.ahrweilerbc.de\/wp-content\/uploads\/2025\/10\/download.svg\",\"width\":960,\"height\":960,\"caption\":\"Ahrweiler BC\"},\"image\":{\"@id\":\"https:\/\/new.ahrweilerbc.de\/#\/schema\/logo\/image\/\"}},{\"@type\":\"Person\",\"@id\":\"https:\/\/new.ahrweilerbc.de\/#\/schema\/person\/bdbb38d43a0d63b77e7ecb3c6afc8f0e\",\"name\":\"Martin Brand\",\"image\":{\"@type\":\"ImageObject\",\"inLanguage\":\"en-US\",\"@id\":\"https:\/\/new.ahrweilerbc.de\/#\/schema\/person\/image\/\",\"url\":\"https:\/\/secure.gravatar.com\/avatar\/?s=96&d=mm&r=g\",\"contentUrl\":\"https:\/\/secure.gravatar.com\/avatar\/?s=96&d=mm&r=g\",\"caption\":\"Martin Brand\"},\"url\":\"https:\/\/new.ahrweilerbc.de\/en\/author\/martin-brand\/\"}]}<\/script>\n<!-- \/ Yoast SEO plugin. -->","yoast_head_json":{"title":"++HAUPT-SPONSOR BMW BAUM AUTOMOBILE VERL\u00c4NGERT DIE PARTNERSCHAFT MIT DEM AHRWEILER BC++ - Ahrweiler BC","robots":{"index":"index","follow":"follow","max-snippet":"max-snippet:-1","max-image-preview":"max-image-preview:large","max-video-preview":"max-video-preview:-1"},"canonical":"https:\/\/new.ahrweilerbc.de\/en\/uncategorized\/haupt-sponsor-bmw-baum-automobile-verlaengert-die-partnerschaft-mit-dem-ahrweiler-bc\/","og_locale":"en_US","og_type":"article","og_title":"++HAUPT-SPONSOR BMW BAUM AUTOMOBILE VERL\u00c4NGERT DIE PARTNERSCHAFT MIT DEM AHRWEILER BC++ - Ahrweiler BC","og_description":"Der Ahrweiler BC kann kurz nach dem bisher gr\u00f6\u00dften Highlight der Vereinsgeschichte -dem Aufstieg in die Oberliga- einen weiteren Erfolg vermelden. Haupt- und Trikotsponsor BMW Baum Automobile wird sein Engagement zumindest um zwei weitere Jahre fortsetzen. Das Traditionsunternehmen aus der Kreisstadt ist seit 2015 einer der wichtigsten Partner des ABC und hat ma\u00dfgeblichen Anteil am [&hellip;]","og_url":"https:\/\/new.ahrweilerbc.de\/en\/uncategorized\/haupt-sponsor-bmw-baum-automobile-verlaengert-die-partnerschaft-mit-dem-ahrweiler-bc\/","og_site_name":"Ahrweiler BC","article_published_time":"2022-06-15T06:36:35+00:00","author":"Martin Brand","twitter_card":"summary_large_image","twitter_misc":{"Written by":"Martin Brand","Est. reading time":"1 minute"},"schema":{"@context":"https:\/\/schema.org","@graph":[{"@type":"Article","@id":"https:\/\/new.ahrweilerbc.de\/uncategorized\/haupt-sponsor-bmw-baum-automobile-verlaengert-die-partnerschaft-mit-dem-ahrweiler-bc\/#article","isPartOf":{"@id":"https:\/\/new.ahrweilerbc.de\/uncategorized\/haupt-sponsor-bmw-baum-automobile-verlaengert-die-partnerschaft-mit-dem-ahrweiler-bc\/"},"author":{"name":"Martin Brand","@id":"https:\/\/new.ahrweilerbc.de\/#\/schema\/person\/bdbb38d43a0d63b77e7ecb3c6afc8f0e"},"headline":"++HAUPT-SPONSOR BMW BAUM AUTOMOBILE VERL\u00c4NGERT DIE PARTNERSCHAFT MIT DEM AHRWEILER BC++","datePublished":"2022-06-15T06:36:35+00:00","mainEntityOfPage":{"@id":"https:\/\/new.ahrweilerbc.de\/uncategorized\/haupt-sponsor-bmw-baum-automobile-verlaengert-die-partnerschaft-mit-dem-ahrweiler-bc\/"},"wordCount":210,"publisher":{"@id":"https:\/\/new.ahrweilerbc.de\/#organization"},"image":{"@id":"https:\/\/new.ahrweilerbc.de\/uncategorized\/haupt-sponsor-bmw-baum-automobile-verlaengert-die-partnerschaft-mit-dem-ahrweiler-bc\/#primaryimage"},"thumbnailUrl":"https:\/\/new.ahrweilerbc.de\/wp-content\/uploads\/2022\/06\/287139057_1161738798014063_2019038552798398495_n.jpg","articleSection":["Allgemein"],"inLanguage":"en-US"},{"@type":"WebPage","@id":"https:\/\/new.ahrweilerbc.de\/uncategorized\/haupt-sponsor-bmw-baum-automobile-verlaengert-die-partnerschaft-mit-dem-ahrweiler-bc\/","url":"https:\/\/new.ahrweilerbc.de\/uncategorized\/haupt-sponsor-bmw-baum-automobile-verlaengert-die-partnerschaft-mit-dem-ahrweiler-bc\/","name":"++HAUPT-SPONSOR BMW BAUM AUTOMOBILE VERL\u00c4NGERT DIE PARTNERSCHAFT MIT DEM AHRWEILER BC++ - Ahrweiler BC","isPartOf":{"@id":"https:\/\/new.ahrweilerbc.de\/#website"},"primaryImageOfPage":{"@id":"https:\/\/new.ahrweilerbc.de\/uncategorized\/haupt-sponsor-bmw-baum-automobile-verlaengert-die-partnerschaft-mit-dem-ahrweiler-bc\/#primaryimage"},"image":{"@id":"https:\/\/new.ahrweilerbc.de\/uncategorized\/haupt-sponsor-bmw-baum-automobile-verlaengert-die-partnerschaft-mit-dem-ahrweiler-bc\/#primaryimage"},"thumbnailUrl":"https:\/\/new.ahrweilerbc.de\/wp-content\/uploads\/2022\/06\/287139057_1161738798014063_2019038552798398495_n.jpg","datePublished":"2022-06-15T06:36:35+00:00","breadcrumb":{"@id":"https:\/\/new.ahrweilerbc.de\/uncategorized\/haupt-sponsor-bmw-baum-automobile-verlaengert-die-partnerschaft-mit-dem-ahrweiler-bc\/#breadcrumb"},"inLanguage":"en-US","potentialAction":[{"@type":"ReadAction","target":["https:\/\/new.ahrweilerbc.de\/uncategorized\/haupt-sponsor-bmw-baum-automobile-verlaengert-die-partnerschaft-mit-dem-ahrweiler-bc\/"]}]},{"@type":"ImageObject","inLanguage":"en-US","@id":"https:\/\/new.ahrweilerbc.de\/uncategorized\/haupt-sponsor-bmw-baum-automobile-verlaengert-die-partnerschaft-mit-dem-ahrweiler-bc\/#primaryimage","url":"https:\/\/new.ahrweilerbc.de\/wp-content\/uploads\/2022\/06\/287139057_1161738798014063_2019038552798398495_n.jpg","contentUrl":"https:\/\/new.ahrweilerbc.de\/wp-content\/uploads\/2022\/06\/287139057_1161738798014063_2019038552798398495_n.jpg","width":1404,"height":881},{"@type":"BreadcrumbList","@id":"https:\/\/new.ahrweilerbc.de\/uncategorized\/haupt-sponsor-bmw-baum-automobile-verlaengert-die-partnerschaft-mit-dem-ahrweiler-bc\/#breadcrumb","itemListElement":[{"@type":"ListItem","position":1,"name":"Startseite","item":"https:\/\/new.ahrweilerbc.de\/"},{"@type":"ListItem","position":2,"name":"++HAUPT-SPONSOR BMW BAUM AUTOMOBILE VERL\u00c4NGERT DIE PARTNERSCHAFT MIT DEM AHRWEILER BC++"}]},{"@type":"WebSite","@id":"https:\/\/new.ahrweilerbc.de\/#website","url":"https:\/\/new.ahrweilerbc.de\/","name":"Ahrweiler BC","description":"","publisher":{"@id":"https:\/\/new.ahrweilerbc.de\/#organization"},"potentialAction":[{"@type":"SearchAction","target":{"@type":"EntryPoint","urlTemplate":"https:\/\/new.ahrweilerbc.de\/?s={search_term_string}"},"query-input":{"@type":"PropertyValueSpecification","valueRequired":true,"valueName":"search_term_string"}}],"inLanguage":"en-US"},{"@type":"Organization","@id":"https:\/\/new.ahrweilerbc.de\/#organization","name":"Ahrweiler BC","url":"https:\/\/new.ahrweilerbc.de\/","logo":{"@type":"ImageObject","inLanguage":"en-US","@id":"https:\/\/new.ahrweilerbc.de\/#\/schema\/logo\/image\/","url":"https:\/\/new.ahrweilerbc.de\/wp-content\/uploads\/2025\/10\/download.svg","contentUrl":"https:\/\/new.ahrweilerbc.de\/wp-content\/uploads\/2025\/10\/download.svg","width":960,"height":960,"caption":"Ahrweiler BC"},"image":{"@id":"https:\/\/new.ahrweilerbc.de\/#\/schema\/logo\/image\/"}},{"@type":"Person","@id":"https:\/\/new.ahrweilerbc.de\/#\/schema\/person\/bdbb38d43a0d63b77e7ecb3c6afc8f0e","name":"Martin Brand","image":{"@type":"ImageObject","inLanguage":"en-US","@id":"https:\/\/new.ahrweilerbc.de\/#\/schema\/person\/image\/","url":"https:\/\/secure.gravatar.com\/avatar\/?s=96&d=mm&r=g","contentUrl":"https:\/\/secure.gravatar.com\/avatar\/?s=96&d=mm&r=g","caption":"Martin Brand"},"url":"https:\/\/new.ahrweilerbc.de\/en\/author\/martin-brand\/"}]}},"_links":{"self":[{"href":"https:\/\/new.ahrweilerbc.de\/en\/wp-json\/wp\/v2\/posts\/16893","targetHints":{"allow":["GET"]}}],"collection":[{"href":"https:\/\/new.ahrweilerbc.de\/en\/wp-json\/wp\/v2\/posts"}],"about":[{"href":"https:\/\/new.ahrweilerbc.de\/en\/wp-json\/wp\/v2\/types\/post"}],"author":[{"embeddable":true,"href":"https:\/\/new.ahrweilerbc.de\/en\/wp-json\/wp\/v2\/users\/2"}],"replies":[{"embeddable":true,"href":"https:\/\/new.ahrweilerbc.de\/en\/wp-json\/wp\/v2\/comments?post=16893"}],"version-history":[{"count":0,"href":"https:\/\/new.ahrweilerbc.de\/en\/wp-json\/wp\/v2\/posts\/16893\/revisions"}],"wp:featuredmedia":[{"embeddable":true,"href":"https:\/\/new.ahrweilerbc.de\/en\/wp-json\/wp\/v2\/media\/16894"}],"wp:attachment":[{"href":"https:\/\/new.ahrweilerbc.de\/en\/wp-json\/wp\/v2\/media?parent=16893"}],"wp:term":[{"taxonomy":"category","embeddable":true,"href":"https:\/\/new.ahrweilerbc.de\/en\/wp-json\/wp\/v2\/categories?post=16893"},{"taxonomy":"post_tag","embeddable":true,"href":"https:\/\/new.ahrweilerbc.de\/en\/wp-json\/wp\/v2\/tags?post=16893"}],"curies":[{"name":"wp","href":"https:\/\/api.w.org\/{rel}","templated":true}]}}