{"id":16969,"date":"2022-07-01T15:20:57","date_gmt":"2022-07-01T13:20:57","guid":{"rendered":"https:\/\/ahrweilerbc.com\/?p=16969"},"modified":"2022-07-01T15:20:57","modified_gmt":"2022-07-01T13:20:57","slug":"jasmin-ibrahimovic-wieder-zurueck-beim-ahrweiler-bc","status":"publish","type":"post","link":"https:\/\/new.ahrweilerbc.de\/en\/allgemein\/jasmin-ibrahimovic-wieder-zurueck-beim-ahrweiler-bc\/","title":{"rendered":"++JASMIN IBRAHIMOVIC WIEDER ZUR\u00dcCK BEIM AHRWEILER BC++"},"content":{"rendered":"<p>Beim Oberligisten aus dem Ahrtal stellt man das Trainerteam breiter auf. Jasmin Ibrahimovic, von 2014 bis 2020 beim Ahrweiler BC als Chefcoach, Assistenz-, Torwart- und Jugendtrainer aktiv, kehrt wieder an seine alte Wirkungsst\u00e4tte zur\u00fcck. Der 52-j\u00e4hrige war in der letzten Saison als Torwarttrainer beim Kreisliga A-Meister SC Fortuna Bonn t\u00e4tig und wird bei den Kreisst\u00e4dtern, anders als zuvor, bei keiner Mannschaft fest im Trainerstab stehen. Er steht nach Bedarf der 1. Mannschaft, der U23 sowie den A-Junioren als Torwarttrainer und Individualtrainer -etwa im Rahmen individuellerer Trainingseinheiten bei Rekonvaleszenten- zur Verf\u00fcgung. \u201eWir freuen uns, dass \u201eJasko\u201c wieder an Bord ist und uns mit seiner Kompetenz im Leistungsbereich der Senioren und der A-Junioren fortan bereichert\u201c, erkl\u00e4rt der Abteilungsleiter der Senioren, Gianfranco Di Francesco.<\/p>","protected":false},"excerpt":{"rendered":"<p>Beim Oberligisten aus dem Ahrtal stellt man das Trainerteam breiter auf. Jasmin Ibrahimovic, von 2014 bis 2020 beim Ahrweiler BC als Chefcoach, Assistenz-, Torwart- und Jugendtrainer aktiv, kehrt wieder an seine alte Wirkungsst\u00e4tte zur\u00fcck. Der 52-j\u00e4hrige war in der letzten Saison als Torwarttrainer beim Kreisliga A-Meister SC Fortuna Bonn t\u00e4tig und wird bei den Kreisst\u00e4dtern, [&hellip;]<\/p>","protected":false},"author":2,"featured_media":16970,"comment_status":"closed","ping_status":"open","sticky":false,"template":"","format":"standard","meta":{"footnotes":""},"categories":[18],"tags":[],"class_list":["post-16969","post","type-post","status-publish","format-standard","has-post-thumbnail","hentry","category-allgemein"],"yoast_head":"<!-- This site is optimized with the Yoast SEO plugin v26.1.1 - https:\/\/yoast.com\/wordpress\/plugins\/seo\/ -->\n<title>++JASMIN IBRAHIMOVIC WIEDER ZUR\u00dcCK BEIM AHRWEILER BC++ - Ahrweiler BC<\/title>\n<meta name=\"robots\" content=\"index, follow, max-snippet:-1, max-image-preview:large, max-video-preview:-1\" \/>\n<link rel=\"canonical\" href=\"https:\/\/new.ahrweilerbc.de\/en\/uncategorized\/jasmin-ibrahimovic-wieder-zurueck-beim-ahrweiler-bc\/\" \/>\n<meta property=\"og:locale\" content=\"en_US\" \/>\n<meta property=\"og:type\" content=\"article\" \/>\n<meta property=\"og:title\" content=\"++JASMIN IBRAHIMOVIC WIEDER ZUR\u00dcCK BEIM AHRWEILER BC++ - Ahrweiler BC\" \/>\n<meta property=\"og:description\" content=\"Beim Oberligisten aus dem Ahrtal stellt man das Trainerteam breiter auf. Jasmin Ibrahimovic, von 2014 bis 2020 beim Ahrweiler BC als Chefcoach, Assistenz-, Torwart- und Jugendtrainer aktiv, kehrt wieder an seine alte Wirkungsst\u00e4tte zur\u00fcck. Der 52-j\u00e4hrige war in der letzten Saison als Torwarttrainer beim Kreisliga A-Meister SC Fortuna Bonn t\u00e4tig und wird bei den Kreisst\u00e4dtern, [&hellip;]\" \/>\n<meta property=\"og:url\" content=\"https:\/\/new.ahrweilerbc.de\/en\/uncategorized\/jasmin-ibrahimovic-wieder-zurueck-beim-ahrweiler-bc\/\" \/>\n<meta property=\"og:site_name\" content=\"Ahrweiler BC\" \/>\n<meta property=\"article:published_time\" content=\"2022-07-01T13:20:57+00:00\" \/>\n<meta name=\"author\" content=\"Martin Brand\" \/>\n<meta name=\"twitter:card\" content=\"summary_large_image\" \/>\n<meta name=\"twitter:label1\" content=\"Written by\" \/>\n\t<meta name=\"twitter:data1\" content=\"Martin Brand\" \/>\n\t<meta name=\"twitter:label2\" content=\"Est. reading time\" \/>\n\t<meta name=\"twitter:data2\" content=\"1 minute\" \/>\n<script type=\"application\/ld+json\" class=\"yoast-schema-graph\">{\"@context\":\"https:\/\/schema.org\",\"@graph\":[{\"@type\":\"Article\",\"@id\":\"https:\/\/new.ahrweilerbc.de\/uncategorized\/jasmin-ibrahimovic-wieder-zurueck-beim-ahrweiler-bc\/#article\",\"isPartOf\":{\"@id\":\"https:\/\/new.ahrweilerbc.de\/uncategorized\/jasmin-ibrahimovic-wieder-zurueck-beim-ahrweiler-bc\/\"},\"author\":{\"name\":\"Martin Brand\",\"@id\":\"https:\/\/new.ahrweilerbc.de\/#\/schema\/person\/bdbb38d43a0d63b77e7ecb3c6afc8f0e\"},\"headline\":\"++JASMIN IBRAHIMOVIC WIEDER ZUR\u00dcCK BEIM AHRWEILER BC++\",\"datePublished\":\"2022-07-01T13:20:57+00:00\",\"mainEntityOfPage\":{\"@id\":\"https:\/\/new.ahrweilerbc.de\/uncategorized\/jasmin-ibrahimovic-wieder-zurueck-beim-ahrweiler-bc\/\"},\"wordCount\":133,\"publisher\":{\"@id\":\"https:\/\/new.ahrweilerbc.de\/#organization\"},\"image\":{\"@id\":\"https:\/\/new.ahrweilerbc.de\/uncategorized\/jasmin-ibrahimovic-wieder-zurueck-beim-ahrweiler-bc\/#primaryimage\"},\"thumbnailUrl\":\"https:\/\/new.ahrweilerbc.de\/wp-content\/uploads\/2022\/07\/FullSizeRender_4-scaled-1.jpg\",\"articleSection\":[\"Allgemein\"],\"inLanguage\":\"en-US\"},{\"@type\":\"WebPage\",\"@id\":\"https:\/\/new.ahrweilerbc.de\/uncategorized\/jasmin-ibrahimovic-wieder-zurueck-beim-ahrweiler-bc\/\",\"url\":\"https:\/\/new.ahrweilerbc.de\/uncategorized\/jasmin-ibrahimovic-wieder-zurueck-beim-ahrweiler-bc\/\",\"name\":\"++JASMIN IBRAHIMOVIC WIEDER ZUR\u00dcCK BEIM AHRWEILER BC++ - Ahrweiler BC\",\"isPartOf\":{\"@id\":\"https:\/\/new.ahrweilerbc.de\/#website\"},\"primaryImageOfPage\":{\"@id\":\"https:\/\/new.ahrweilerbc.de\/uncategorized\/jasmin-ibrahimovic-wieder-zurueck-beim-ahrweiler-bc\/#primaryimage\"},\"image\":{\"@id\":\"https:\/\/new.ahrweilerbc.de\/uncategorized\/jasmin-ibrahimovic-wieder-zurueck-beim-ahrweiler-bc\/#primaryimage\"},\"thumbnailUrl\":\"https:\/\/new.ahrweilerbc.de\/wp-content\/uploads\/2022\/07\/FullSizeRender_4-scaled-1.jpg\",\"datePublished\":\"2022-07-01T13:20:57+00:00\",\"breadcrumb\":{\"@id\":\"https:\/\/new.ahrweilerbc.de\/uncategorized\/jasmin-ibrahimovic-wieder-zurueck-beim-ahrweiler-bc\/#breadcrumb\"},\"inLanguage\":\"en-US\",\"potentialAction\":[{\"@type\":\"ReadAction\",\"target\":[\"https:\/\/new.ahrweilerbc.de\/uncategorized\/jasmin-ibrahimovic-wieder-zurueck-beim-ahrweiler-bc\/\"]}]},{\"@type\":\"ImageObject\",\"inLanguage\":\"en-US\",\"@id\":\"https:\/\/new.ahrweilerbc.de\/uncategorized\/jasmin-ibrahimovic-wieder-zurueck-beim-ahrweiler-bc\/#primaryimage\",\"url\":\"https:\/\/new.ahrweilerbc.de\/wp-content\/uploads\/2022\/07\/FullSizeRender_4-scaled-1.jpg\",\"contentUrl\":\"https:\/\/new.ahrweilerbc.de\/wp-content\/uploads\/2022\/07\/FullSizeRender_4-scaled-1.jpg\",\"width\":2560,\"height\":1621},{\"@type\":\"BreadcrumbList\",\"@id\":\"https:\/\/new.ahrweilerbc.de\/uncategorized\/jasmin-ibrahimovic-wieder-zurueck-beim-ahrweiler-bc\/#breadcrumb\",\"itemListElement\":[{\"@type\":\"ListItem\",\"position\":1,\"name\":\"Startseite\",\"item\":\"https:\/\/new.ahrweilerbc.de\/\"},{\"@type\":\"ListItem\",\"position\":2,\"name\":\"++JASMIN IBRAHIMOVIC WIEDER ZUR\u00dcCK BEIM AHRWEILER BC++\"}]},{\"@type\":\"WebSite\",\"@id\":\"https:\/\/new.ahrweilerbc.de\/#website\",\"url\":\"https:\/\/new.ahrweilerbc.de\/\",\"name\":\"Ahrweiler BC\",\"description\":\"\",\"publisher\":{\"@id\":\"https:\/\/new.ahrweilerbc.de\/#organization\"},\"potentialAction\":[{\"@type\":\"SearchAction\",\"target\":{\"@type\":\"EntryPoint\",\"urlTemplate\":\"https:\/\/new.ahrweilerbc.de\/?s={search_term_string}\"},\"query-input\":{\"@type\":\"PropertyValueSpecification\",\"valueRequired\":true,\"valueName\":\"search_term_string\"}}],\"inLanguage\":\"en-US\"},{\"@type\":\"Organization\",\"@id\":\"https:\/\/new.ahrweilerbc.de\/#organization\",\"name\":\"Ahrweiler BC\",\"url\":\"https:\/\/new.ahrweilerbc.de\/\",\"logo\":{\"@type\":\"ImageObject\",\"inLanguage\":\"en-US\",\"@id\":\"https:\/\/new.ahrweilerbc.de\/#\/schema\/logo\/image\/\",\"url\":\"https:\/\/new.ahrweilerbc.de\/wp-content\/uploads\/2025\/10\/download.svg\",\"contentUrl\":\"https:\/\/new.ahrweilerbc.de\/wp-content\/uploads\/2025\/10\/download.svg\",\"width\":960,\"height\":960,\"caption\":\"Ahrweiler BC\"},\"image\":{\"@id\":\"https:\/\/new.ahrweilerbc.de\/#\/schema\/logo\/image\/\"}},{\"@type\":\"Person\",\"@id\":\"https:\/\/new.ahrweilerbc.de\/#\/schema\/person\/bdbb38d43a0d63b77e7ecb3c6afc8f0e\",\"name\":\"Martin Brand\",\"image\":{\"@type\":\"ImageObject\",\"inLanguage\":\"en-US\",\"@id\":\"https:\/\/new.ahrweilerbc.de\/#\/schema\/person\/image\/\",\"url\":\"https:\/\/secure.gravatar.com\/avatar\/?s=96&d=mm&r=g\",\"contentUrl\":\"https:\/\/secure.gravatar.com\/avatar\/?s=96&d=mm&r=g\",\"caption\":\"Martin Brand\"},\"url\":\"https:\/\/new.ahrweilerbc.de\/en\/author\/martin-brand\/\"}]}<\/script>\n<!-- \/ Yoast SEO plugin. -->","yoast_head_json":{"title":"++JASMIN IBRAHIMOVIC WIEDER ZUR\u00dcCK BEIM AHRWEILER BC++ - Ahrweiler BC","robots":{"index":"index","follow":"follow","max-snippet":"max-snippet:-1","max-image-preview":"max-image-preview:large","max-video-preview":"max-video-preview:-1"},"canonical":"https:\/\/new.ahrweilerbc.de\/en\/uncategorized\/jasmin-ibrahimovic-wieder-zurueck-beim-ahrweiler-bc\/","og_locale":"en_US","og_type":"article","og_title":"++JASMIN IBRAHIMOVIC WIEDER ZUR\u00dcCK BEIM AHRWEILER BC++ - Ahrweiler BC","og_description":"Beim Oberligisten aus dem Ahrtal stellt man das Trainerteam breiter auf. Jasmin Ibrahimovic, von 2014 bis 2020 beim Ahrweiler BC als Chefcoach, Assistenz-, Torwart- und Jugendtrainer aktiv, kehrt wieder an seine alte Wirkungsst\u00e4tte zur\u00fcck. Der 52-j\u00e4hrige war in der letzten Saison als Torwarttrainer beim Kreisliga A-Meister SC Fortuna Bonn t\u00e4tig und wird bei den Kreisst\u00e4dtern, [&hellip;]","og_url":"https:\/\/new.ahrweilerbc.de\/en\/uncategorized\/jasmin-ibrahimovic-wieder-zurueck-beim-ahrweiler-bc\/","og_site_name":"Ahrweiler BC","article_published_time":"2022-07-01T13:20:57+00:00","author":"Martin Brand","twitter_card":"summary_large_image","twitter_misc":{"Written by":"Martin Brand","Est. reading time":"1 minute"},"schema":{"@context":"https:\/\/schema.org","@graph":[{"@type":"Article","@id":"https:\/\/new.ahrweilerbc.de\/uncategorized\/jasmin-ibrahimovic-wieder-zurueck-beim-ahrweiler-bc\/#article","isPartOf":{"@id":"https:\/\/new.ahrweilerbc.de\/uncategorized\/jasmin-ibrahimovic-wieder-zurueck-beim-ahrweiler-bc\/"},"author":{"name":"Martin Brand","@id":"https:\/\/new.ahrweilerbc.de\/#\/schema\/person\/bdbb38d43a0d63b77e7ecb3c6afc8f0e"},"headline":"++JASMIN IBRAHIMOVIC WIEDER ZUR\u00dcCK BEIM AHRWEILER BC++","datePublished":"2022-07-01T13:20:57+00:00","mainEntityOfPage":{"@id":"https:\/\/new.ahrweilerbc.de\/uncategorized\/jasmin-ibrahimovic-wieder-zurueck-beim-ahrweiler-bc\/"},"wordCount":133,"publisher":{"@id":"https:\/\/new.ahrweilerbc.de\/#organization"},"image":{"@id":"https:\/\/new.ahrweilerbc.de\/uncategorized\/jasmin-ibrahimovic-wieder-zurueck-beim-ahrweiler-bc\/#primaryimage"},"thumbnailUrl":"https:\/\/new.ahrweilerbc.de\/wp-content\/uploads\/2022\/07\/FullSizeRender_4-scaled-1.jpg","articleSection":["Allgemein"],"inLanguage":"en-US"},{"@type":"WebPage","@id":"https:\/\/new.ahrweilerbc.de\/uncategorized\/jasmin-ibrahimovic-wieder-zurueck-beim-ahrweiler-bc\/","url":"https:\/\/new.ahrweilerbc.de\/uncategorized\/jasmin-ibrahimovic-wieder-zurueck-beim-ahrweiler-bc\/","name":"++JASMIN IBRAHIMOVIC WIEDER ZUR\u00dcCK BEIM AHRWEILER BC++ - Ahrweiler BC","isPartOf":{"@id":"https:\/\/new.ahrweilerbc.de\/#website"},"primaryImageOfPage":{"@id":"https:\/\/new.ahrweilerbc.de\/uncategorized\/jasmin-ibrahimovic-wieder-zurueck-beim-ahrweiler-bc\/#primaryimage"},"image":{"@id":"https:\/\/new.ahrweilerbc.de\/uncategorized\/jasmin-ibrahimovic-wieder-zurueck-beim-ahrweiler-bc\/#primaryimage"},"thumbnailUrl":"https:\/\/new.ahrweilerbc.de\/wp-content\/uploads\/2022\/07\/FullSizeRender_4-scaled-1.jpg","datePublished":"2022-07-01T13:20:57+00:00","breadcrumb":{"@id":"https:\/\/new.ahrweilerbc.de\/uncategorized\/jasmin-ibrahimovic-wieder-zurueck-beim-ahrweiler-bc\/#breadcrumb"},"inLanguage":"en-US","potentialAction":[{"@type":"ReadAction","target":["https:\/\/new.ahrweilerbc.de\/uncategorized\/jasmin-ibrahimovic-wieder-zurueck-beim-ahrweiler-bc\/"]}]},{"@type":"ImageObject","inLanguage":"en-US","@id":"https:\/\/new.ahrweilerbc.de\/uncategorized\/jasmin-ibrahimovic-wieder-zurueck-beim-ahrweiler-bc\/#primaryimage","url":"https:\/\/new.ahrweilerbc.de\/wp-content\/uploads\/2022\/07\/FullSizeRender_4-scaled-1.jpg","contentUrl":"https:\/\/new.ahrweilerbc.de\/wp-content\/uploads\/2022\/07\/FullSizeRender_4-scaled-1.jpg","width":2560,"height":1621},{"@type":"BreadcrumbList","@id":"https:\/\/new.ahrweilerbc.de\/uncategorized\/jasmin-ibrahimovic-wieder-zurueck-beim-ahrweiler-bc\/#breadcrumb","itemListElement":[{"@type":"ListItem","position":1,"name":"Startseite","item":"https:\/\/new.ahrweilerbc.de\/"},{"@type":"ListItem","position":2,"name":"++JASMIN IBRAHIMOVIC WIEDER ZUR\u00dcCK BEIM AHRWEILER BC++"}]},{"@type":"WebSite","@id":"https:\/\/new.ahrweilerbc.de\/#website","url":"https:\/\/new.ahrweilerbc.de\/","name":"Ahrweiler BC","description":"","publisher":{"@id":"https:\/\/new.ahrweilerbc.de\/#organization"},"potentialAction":[{"@type":"SearchAction","target":{"@type":"EntryPoint","urlTemplate":"https:\/\/new.ahrweilerbc.de\/?s={search_term_string}"},"query-input":{"@type":"PropertyValueSpecification","valueRequired":true,"valueName":"search_term_string"}}],"inLanguage":"en-US"},{"@type":"Organization","@id":"https:\/\/new.ahrweilerbc.de\/#organization","name":"Ahrweiler BC","url":"https:\/\/new.ahrweilerbc.de\/","logo":{"@type":"ImageObject","inLanguage":"en-US","@id":"https:\/\/new.ahrweilerbc.de\/#\/schema\/logo\/image\/","url":"https:\/\/new.ahrweilerbc.de\/wp-content\/uploads\/2025\/10\/download.svg","contentUrl":"https:\/\/new.ahrweilerbc.de\/wp-content\/uploads\/2025\/10\/download.svg","width":960,"height":960,"caption":"Ahrweiler BC"},"image":{"@id":"https:\/\/new.ahrweilerbc.de\/#\/schema\/logo\/image\/"}},{"@type":"Person","@id":"https:\/\/new.ahrweilerbc.de\/#\/schema\/person\/bdbb38d43a0d63b77e7ecb3c6afc8f0e","name":"Martin Brand","image":{"@type":"ImageObject","inLanguage":"en-US","@id":"https:\/\/new.ahrweilerbc.de\/#\/schema\/person\/image\/","url":"https:\/\/secure.gravatar.com\/avatar\/?s=96&d=mm&r=g","contentUrl":"https:\/\/secure.gravatar.com\/avatar\/?s=96&d=mm&r=g","caption":"Martin Brand"},"url":"https:\/\/new.ahrweilerbc.de\/en\/author\/martin-brand\/"}]}},"_links":{"self":[{"href":"https:\/\/new.ahrweilerbc.de\/en\/wp-json\/wp\/v2\/posts\/16969","targetHints":{"allow":["GET"]}}],"collection":[{"href":"https:\/\/new.ahrweilerbc.de\/en\/wp-json\/wp\/v2\/posts"}],"about":[{"href":"https:\/\/new.ahrweilerbc.de\/en\/wp-json\/wp\/v2\/types\/post"}],"author":[{"embeddable":true,"href":"https:\/\/new.ahrweilerbc.de\/en\/wp-json\/wp\/v2\/users\/2"}],"replies":[{"embeddable":true,"href":"https:\/\/new.ahrweilerbc.de\/en\/wp-json\/wp\/v2\/comments?post=16969"}],"version-history":[{"count":0,"href":"https:\/\/new.ahrweilerbc.de\/en\/wp-json\/wp\/v2\/posts\/16969\/revisions"}],"wp:featuredmedia":[{"embeddable":true,"href":"https:\/\/new.ahrweilerbc.de\/en\/wp-json\/wp\/v2\/media\/16970"}],"wp:attachment":[{"href":"https:\/\/new.ahrweilerbc.de\/en\/wp-json\/wp\/v2\/media?parent=16969"}],"wp:term":[{"taxonomy":"category","embeddable":true,"href":"https:\/\/new.ahrweilerbc.de\/en\/wp-json\/wp\/v2\/categories?post=16969"},{"taxonomy":"post_tag","embeddable":true,"href":"https:\/\/new.ahrweilerbc.de\/en\/wp-json\/wp\/v2\/tags?post=16969"}],"curies":[{"name":"wp","href":"https:\/\/api.w.org\/{rel}","templated":true}]}}