{"id":17181,"date":"2022-07-27T16:00:54","date_gmt":"2022-07-27T14:00:54","guid":{"rendered":"https:\/\/ahrweilerbc.com\/?p=17181"},"modified":"2022-07-27T16:00:54","modified_gmt":"2022-07-27T14:00:54","slug":"fiege-fussball-ferien-freizeit-laeuft","status":"publish","type":"post","link":"https:\/\/new.ahrweilerbc.de\/en\/allgemein\/fiege-fussball-ferien-freizeit-laeuft\/","title":{"rendered":"++FIEGE-FUSSBALL-FERIEN-FREIZEIT L\u00c4UFT++"},"content":{"rendered":"<p>Bei sommerlichen Temperaturen startete am Montag die erste von zwei Fiege-Fu\u00dfballferienfreizeiten in diesen Sommerferien. \u00a048 Kids aus insgesamt acht Vereinen der n\u00e4heren Umgebung im Alter von 6-14 absolvierten unter Anleitung der langj\u00e4hrigen Leiterin Katharina Sternitzke und ihrem Trainerteam die ersten \u00dcbungen auf dem Gel\u00e4nde des Apollinarisstadions. Mit vollem Trainingsprogramm geht es weiter bis zum Donnerstag, wo die erste FFFF der aktuellen Sommerferien endet. Die zweite FFFF findet vom 22.-25.08.2022\u00a0statt. Anmeldung unter: https:\/\/new.ahrweilerbc.de\/anmeldung-ferienfreizeit\/<\/p>\n<p>Wir bedanken uns ganz besonders bei der Hilfsorganisation und Wohlfahrtsverband Arbeiter-Samariter-Bund Deutschland e.V. sowie AHRche e.V. f\u00fcr die Unterst\u00fctzung bei dieser Fu\u00dfballferienfreizeit.<\/p>\n<p>\u00a0<\/p>","protected":false},"excerpt":{"rendered":"<p>Bei sommerlichen Temperaturen startete am Montag die erste von zwei Fiege-Fu\u00dfballferienfreizeiten in diesen Sommerferien. \u00a048 Kids aus insgesamt acht Vereinen der n\u00e4heren Umgebung im Alter von 6-14 absolvierten unter Anleitung der langj\u00e4hrigen Leiterin Katharina Sternitzke und ihrem Trainerteam die ersten \u00dcbungen auf dem Gel\u00e4nde des Apollinarisstadions. Mit vollem Trainingsprogramm geht es weiter bis zum Donnerstag, [&hellip;]<\/p>","protected":false},"author":2,"featured_media":17182,"comment_status":"closed","ping_status":"open","sticky":false,"template":"","format":"standard","meta":{"footnotes":""},"categories":[18],"tags":[],"class_list":["post-17181","post","type-post","status-publish","format-standard","has-post-thumbnail","hentry","category-allgemein"],"yoast_head":"<!-- This site is optimized with the Yoast SEO plugin v26.1.1 - https:\/\/yoast.com\/wordpress\/plugins\/seo\/ -->\n<title>++FIEGE-FUSSBALL-FERIEN-FREIZEIT L\u00c4UFT++ - Ahrweiler BC<\/title>\n<meta name=\"robots\" content=\"index, follow, max-snippet:-1, max-image-preview:large, max-video-preview:-1\" \/>\n<link rel=\"canonical\" href=\"https:\/\/new.ahrweilerbc.de\/en\/uncategorized\/fiege-fussball-ferien-freizeit-laeuft\/\" \/>\n<meta property=\"og:locale\" content=\"en_US\" \/>\n<meta property=\"og:type\" content=\"article\" \/>\n<meta property=\"og:title\" content=\"++FIEGE-FUSSBALL-FERIEN-FREIZEIT L\u00c4UFT++ - Ahrweiler BC\" \/>\n<meta property=\"og:description\" content=\"Bei sommerlichen Temperaturen startete am Montag die erste von zwei Fiege-Fu\u00dfballferienfreizeiten in diesen Sommerferien. \u00a048 Kids aus insgesamt acht Vereinen der n\u00e4heren Umgebung im Alter von 6-14 absolvierten unter Anleitung der langj\u00e4hrigen Leiterin Katharina Sternitzke und ihrem Trainerteam die ersten \u00dcbungen auf dem Gel\u00e4nde des Apollinarisstadions. Mit vollem Trainingsprogramm geht es weiter bis zum Donnerstag, [&hellip;]\" \/>\n<meta property=\"og:url\" content=\"https:\/\/new.ahrweilerbc.de\/en\/uncategorized\/fiege-fussball-ferien-freizeit-laeuft\/\" \/>\n<meta property=\"og:site_name\" content=\"Ahrweiler BC\" \/>\n<meta property=\"article:published_time\" content=\"2022-07-27T14:00:54+00:00\" \/>\n<meta name=\"author\" content=\"Martin Brand\" \/>\n<meta name=\"twitter:card\" content=\"summary_large_image\" \/>\n<meta name=\"twitter:label1\" content=\"Written by\" \/>\n\t<meta name=\"twitter:data1\" content=\"Martin Brand\" \/>\n\t<meta name=\"twitter:label2\" content=\"Est. reading time\" \/>\n\t<meta name=\"twitter:data2\" content=\"1 minute\" \/>\n<script type=\"application\/ld+json\" class=\"yoast-schema-graph\">{\"@context\":\"https:\/\/schema.org\",\"@graph\":[{\"@type\":\"Article\",\"@id\":\"https:\/\/new.ahrweilerbc.de\/uncategorized\/fiege-fussball-ferien-freizeit-laeuft\/#article\",\"isPartOf\":{\"@id\":\"https:\/\/new.ahrweilerbc.de\/uncategorized\/fiege-fussball-ferien-freizeit-laeuft\/\"},\"author\":{\"name\":\"Martin Brand\",\"@id\":\"https:\/\/new.ahrweilerbc.de\/#\/schema\/person\/bdbb38d43a0d63b77e7ecb3c6afc8f0e\"},\"headline\":\"++FIEGE-FUSSBALL-FERIEN-FREIZEIT L\u00c4UFT++\",\"datePublished\":\"2022-07-27T14:00:54+00:00\",\"mainEntityOfPage\":{\"@id\":\"https:\/\/new.ahrweilerbc.de\/uncategorized\/fiege-fussball-ferien-freizeit-laeuft\/\"},\"wordCount\":110,\"publisher\":{\"@id\":\"https:\/\/new.ahrweilerbc.de\/#organization\"},\"image\":{\"@id\":\"https:\/\/new.ahrweilerbc.de\/uncategorized\/fiege-fussball-ferien-freizeit-laeuft\/#primaryimage\"},\"thumbnailUrl\":\"https:\/\/new.ahrweilerbc.de\/wp-content\/uploads\/2022\/07\/IMG_0141-scaled-1.jpg\",\"articleSection\":[\"Allgemein\"],\"inLanguage\":\"en-US\"},{\"@type\":\"WebPage\",\"@id\":\"https:\/\/new.ahrweilerbc.de\/uncategorized\/fiege-fussball-ferien-freizeit-laeuft\/\",\"url\":\"https:\/\/new.ahrweilerbc.de\/uncategorized\/fiege-fussball-ferien-freizeit-laeuft\/\",\"name\":\"++FIEGE-FUSSBALL-FERIEN-FREIZEIT L\u00c4UFT++ - Ahrweiler BC\",\"isPartOf\":{\"@id\":\"https:\/\/new.ahrweilerbc.de\/#website\"},\"primaryImageOfPage\":{\"@id\":\"https:\/\/new.ahrweilerbc.de\/uncategorized\/fiege-fussball-ferien-freizeit-laeuft\/#primaryimage\"},\"image\":{\"@id\":\"https:\/\/new.ahrweilerbc.de\/uncategorized\/fiege-fussball-ferien-freizeit-laeuft\/#primaryimage\"},\"thumbnailUrl\":\"https:\/\/new.ahrweilerbc.de\/wp-content\/uploads\/2022\/07\/IMG_0141-scaled-1.jpg\",\"datePublished\":\"2022-07-27T14:00:54+00:00\",\"breadcrumb\":{\"@id\":\"https:\/\/new.ahrweilerbc.de\/uncategorized\/fiege-fussball-ferien-freizeit-laeuft\/#breadcrumb\"},\"inLanguage\":\"en-US\",\"potentialAction\":[{\"@type\":\"ReadAction\",\"target\":[\"https:\/\/new.ahrweilerbc.de\/uncategorized\/fiege-fussball-ferien-freizeit-laeuft\/\"]}]},{\"@type\":\"ImageObject\",\"inLanguage\":\"en-US\",\"@id\":\"https:\/\/new.ahrweilerbc.de\/uncategorized\/fiege-fussball-ferien-freizeit-laeuft\/#primaryimage\",\"url\":\"https:\/\/new.ahrweilerbc.de\/wp-content\/uploads\/2022\/07\/IMG_0141-scaled-1.jpg\",\"contentUrl\":\"https:\/\/new.ahrweilerbc.de\/wp-content\/uploads\/2022\/07\/IMG_0141-scaled-1.jpg\",\"width\":2560,\"height\":1707},{\"@type\":\"BreadcrumbList\",\"@id\":\"https:\/\/new.ahrweilerbc.de\/uncategorized\/fiege-fussball-ferien-freizeit-laeuft\/#breadcrumb\",\"itemListElement\":[{\"@type\":\"ListItem\",\"position\":1,\"name\":\"Startseite\",\"item\":\"https:\/\/new.ahrweilerbc.de\/\"},{\"@type\":\"ListItem\",\"position\":2,\"name\":\"++FIEGE-FUSSBALL-FERIEN-FREIZEIT L\u00c4UFT++\"}]},{\"@type\":\"WebSite\",\"@id\":\"https:\/\/new.ahrweilerbc.de\/#website\",\"url\":\"https:\/\/new.ahrweilerbc.de\/\",\"name\":\"Ahrweiler BC\",\"description\":\"\",\"publisher\":{\"@id\":\"https:\/\/new.ahrweilerbc.de\/#organization\"},\"potentialAction\":[{\"@type\":\"SearchAction\",\"target\":{\"@type\":\"EntryPoint\",\"urlTemplate\":\"https:\/\/new.ahrweilerbc.de\/?s={search_term_string}\"},\"query-input\":{\"@type\":\"PropertyValueSpecification\",\"valueRequired\":true,\"valueName\":\"search_term_string\"}}],\"inLanguage\":\"en-US\"},{\"@type\":\"Organization\",\"@id\":\"https:\/\/new.ahrweilerbc.de\/#organization\",\"name\":\"Ahrweiler BC\",\"url\":\"https:\/\/new.ahrweilerbc.de\/\",\"logo\":{\"@type\":\"ImageObject\",\"inLanguage\":\"en-US\",\"@id\":\"https:\/\/new.ahrweilerbc.de\/#\/schema\/logo\/image\/\",\"url\":\"https:\/\/new.ahrweilerbc.de\/wp-content\/uploads\/2025\/10\/download.svg\",\"contentUrl\":\"https:\/\/new.ahrweilerbc.de\/wp-content\/uploads\/2025\/10\/download.svg\",\"width\":960,\"height\":960,\"caption\":\"Ahrweiler BC\"},\"image\":{\"@id\":\"https:\/\/new.ahrweilerbc.de\/#\/schema\/logo\/image\/\"}},{\"@type\":\"Person\",\"@id\":\"https:\/\/new.ahrweilerbc.de\/#\/schema\/person\/bdbb38d43a0d63b77e7ecb3c6afc8f0e\",\"name\":\"Martin Brand\",\"image\":{\"@type\":\"ImageObject\",\"inLanguage\":\"en-US\",\"@id\":\"https:\/\/new.ahrweilerbc.de\/#\/schema\/person\/image\/\",\"url\":\"https:\/\/secure.gravatar.com\/avatar\/?s=96&d=mm&r=g\",\"contentUrl\":\"https:\/\/secure.gravatar.com\/avatar\/?s=96&d=mm&r=g\",\"caption\":\"Martin Brand\"},\"url\":\"https:\/\/new.ahrweilerbc.de\/en\/author\/martin-brand\/\"}]}<\/script>\n<!-- \/ Yoast SEO plugin. -->","yoast_head_json":{"title":"++FIEGE-FUSSBALL-FERIEN-FREIZEIT L\u00c4UFT++ - Ahrweiler BC","robots":{"index":"index","follow":"follow","max-snippet":"max-snippet:-1","max-image-preview":"max-image-preview:large","max-video-preview":"max-video-preview:-1"},"canonical":"https:\/\/new.ahrweilerbc.de\/en\/uncategorized\/fiege-fussball-ferien-freizeit-laeuft\/","og_locale":"en_US","og_type":"article","og_title":"++FIEGE-FUSSBALL-FERIEN-FREIZEIT L\u00c4UFT++ - Ahrweiler BC","og_description":"Bei sommerlichen Temperaturen startete am Montag die erste von zwei Fiege-Fu\u00dfballferienfreizeiten in diesen Sommerferien. \u00a048 Kids aus insgesamt acht Vereinen der n\u00e4heren Umgebung im Alter von 6-14 absolvierten unter Anleitung der langj\u00e4hrigen Leiterin Katharina Sternitzke und ihrem Trainerteam die ersten \u00dcbungen auf dem Gel\u00e4nde des Apollinarisstadions. Mit vollem Trainingsprogramm geht es weiter bis zum Donnerstag, [&hellip;]","og_url":"https:\/\/new.ahrweilerbc.de\/en\/uncategorized\/fiege-fussball-ferien-freizeit-laeuft\/","og_site_name":"Ahrweiler BC","article_published_time":"2022-07-27T14:00:54+00:00","author":"Martin Brand","twitter_card":"summary_large_image","twitter_misc":{"Written by":"Martin Brand","Est. reading time":"1 minute"},"schema":{"@context":"https:\/\/schema.org","@graph":[{"@type":"Article","@id":"https:\/\/new.ahrweilerbc.de\/uncategorized\/fiege-fussball-ferien-freizeit-laeuft\/#article","isPartOf":{"@id":"https:\/\/new.ahrweilerbc.de\/uncategorized\/fiege-fussball-ferien-freizeit-laeuft\/"},"author":{"name":"Martin Brand","@id":"https:\/\/new.ahrweilerbc.de\/#\/schema\/person\/bdbb38d43a0d63b77e7ecb3c6afc8f0e"},"headline":"++FIEGE-FUSSBALL-FERIEN-FREIZEIT L\u00c4UFT++","datePublished":"2022-07-27T14:00:54+00:00","mainEntityOfPage":{"@id":"https:\/\/new.ahrweilerbc.de\/uncategorized\/fiege-fussball-ferien-freizeit-laeuft\/"},"wordCount":110,"publisher":{"@id":"https:\/\/new.ahrweilerbc.de\/#organization"},"image":{"@id":"https:\/\/new.ahrweilerbc.de\/uncategorized\/fiege-fussball-ferien-freizeit-laeuft\/#primaryimage"},"thumbnailUrl":"https:\/\/new.ahrweilerbc.de\/wp-content\/uploads\/2022\/07\/IMG_0141-scaled-1.jpg","articleSection":["Allgemein"],"inLanguage":"en-US"},{"@type":"WebPage","@id":"https:\/\/new.ahrweilerbc.de\/uncategorized\/fiege-fussball-ferien-freizeit-laeuft\/","url":"https:\/\/new.ahrweilerbc.de\/uncategorized\/fiege-fussball-ferien-freizeit-laeuft\/","name":"++FIEGE-FUSSBALL-FERIEN-FREIZEIT L\u00c4UFT++ - Ahrweiler BC","isPartOf":{"@id":"https:\/\/new.ahrweilerbc.de\/#website"},"primaryImageOfPage":{"@id":"https:\/\/new.ahrweilerbc.de\/uncategorized\/fiege-fussball-ferien-freizeit-laeuft\/#primaryimage"},"image":{"@id":"https:\/\/new.ahrweilerbc.de\/uncategorized\/fiege-fussball-ferien-freizeit-laeuft\/#primaryimage"},"thumbnailUrl":"https:\/\/new.ahrweilerbc.de\/wp-content\/uploads\/2022\/07\/IMG_0141-scaled-1.jpg","datePublished":"2022-07-27T14:00:54+00:00","breadcrumb":{"@id":"https:\/\/new.ahrweilerbc.de\/uncategorized\/fiege-fussball-ferien-freizeit-laeuft\/#breadcrumb"},"inLanguage":"en-US","potentialAction":[{"@type":"ReadAction","target":["https:\/\/new.ahrweilerbc.de\/uncategorized\/fiege-fussball-ferien-freizeit-laeuft\/"]}]},{"@type":"ImageObject","inLanguage":"en-US","@id":"https:\/\/new.ahrweilerbc.de\/uncategorized\/fiege-fussball-ferien-freizeit-laeuft\/#primaryimage","url":"https:\/\/new.ahrweilerbc.de\/wp-content\/uploads\/2022\/07\/IMG_0141-scaled-1.jpg","contentUrl":"https:\/\/new.ahrweilerbc.de\/wp-content\/uploads\/2022\/07\/IMG_0141-scaled-1.jpg","width":2560,"height":1707},{"@type":"BreadcrumbList","@id":"https:\/\/new.ahrweilerbc.de\/uncategorized\/fiege-fussball-ferien-freizeit-laeuft\/#breadcrumb","itemListElement":[{"@type":"ListItem","position":1,"name":"Startseite","item":"https:\/\/new.ahrweilerbc.de\/"},{"@type":"ListItem","position":2,"name":"++FIEGE-FUSSBALL-FERIEN-FREIZEIT L\u00c4UFT++"}]},{"@type":"WebSite","@id":"https:\/\/new.ahrweilerbc.de\/#website","url":"https:\/\/new.ahrweilerbc.de\/","name":"Ahrweiler BC","description":"","publisher":{"@id":"https:\/\/new.ahrweilerbc.de\/#organization"},"potentialAction":[{"@type":"SearchAction","target":{"@type":"EntryPoint","urlTemplate":"https:\/\/new.ahrweilerbc.de\/?s={search_term_string}"},"query-input":{"@type":"PropertyValueSpecification","valueRequired":true,"valueName":"search_term_string"}}],"inLanguage":"en-US"},{"@type":"Organization","@id":"https:\/\/new.ahrweilerbc.de\/#organization","name":"Ahrweiler BC","url":"https:\/\/new.ahrweilerbc.de\/","logo":{"@type":"ImageObject","inLanguage":"en-US","@id":"https:\/\/new.ahrweilerbc.de\/#\/schema\/logo\/image\/","url":"https:\/\/new.ahrweilerbc.de\/wp-content\/uploads\/2025\/10\/download.svg","contentUrl":"https:\/\/new.ahrweilerbc.de\/wp-content\/uploads\/2025\/10\/download.svg","width":960,"height":960,"caption":"Ahrweiler BC"},"image":{"@id":"https:\/\/new.ahrweilerbc.de\/#\/schema\/logo\/image\/"}},{"@type":"Person","@id":"https:\/\/new.ahrweilerbc.de\/#\/schema\/person\/bdbb38d43a0d63b77e7ecb3c6afc8f0e","name":"Martin Brand","image":{"@type":"ImageObject","inLanguage":"en-US","@id":"https:\/\/new.ahrweilerbc.de\/#\/schema\/person\/image\/","url":"https:\/\/secure.gravatar.com\/avatar\/?s=96&d=mm&r=g","contentUrl":"https:\/\/secure.gravatar.com\/avatar\/?s=96&d=mm&r=g","caption":"Martin Brand"},"url":"https:\/\/new.ahrweilerbc.de\/en\/author\/martin-brand\/"}]}},"_links":{"self":[{"href":"https:\/\/new.ahrweilerbc.de\/en\/wp-json\/wp\/v2\/posts\/17181","targetHints":{"allow":["GET"]}}],"collection":[{"href":"https:\/\/new.ahrweilerbc.de\/en\/wp-json\/wp\/v2\/posts"}],"about":[{"href":"https:\/\/new.ahrweilerbc.de\/en\/wp-json\/wp\/v2\/types\/post"}],"author":[{"embeddable":true,"href":"https:\/\/new.ahrweilerbc.de\/en\/wp-json\/wp\/v2\/users\/2"}],"replies":[{"embeddable":true,"href":"https:\/\/new.ahrweilerbc.de\/en\/wp-json\/wp\/v2\/comments?post=17181"}],"version-history":[{"count":0,"href":"https:\/\/new.ahrweilerbc.de\/en\/wp-json\/wp\/v2\/posts\/17181\/revisions"}],"wp:featuredmedia":[{"embeddable":true,"href":"https:\/\/new.ahrweilerbc.de\/en\/wp-json\/wp\/v2\/media\/17182"}],"wp:attachment":[{"href":"https:\/\/new.ahrweilerbc.de\/en\/wp-json\/wp\/v2\/media?parent=17181"}],"wp:term":[{"taxonomy":"category","embeddable":true,"href":"https:\/\/new.ahrweilerbc.de\/en\/wp-json\/wp\/v2\/categories?post=17181"},{"taxonomy":"post_tag","embeddable":true,"href":"https:\/\/new.ahrweilerbc.de\/en\/wp-json\/wp\/v2\/tags?post=17181"}],"curies":[{"name":"wp","href":"https:\/\/api.w.org\/{rel}","templated":true}]}}